{"id":63821,"date":"2010-11-05T00:01:00","date_gmt":"2010-11-04T23:01:00","guid":{"rendered":"http:\/\/www.editiondaslabor.de\/blog\/?p=63821"},"modified":"2021-10-25T14:26:32","modified_gmt":"2021-10-25T12:26:32","slug":"x-chen","status":"publish","type":"post","link":"http:\/\/www.editiondaslabor.de\/blog\/2010\/11\/05\/x-chen\/","title":{"rendered":"x-chen"},"content":{"rendered":"\r\n<p>&nbsp;<\/p>\r\n<p class=\"has-text-align-center\">noch im deckmantel<\/p>\r\n\r\n\r\n\r\n<p class=\"has-text-align-center\">unfertig regt sich<\/p>\r\n\r\n\r\n\r\n<p class=\"has-text-align-center\">wachstum<\/p>\r\n\r\n\r\n\r\n<p class=\"has-text-align-center\">flie\u00dfend sich faltet<\/p>\r\n\r\n\r\n\r\n<p class=\"has-text-align-center\">ein gang in gott<\/p>\r\n\r\n\r\n\r\n<p class=\"has-text-align-center\">zum fliegen bestimmt<\/p>\r\n\r\n\r\n\r\n<p class=\"has-text-align-center\">muss es seiner flugidee<\/p>\r\n\r\n\r\n\r\n<p class=\"has-text-align-center\">treu bleiben<\/p>\r\n\r\n\r\n\r\n<p class=\"has-large-font-size\">\u00a0<\/p>\r\n<p>&nbsp;<\/p>\r\n<p>&nbsp;<\/p>\r\n\r\n\r\n\r\n<p class=\"has-text-align-center\" style=\"text-align: center;\">***<\/p>\r\n\r\n\r\n\r\n<p style=\"text-align: justify;\"><em><strong>Klee compos\u00e9.<\/strong> Lyrik mit Paul Klee<\/em>, Gedichte von Joanna Lisiak. Littera Autoren Verlag, Z\u00fcrich 2010. <em>Galerie der Existenzen. <\/em><\/p>\r\n\r\n\r\n\r\n<div class=\"wp-block-image\" style=\"text-align: justify;\">\r\n<figure class=\"alignleft size-large is-resized\"><img loading=\"lazy\" decoding=\"async\" class=\"wp-image-63828\" src=\"http:\/\/www.editiondaslabor.de\/blog\/wp-content\/uploads\/2010\/05\/Klee_Cover.jpeg\" alt=\"\" width=\"190\" height=\"300\" srcset=\"http:\/\/www.editiondaslabor.de\/blog\/wp-content\/uploads\/2010\/05\/Klee_Cover.jpeg 379w, http:\/\/www.editiondaslabor.de\/blog\/wp-content\/uploads\/2010\/05\/Klee_Cover-190x300.jpeg 190w, http:\/\/www.editiondaslabor.de\/blog\/wp-content\/uploads\/2010\/05\/Klee_Cover-260x412.jpeg 260w, http:\/\/www.editiondaslabor.de\/blog\/wp-content\/uploads\/2010\/05\/Klee_Cover-160x253.jpeg 160w\" sizes=\"auto, (max-width: 190px) 100vw, 190px\" \/><\/figure>\r\n<\/div>\r\n\r\n\r\n\r\n<p style=\"text-align: justify;\">&#8222;Eine Linie nehmen und sie spazieren f\u00fchren&#8220;: Diesen Vorschlag des gro\u00dfen K\u00fcnstlers Paul Klee nimmt die Lyrikerin Joanna Lisiak im wahrsten Sinne w\u00f6rtlich: Sie komponiert Gedichte aus W\u00f6rtern, die Paul Klee in seinen Tageb\u00fcchern, Briefen und anderen Schriften benutzt hat. So entstanden sprachintensive und bildreiche Texte, die dazu einladen, die eigenen Gedanken, Assoziationen und Gef\u00fchle spazieren gehen zu lassen. &#8222;Der Humor von Paul Klee und von Joanna Lisiak geben sich ein Stelldichein.&#8220;<\/p>\r\n\r\n\r\n\r\n<p style=\"text-align: justify;\"><strong>Weiterf\u00fchrend \u2192<\/strong><\/p>\r\n\r\n\r\n\r\n<p style=\"text-align: justify;\">Lesen Sie auch das <a href=\"http:\/\/www.editiondaslabor.de\/blog\/?p=31414\">Portr\u00e4t<\/a> der Autorin und das <a href=\"http:\/\/www.editiondaslabor.de\/blog\/?p=30534\">Kollegengespr\u00e4ch<\/a> zwischen Sebastian Schmidt und Joanna Lisiak. KUNO verleiht der Autorin f\u00fcr das Projekt <em>Gedankenstriche<\/em> den Twitteraturpreis 2016. \u00dcber die Literaturgattung <em>Twitteratur<\/em> finden Sie <a href=\"http:\/\/www.editiondaslabor.de\/blog\/?p=22423\">hier<\/a> einen Essay.<\/p>\r\n","protected":false},"excerpt":{"rendered":"<p>&nbsp; noch im deckmantel unfertig regt sich wachstum flie\u00dfend sich faltet ein gang in gott zum fliegen bestimmt muss es seiner flugidee treu bleiben \u00a0 &nbsp; &nbsp; *** Klee compos\u00e9. Lyrik mit Paul Klee, Gedichte von Joanna Lisiak. Littera Autoren&hellip;<\/p>\n<p class=\"more-link-p\"><a class=\"more-link\" href=\"http:\/\/www.editiondaslabor.de\/blog\/2010\/11\/05\/x-chen\/\">Read more &rarr;<\/a><\/p>\n","protected":false},"author":149,"featured_media":63828,"comment_status":"closed","ping_status":"closed","sticky":false,"template":"","format":"standard","meta":{"footnotes":""},"categories":[1],"tags":[1803,921],"class_list":["post-63821","post","type-post","status-publish","format-standard","has-post-thumbnail","hentry","category-literatur","tag-joanna-lisiak","tag-paul-klee"],"_links":{"self":[{"href":"http:\/\/www.editiondaslabor.de\/blog\/wp-json\/wp\/v2\/posts\/63821","targetHints":{"allow":["GET"]}}],"collection":[{"href":"http:\/\/www.editiondaslabor.de\/blog\/wp-json\/wp\/v2\/posts"}],"about":[{"href":"http:\/\/www.editiondaslabor.de\/blog\/wp-json\/wp\/v2\/types\/post"}],"author":[{"embeddable":true,"href":"http:\/\/www.editiondaslabor.de\/blog\/wp-json\/wp\/v2\/users\/149"}],"replies":[{"embeddable":true,"href":"http:\/\/www.editiondaslabor.de\/blog\/wp-json\/wp\/v2\/comments?post=63821"}],"version-history":[{"count":0,"href":"http:\/\/www.editiondaslabor.de\/blog\/wp-json\/wp\/v2\/posts\/63821\/revisions"}],"wp:featuredmedia":[{"embeddable":true,"href":"http:\/\/www.editiondaslabor.de\/blog\/wp-json\/"}],"wp:attachment":[{"href":"http:\/\/www.editiondaslabor.de\/blog\/wp-json\/wp\/v2\/media?parent=63821"}],"wp:term":[{"taxonomy":"category","embeddable":true,"href":"http:\/\/www.editiondaslabor.de\/blog\/wp-json\/wp\/v2\/categories?post=63821"},{"taxonomy":"post_tag","embeddable":true,"href":"http:\/\/www.editiondaslabor.de\/blog\/wp-json\/wp\/v2\/tags?post=63821"}],"curies":[{"name":"wp","href":"https:\/\/api.w.org\/{rel}","templated":true}]}}