{"id":63703,"date":"2008-09-30T00:01:00","date_gmt":"2008-09-29T22:01:00","guid":{"rendered":"http:\/\/www.editiondaslabor.de\/blog\/?p=63703"},"modified":"2020-09-07T11:12:53","modified_gmt":"2020-09-07T09:12:53","slug":"zum-tod-von-christa-reinig","status":"publish","type":"post","link":"http:\/\/www.editiondaslabor.de\/blog\/2008\/09\/30\/zum-tod-von-christa-reinig\/","title":{"rendered":"Zum Tod von Christa Reinig"},"content":{"rendered":"\r\n<p class=\"has-text-color has-text-align-right has-cyan-bluish-gray-color\" style=\"text-align: right;\"><span style=\"color: #999999;\">\u201eAuch die Umwelt, auf die ich einwirken wollte und die mich geformt hat, ver\u00e4ndert sich von Jahrzehnt zu Jahrzehnt so, als h\u00e4tte ich von Zeit zu Zeit den Planeten gewechselt. Und vor allem: es \u00e4nderten sich meine literarischen Kriterien.\u201c (1986)<\/span><\/p>\r\n\r\n\r\n\r\n<p style=\"text-align: justify;\">Im Alter von 82 Jahren ist heute in M\u00fcnchen die Schriftstellerin Christa Reinig gestorben \u2013 und fast w\u00e4re ihr Tod vom \u201egro\u00dfen Feuilleton\u201c nicht bemerkt worden. Immerhin ver\u00adging eine Woche, bis zumindest die Frankfurter Rundschau ihr einen Nachruf widmete. <br \/><br \/>Es war seit langer Zeit ruhig um diese unbequeme Autorin geworden, nachdem sie vor allem in den sechziger Jahren mit ihren B\u00fcchern und H\u00f6rspielen Aufmerksamkeit erregt und renom\u00admierte Auszeichnungen wie den Bremer Literatur\u00adpreis (1964) oder den H\u00f6r\u00adspielpreis der Kriegsblinden (1968) erhalten hatte. Aber sie hat auch danach literarische Werke ver\u00f6ffentlicht. Allerdings wurden sie von den Damen und Herren in den Kulturredaktionen der gro\u00dfen Zeitungen nur noch sporadisch wahrgenommen. Ein Grund daf\u00fcr war, da\u00df Christa Reinigs B\u00fccher nicht mehr in einem Mainstream-Verlag erschienen, sondern in der kleinen Eremiten-Presse.<br \/><br \/>Hier zeigt sich wieder einmal das Elend der deutschen Literaturkritik, die fast ausnahmslos auf Neuerscheinungen aus gro\u00dfen oder zumindest gr\u00f6\u00dferen (anzeigentr\u00e4chtigen?) Verlagen fixiert ist. Ausnahmen best\u00e4tigen da nur die Regel.<br \/><br \/>Fast wie Hohn muten die Krokodilstr\u00e4nen an, die Martin L\u00fcdke der &#8222;gro\u00dfen Dichterin&#8220; (ja, das war sie) mit einiger Versp\u00e4tung in der Frankfurter Rundschau nachweinte. Da\u00df es &#8222;lange still um sie gewesen war&#8220;, wie L\u00fcdke zutreffend bemerkte, liegt doch zu einem erheblichen Teil an der Ignoranz von ihm und seinesgleichen. In Zeiten, da m\u00f6glichst alle vierzehn Tage eine neue sprichw\u00f6rtliche Sau durchs Literaturdorf getrieben wird, ist f\u00fcr eine gro\u00dfe Dichterin aus einem kleinen Verlag bestenfalls noch auf abseits gelegenen Feldwegen Platz &#8211; wenn \u00fcberhaupt.<br \/><br \/>So war denn die grunds\u00e4tzlich begr\u00fc\u00dfenswerte Erinnerung Martin L\u00fcdkes an Chista Reinig nicht frei von Heuchelei. In ihren letzten Jahrzehnten w\u00e4re ihr mit ausf\u00fchrlicheren Rezensionen im &#8222;gro\u00dfen Feuilleton&#8220; mehr gedient gewesen. Aber da herrschte weitgehend Schweigen im Walde \u2013 pardon: im Dorf.<\/p>\r\n<p>&nbsp;<\/p>\r\n\r\n\r\n\r\n<p class=\"has-text-align-center\" style=\"text-align: center;\">***<\/p>\r\n<p>&nbsp;<\/p>\r\n\r\n\r\n\r\n<div class=\"wp-block-image\" style=\"text-align: justify;\">\r\n<figure class=\"alignleft\"><a href=\"http:\/\/www.editiondaslabor.de\/blog\/wp-admin\/media-upload.php?post_id=28105&amp;type=image&amp;TB_iframe=1\"><img decoding=\"async\" src=\"http:\/\/www.editiondaslabor.de\/blog\/wp-content\/uploads\/2013\/12\/Axel-Kutsch.jpeg\" alt=\"\" \/><\/a><\/figure>\r\n<\/div>\r\n\r\n\r\n\r\n<p style=\"text-align: justify;\">Eine \u00a0W\u00fcrdigung des Herausgebers und Lyrikers Axel Kutsch im Kreise von Autoren aus Metropole und Hinterland <a href=\"http:\/\/www.editiondaslabor.de\/blog\/?p=12833\">hier<\/a>. Poesie z\u00e4hlt f\u00fcr KUNO weiterhin zu den identit\u00e4ts- und identifikationstiftenden Elementen einer Kultur, dies bezeugte auch der Versuch einer <a href=\"http:\/\/www.editiondaslabor.de\/blog\/?p=25630\">poetologischen Positionsbestimmung<\/a>.<\/p>\r\n","protected":false},"excerpt":{"rendered":"<p>\u201eAuch die Umwelt, auf die ich einwirken wollte und die mich geformt hat, ver\u00e4ndert sich von Jahrzehnt zu Jahrzehnt so, als h\u00e4tte ich von Zeit zu Zeit den Planeten gewechselt. Und vor allem: es \u00e4nderten sich meine literarischen Kriterien.\u201c (1986)&hellip;<\/p>\n<p class=\"more-link-p\"><a class=\"more-link\" href=\"http:\/\/www.editiondaslabor.de\/blog\/2008\/09\/30\/zum-tod-von-christa-reinig\/\">Read more &rarr;<\/a><\/p>\n","protected":false},"author":18,"featured_media":6498,"comment_status":"closed","ping_status":"closed","sticky":false,"template":"","format":"standard","meta":{"footnotes":""},"categories":[1],"tags":[104],"class_list":["post-63703","post","type-post","status-publish","format-standard","has-post-thumbnail","hentry","category-literatur","tag-axel-kutsch"],"_links":{"self":[{"href":"http:\/\/www.editiondaslabor.de\/blog\/wp-json\/wp\/v2\/posts\/63703","targetHints":{"allow":["GET"]}}],"collection":[{"href":"http:\/\/www.editiondaslabor.de\/blog\/wp-json\/wp\/v2\/posts"}],"about":[{"href":"http:\/\/www.editiondaslabor.de\/blog\/wp-json\/wp\/v2\/types\/post"}],"author":[{"embeddable":true,"href":"http:\/\/www.editiondaslabor.de\/blog\/wp-json\/wp\/v2\/users\/18"}],"replies":[{"embeddable":true,"href":"http:\/\/www.editiondaslabor.de\/blog\/wp-json\/wp\/v2\/comments?post=63703"}],"version-history":[{"count":0,"href":"http:\/\/www.editiondaslabor.de\/blog\/wp-json\/wp\/v2\/posts\/63703\/revisions"}],"wp:featuredmedia":[{"embeddable":true,"href":"http:\/\/www.editiondaslabor.de\/blog\/wp-json\/"}],"wp:attachment":[{"href":"http:\/\/www.editiondaslabor.de\/blog\/wp-json\/wp\/v2\/media?parent=63703"}],"wp:term":[{"taxonomy":"category","embeddable":true,"href":"http:\/\/www.editiondaslabor.de\/blog\/wp-json\/wp\/v2\/categories?post=63703"},{"taxonomy":"post_tag","embeddable":true,"href":"http:\/\/www.editiondaslabor.de\/blog\/wp-json\/wp\/v2\/tags?post=63703"}],"curies":[{"name":"wp","href":"https:\/\/api.w.org\/{rel}","templated":true}]}}