{"id":63678,"date":"2008-02-03T00:59:11","date_gmt":"2008-02-02T23:59:11","guid":{"rendered":"http:\/\/www.editiondaslabor.de\/blog\/?p=63678"},"modified":"2020-04-28T17:35:36","modified_gmt":"2020-04-28T15:35:36","slug":"die-eine-und-die-andere-wange","status":"publish","type":"post","link":"http:\/\/www.editiondaslabor.de\/blog\/2008\/02\/03\/die-eine-und-die-andere-wange\/","title":{"rendered":"Die eine und die andere Wange"},"content":{"rendered":"\n<p>Hier hast du meine linke Wange.<br \/>Schlag zu.<br \/>Hier hast du meine rechte Wange.<br \/>Schlag zu.<br \/>Hier hast du mein Kinn.<br \/>Schlag zu.<br \/><br \/>Ach, du kannst nicht mehr<br \/>zuschlagen?<br \/>Schade.<br \/>Dann zieh ich das Messer<br \/>aus deinem Bauch.<br \/>Es wird noch gebraucht. <\/p>\n\n\n\n<p class=\"has-text-align-center\">***<\/p>\n\n\n\n<div class=\"wp-block-image\"><figure class=\"alignleft\"><a href=\"http:\/\/www.editiondaslabor.de\/blog\/wp-admin\/media-upload.php?post_id=28105&amp;type=image&amp;TB_iframe=1\"><img decoding=\"async\" src=\"http:\/\/www.editiondaslabor.de\/blog\/wp-content\/uploads\/2013\/12\/Axel-Kutsch.jpeg\" alt=\"\"\/><\/a><\/figure><\/div>\n\n\n\n<p>Eine \u00a0W\u00fcrdigung des Herausgebers und Lyrikers Axel Kutsch im Kreise von Autoren aus Metropole und Hinterland <a href=\"http:\/\/www.editiondaslabor.de\/blog\/?p=12833\">hier<\/a>. Poesie z\u00e4hlt f\u00fcr KUNO weiterhin zu den identit\u00e4ts- und  identifikationstiftenden Elementen einer Kultur, dies bezeugte auch der  Versuch einer <a href=\"http:\/\/www.editiondaslabor.de\/blog\/?p=25630\">poetologischen Positionsbestimmung<\/a>.<\/p>\n","protected":false},"excerpt":{"rendered":"<p>Hier hast du meine linke Wange.Schlag zu.Hier hast du meine rechte Wange.Schlag zu.Hier hast du mein Kinn.Schlag zu. Ach, du kannst nicht mehrzuschlagen?Schade.Dann zieh ich das Messeraus deinem Bauch.Es wird noch gebraucht. *** Eine \u00a0W\u00fcrdigung des Herausgebers und Lyrikers Axel&hellip;<\/p>\n<p class=\"more-link-p\"><a class=\"more-link\" href=\"http:\/\/www.editiondaslabor.de\/blog\/2008\/02\/03\/die-eine-und-die-andere-wange\/\">Read more &rarr;<\/a><\/p>\n","protected":false},"author":18,"featured_media":6498,"comment_status":"closed","ping_status":"closed","sticky":false,"template":"","format":"standard","meta":{"footnotes":""},"categories":[1],"tags":[104],"class_list":["post-63678","post","type-post","status-publish","format-standard","has-post-thumbnail","hentry","category-literatur","tag-axel-kutsch"],"_links":{"self":[{"href":"http:\/\/www.editiondaslabor.de\/blog\/wp-json\/wp\/v2\/posts\/63678","targetHints":{"allow":["GET"]}}],"collection":[{"href":"http:\/\/www.editiondaslabor.de\/blog\/wp-json\/wp\/v2\/posts"}],"about":[{"href":"http:\/\/www.editiondaslabor.de\/blog\/wp-json\/wp\/v2\/types\/post"}],"author":[{"embeddable":true,"href":"http:\/\/www.editiondaslabor.de\/blog\/wp-json\/wp\/v2\/users\/18"}],"replies":[{"embeddable":true,"href":"http:\/\/www.editiondaslabor.de\/blog\/wp-json\/wp\/v2\/comments?post=63678"}],"version-history":[{"count":0,"href":"http:\/\/www.editiondaslabor.de\/blog\/wp-json\/wp\/v2\/posts\/63678\/revisions"}],"wp:featuredmedia":[{"embeddable":true,"href":"http:\/\/www.editiondaslabor.de\/blog\/wp-json\/"}],"wp:attachment":[{"href":"http:\/\/www.editiondaslabor.de\/blog\/wp-json\/wp\/v2\/media?parent=63678"}],"wp:term":[{"taxonomy":"category","embeddable":true,"href":"http:\/\/www.editiondaslabor.de\/blog\/wp-json\/wp\/v2\/categories?post=63678"},{"taxonomy":"post_tag","embeddable":true,"href":"http:\/\/www.editiondaslabor.de\/blog\/wp-json\/wp\/v2\/tags?post=63678"}],"curies":[{"name":"wp","href":"https:\/\/api.w.org\/{rel}","templated":true}]}}