{"id":63572,"date":"2008-08-25T00:01:00","date_gmt":"2008-08-24T22:01:00","guid":{"rendered":"http:\/\/www.editiondaslabor.de\/blog\/?p=63572"},"modified":"2024-05-01T14:20:18","modified_gmt":"2024-05-01T12:20:18","slug":"maroverlag","status":"publish","type":"post","link":"http:\/\/www.editiondaslabor.de\/blog\/2008\/08\/25\/maroverlag\/","title":{"rendered":"MaroVerlag"},"content":{"rendered":"\r\n<p class=\"has-text-align-right\" style=\"text-align: right;\"><span style=\"color: #999999;\"><em>Das Gedicht ist der einsame Favorit auf der<br \/>Zielgeraden. Daran f\u00fchrt nichts vorbei.<br \/>Er wird das Rennen machen.<\/em><\/span><br \/><span style=\"color: #999999;\">CHARLES BUKOWSKI<\/span><\/p>\r\n\r\n\r\n\r\n<p style=\"text-align: justify;\">1974 machte Benno K\u00e4smayr (\u201eIch betrachte das Verlegen von Gedichten noch nicht als Eintrittskarte zur Nervenheilanstalt\u201c) mit der ersten deutschen Ver\u00f6ffentlichung der von Carl Weissner ins Deutsche \u00fcbertragenen Gedichte von Charles Bukowski Schlagzeilen. 2000 gingen die <em>Gedichte, die einer schrieb, bevor er im 8. Stockwerk aus dem Fenster sprang<\/em> in die f\u00fcnfte Auflage. Ebenfalls 2000 ging <em>Irgendwo in Texas<\/em>, das 1997 als deutsche Erstausgabe erschien, in die zweite Auflage. Der unverw\u00fcstliche Charles Bukowski ist auch nach 2000 in seiner Art un\u00fcbertroffen. Wie viele Nachahmer arbeiten sich immer noch und immer wieder an Bukowskis Sound ab? Erreicht hat ihn bislang keiner. Weitere Poeten aus \u00dcbersee (z.B. der gro\u00dfartige Al Masarik) folgten. Es mag etwas ruhiger um den <em>MaroVerlag <\/em>geworden sein, die lyrische Richtung sich ge\u00e4ndert haben; wer jedoch annimmt, <em>Maro<\/em> sei nur noch Druckerei, der irrt. Nein, von der Publikation von B\u00fcchern kann K\u00e4smayr nicht lassen: Zum lyrischen Personal geh\u00f6ren Uli Becker zum Beispiel mit <em>Dr. Dolittles Dolcefarniente. In achtzig Haiku aus der Welt<\/em> von 2000 (\u201eMu\u00df i denn, mu\u00df i \/ pfeifend unter Pinien \/ mein Leben \u00e4ndern?\u201c), Uve Schmidt mit <em>Deutsche M\u00e4dels<\/em> (1987) oder der unwiderstehliche Christoph\u00a0Derschau (1938-1995) mit den 1999 bei<em> Maro<\/em> neu herausgegebenen gesammelten Gedichten <em>So hin und wieder die eigene Haut ritzen<\/em>. Mit Susanne Neuffer gibt K\u00e4smayr einer forsch-frechen lyrischen Stimme in <em>M\u00e4nner in Sils-Maria<\/em> (1999) eine Chance: \u201emein gedicht ist \/ ein kondom das \/ mich gl\u00e4nzend umschlie\u00dft \/ transparent aber hermetisch \/ so dass ich niemanden mit meinen anspr\u00fcchen \/ unzul\u00e4ssig schw\u00e4ngern kann\u201c oder: \u201ewo der dichter nicht schreiben kann \/ kann der himmel nicht sein\u201c, w\u00e4hrend in den kurzen (vorz\u00fcglichen!) Gedichten von Philip Luidl der lakonische Ton\u00a0vorherrscht. <em>Gedichte<\/em>\u00a0hei\u00dft Luidls 2000 erschienener 64seitiger Band, von dem Michael Kr\u00fcger meint: \u201eGenauere Exerzitien des Auges gibt es in der deutschen Poesie dieser Zeit nicht.\u201c In seinem Band <em>Weitere Gedichte<\/em>\u00a0(2001) stellt Philipp Luidl seine poetische Klasse erneut unter Beweis. Schlie\u00dflich ist im Herbst 2005 die Trilogie vollst\u00e4ndig. <em>Andere Gedichte<\/em> sind aber gar keine anderen Gedichte, sondern von der Luidlschen Art, wie Michael Kr\u00fcger und ich sie lieben: \u201eMEIN schuh der \/ erste abdruck im schnee \/\/ Der tod will \/ seine gr\u00f6sse wissen \/ wenn er die wege r\u00e4umt \/\/ Verse schaufelt er frei \/ und nichts \u00e4ngstigt ihn mehr \/ als ein gedicht\u201c.<\/p>\r\n\r\n\r\n\r\n<p class=\"has-text-align-right\" style=\"text-align: justify;\"><em>DER STEIN<\/em><\/p>\r\n\r\n\r\n\r\n<p class=\"has-text-align-right\" style=\"text-align: justify;\"><em>Nicht schneckenhaus<br \/><\/em><em>auf dem r\u00fccken des abends<\/em><\/p>\r\n\r\n\r\n\r\n<p class=\"has-text-align-right\" style=\"text-align: justify;\"><em> Nicht knospe<br \/>vom rosenfinger des lichts ber\u00fchrt<\/em><\/p>\r\n\r\n\r\n\r\n<p class=\"has-text-align-right\" style=\"text-align: justify;\"><em>Sein wunsch<br \/>in der heiligen schrift des bodens<br \/>buchstabe sein<\/em><\/p>\r\n\r\n\r\n\r\n<p style=\"text-align: justify;\">Lieferbar ist auch wieder J\u00f6rg Fausers \u2013 von ihm selbst als \u201eabgefuckt\u201c etikettierter \u2013 Gedichtband <em>Die Harry Gelb Story<\/em> (2001), ein Klassiker, dessen rauhe Tonart ich ein wenig in der Lyrik nach 2000 vermisse. Es d\u00fcrfte ruhig mal wieder die Post abgehen. So richtig, meine ich.<\/p>\r\n<p style=\"text-align: justify;\">\u00a0<\/p>\r\n\r\n\r\n\r\n<p style=\"text-align: justify;\">\u00a0<\/p>\r\n<p style=\"text-align: center;\">* * *<\/p>\r\n<p style=\"text-align: justify;\"><strong>Weiterf\u00fchrend<\/strong> <strong>\u2192<\/strong> Ein Essay \u00fcber den <a href=\"http:\/\/www.editiondaslabor.de\/blog\/2013\/12\/26\/lauschender-leser-und-redender-schreiber-2\/\">Lyrikvermittler<\/a> Theo Breuer.<\/p>\r\n<div id=\"attachment_44595\" style=\"width: 310px\" class=\"wp-caption alignleft\"><img loading=\"lazy\" decoding=\"async\" aria-describedby=\"caption-attachment-44595\" class=\"wp-image-44595 size-medium\" src=\"http:\/\/www.editiondaslabor.de\/blog\/wp-content\/uploads\/2017\/09\/der-lyrik-eine-bresche-fuer-ein-gedicht-je-ausgabe-einer-zeitung_1505748323-1-300x200.jpg\" alt=\"\" width=\"300\" height=\"200\" srcset=\"http:\/\/www.editiondaslabor.de\/blog\/wp-content\/uploads\/2017\/09\/der-lyrik-eine-bresche-fuer-ein-gedicht-je-ausgabe-einer-zeitung_1505748323-1-300x200.jpg 300w, http:\/\/www.editiondaslabor.de\/blog\/wp-content\/uploads\/2017\/09\/der-lyrik-eine-bresche-fuer-ein-gedicht-je-ausgabe-einer-zeitung_1505748323-1.jpg 450w\" sizes=\"auto, (max-width: 300px) 100vw, 300px\" \/><p id=\"caption-attachment-44595\" class=\"wp-caption-text\">Poesie z\u00e4hlt f\u00fcr KUNO zu den identit\u00e4ts- und identifikationstiftenden Elementen der Kultur<\/p><\/div>\r\n<p style=\"text-align: justify;\"><strong>\u2192<\/strong> Poesie z\u00e4hlt f\u00fcr KUNO zu den identit\u00e4ts- und identifikationstiftenden Elementen einer Kultur, dies bezeugt der Versuch einer <a href=\"http:\/\/www.editiondaslabor.de\/blog\/?p=25630\">poetologischen Positionsbestimmung<\/a>. Um den Widerstand gegen die gepolsterte Gegenwartslyrik ein wenig anzufachen schickte <span data-offset-key=\"d96ve-1-0\">Wolfgang Schlott<\/span><span data-offset-key=\"d96ve-2-0\"> dieses\u00a0 post-dadaistische <a href=\"http:\/\/www.editiondaslabor.de\/blog\/2016\/02\/03\/handwerkliche-anleitungen-zur-ueberwindung-von-schreibblockaden\/\">Manifest<\/a>. Warum<\/span> Lyrik wieder in die Zeitungen geh\u00f6rt <a href=\"http:\/\/www.editiondaslabor.de\/blog\/2017\/10\/07\/der-dichtung-eine-bresche-schlagen\/\">begr\u00fcndete<\/a> Walther Stonet, diese Forderung hat nichts an Aktualit\u00e4t verloren. Lesen Sie auch Maximilian Zanders <a href=\"http:\/\/www.editiondaslabor.de\/blog\/?p=5418\">Essay <\/a>\u00fcber Lyrik und ein R\u00fcckblick auf den <a href=\"http:\/\/www.editiondaslabor.de\/blog\/2014\/01\/08\/lyrik-katalog-bundesrepublik\/\"><em>Lyrik-Katalog Bundesrepublik<\/em><\/a>. KUNO sch\u00e4tzt den minuti\u00f6sen Selbstinszenierungsprozess des lyrischen Dichter-Ichs von Ulrich Bergmann in der Reihe <a href=\"http:\/\/www.editiondaslabor.de\/blog\/?p=27947\">Keine Bojen auf hoher See, nur Sterne \u2026 und Schwerkraft. Gedanken \u00fcber das lyrische Schreiben<\/a>. Lesen Sie ein <a href=\"http:\/\/www.editiondaslabor.de\/blog\/?p=22835\">Portr\u00e4t <\/a>\u00fcber die interdisziplin\u00e4re T\u00e4tigkeit von Angelika Janz, sowie einen <a href=\"http:\/\/www.editiondaslabor.de\/blog\/?p=29450\">Essay<\/a> der <em>Fragmenttexterin.<\/em> Ein Portr\u00e4t von Sophie Reyer findet sich\u00a0<a href=\"http:\/\/www.editiondaslabor.de\/blog\/2013\/10\/08\/von-sappho-zu-sophie\/\">hier<\/a>, ein Essay fasst das transmediale Projekt<em> &#8222;<a href=\"http:\/\/www.editiondaslabor.de\/blog\/2021\/04\/14\/bi-textualitaet\/\">Wortspielhalle<\/a>&#8220; <\/em>zusammen<em>. <\/em>Auf KUNO lesen Sie u.a. Rezensionsessays von <a href=\"http:\/\/www.editiondaslabor.de\/blog\/2015\/06\/17\/beschwoerungszauber\/\">Holger Benkel<\/a> \u00fcber <a href=\"http:\/\/www.editiondaslabor.de\/blog\/?p=15175\">Andr\u00e9 Schinkel<\/a>, <a href=\"http:\/\/www.editiondaslabor.de\/blog\/2017\/11\/12\/mit-deutschen-untertiteln\/\">Ralph Pordzik<\/a>,\u00a0<a href=\"http:\/\/www.editiondaslabor.de\/blog\/2018\/12\/20\/wohnraeume-der-poesie\/\">Friederike Mayr\u00f6cker<\/a>, <a href=\"http:\/\/www.editiondaslabor.de\/blog\/2017\/03\/19\/welten-gegenwelten\/\">Werner Weimar-Mazur<\/a>, <a href=\"http:\/\/www.editiondaslabor.de\/blog\/2019\/06\/26\/wohnraeume-der-poesie-2\/\">Peter Engstler<\/a>, <a href=\"http:\/\/www.editiondaslabor.de\/blog\/?p=15177\">Birgitt Lieberwirth<\/a>, <a href=\"http:\/\/www.editiondaslabor.de\/blog\/2019\/08\/17\/der-grill-auf-der-hauswiese-der-welt\/\">Linda Vilhj\u00e1lmsd\u00f3ttir<\/a>, und <a href=\"http:\/\/www.editiondaslabor.de\/blog\/2017\/09\/17\/rettungsversuche-der-literatur-im-digitalen-raum\/\">A.J. Weigoni<\/a>. Lesenswert auch die <a href=\"http:\/\/www.editiondaslabor.de\/blog\/2020\/05\/16\/verseschmied-und-lyrikfischer\/\">Gratulation<\/a> von Axel Kutsch durch Markus Peters zum 75. Geburtstag. Nicht zu vergessen eine Empfehlung der kristallklaren Lyrik von <a href=\"http:\/\/www.editiondaslabor.de\/blog\/2020\/01\/19\/die-lyrikerin-ines-hagemeyer\/\">Ines Hagemeyer<\/a>. Diese Betrachtungen versammeln sich in der Tradition von <a href=\"http:\/\/www.editiondaslabor.de\/blog\/2000\/04\/04\/vauo\/\">V.O. Stomps<\/a>, dem Klassiker des Andersseins, dem <a href=\"http:\/\/www.editiondaslabor.de\/blog\/2005\/09\/24\/erinnerungen\/\">Bottroper Literaturrocker<\/a> &#8222;Biby&#8220; Wintjes und Hadayatullah H\u00fcbsch, dem Urvater des <a href=\"http:\/\/www.editiondaslabor.de\/blog\/1995\/06\/30\/wie-was-social-beat-ist-und-warum-und-warum-nicht\/\"><em>Social-Beat<\/em><\/a>, im KUNO-Online-Archiv. Wir empfehlen f\u00fcr Neulinge als Einstieg in das weite Feld der nonkonformistischen Literatur <a href=\"http:\/\/www.editiondaslabor.de\/blog\/2001\/04\/01\/nonkonformistische-literatur\/\">diesem Hinweis<\/a> zu folgen.<\/p>\r\n","protected":false},"excerpt":{"rendered":"<p>Das Gedicht ist der einsame Favorit auf derZielgeraden. Daran f\u00fchrt nichts vorbei.Er wird das Rennen machen.CHARLES BUKOWSKI 1974 machte Benno K\u00e4smayr (\u201eIch betrachte das Verlegen von Gedichten noch nicht als Eintrittskarte zur Nervenheilanstalt\u201c) mit der ersten deutschen Ver\u00f6ffentlichung der von&hellip;<\/p>\n<p class=\"more-link-p\"><a class=\"more-link\" href=\"http:\/\/www.editiondaslabor.de\/blog\/2008\/08\/25\/maroverlag\/\">Read more &rarr;<\/a><\/p>\n","protected":false},"author":9,"featured_media":98207,"comment_status":"closed","ping_status":"closed","sticky":false,"template":"","format":"standard","meta":{"footnotes":""},"categories":[1],"tags":[84],"class_list":["post-63572","post","type-post","status-publish","format-standard","has-post-thumbnail","hentry","category-literatur","tag-theo-breuer"],"_links":{"self":[{"href":"http:\/\/www.editiondaslabor.de\/blog\/wp-json\/wp\/v2\/posts\/63572","targetHints":{"allow":["GET"]}}],"collection":[{"href":"http:\/\/www.editiondaslabor.de\/blog\/wp-json\/wp\/v2\/posts"}],"about":[{"href":"http:\/\/www.editiondaslabor.de\/blog\/wp-json\/wp\/v2\/types\/post"}],"author":[{"embeddable":true,"href":"http:\/\/www.editiondaslabor.de\/blog\/wp-json\/wp\/v2\/users\/9"}],"replies":[{"embeddable":true,"href":"http:\/\/www.editiondaslabor.de\/blog\/wp-json\/wp\/v2\/comments?post=63572"}],"version-history":[{"count":1,"href":"http:\/\/www.editiondaslabor.de\/blog\/wp-json\/wp\/v2\/posts\/63572\/revisions"}],"predecessor-version":[{"id":105500,"href":"http:\/\/www.editiondaslabor.de\/blog\/wp-json\/wp\/v2\/posts\/63572\/revisions\/105500"}],"wp:featuredmedia":[{"embeddable":true,"href":"http:\/\/www.editiondaslabor.de\/blog\/wp-json\/wp\/v2\/media\/98207"}],"wp:attachment":[{"href":"http:\/\/www.editiondaslabor.de\/blog\/wp-json\/wp\/v2\/media?parent=63572"}],"wp:term":[{"taxonomy":"category","embeddable":true,"href":"http:\/\/www.editiondaslabor.de\/blog\/wp-json\/wp\/v2\/categories?post=63572"},{"taxonomy":"post_tag","embeddable":true,"href":"http:\/\/www.editiondaslabor.de\/blog\/wp-json\/wp\/v2\/tags?post=63572"}],"curies":[{"name":"wp","href":"https:\/\/api.w.org\/{rel}","templated":true}]}}