{"id":6314,"date":"2012-07-17T00:01:38","date_gmt":"2012-07-16T22:01:38","guid":{"rendered":"http:\/\/www.editiondaslabor.de\/blog\/?p=6314"},"modified":"2022-02-28T19:33:47","modified_gmt":"2022-02-28T18:33:47","slug":"out-of-the-blue","status":"publish","type":"post","link":"http:\/\/www.editiondaslabor.de\/blog\/2012\/07\/17\/out-of-the-blue\/","title":{"rendered":"Out of the blue and into the Black"},"content":{"rendered":"<p style=\"text-align: justify;\"><em><span style=\"color: #999999;\">Keine Stipendien, keine Preise, keine Gelder der \u00f6ffentlichen Hand, keine Jurys, keine Gremien, kein Mitglied eines Berufsverbands, keine Akademie, keine Clique; verheiratet, aber sonst unabh\u00e4ngig.<\/span><\/em><\/p>\n<p style=\"text-align: right;\"><span style=\"color: #999999;\">J\u00f6rg Fauser<\/span><\/p>\n<p style=\"text-align: justify;\">J\u00f6rg Fauser war neben RDB in den 1970ern der einzige unabh\u00e4ngige Schriftsteller der BRD. Er starb am 17. Juli 1987 unter ungekl\u00e4rten Umst\u00e4nden in der Nacht nach seinem 43. Geburtstag, als er als Fu\u00dfg\u00e4nger auf der Autobahn A94 bei M\u00fcnchen von einem Lkw erfasst wurde. Ihm zu Gedenken z\u00fcndet KUNO eine Grabkerze an und h\u00f6re diesen <a href=\"http:\/\/www.youtube.com\/watch?v=nrsWUY9HA-Y\">Song<\/a>. Und danach <a href=\"http:\/\/www.youtube.com\/watch?v=0O1v_7T6p8U&amp;feature=related\">jenen<\/a>.<\/p>\n<p style=\"text-align: justify;\">Fauser war in seinen fr\u00fchen Jahren ein Underground-Autor, der stark von der amerikanischen Beat-Literatur beeinflusst war und in seinen Texten eigene Drogenerfahrungen verarbeitete. Unter dem Einfluss der amerikanischen Hard-boiled-Autoren Dashiell Hammett und Raymond Chandler wandelten sich in den 1980er-Jahren zwar seine Sujets, die in der zeitgen\u00f6ssischen Literaturkritik oft vorgenommene Etikettierung Fausers als Autor von Kriminalromanen aus der bundesrepublikanischen Wirklichkeit wird seinem literarischen Gewicht jedoch keineswegs gerecht.<\/p>\n<p style=\"text-align: justify;\">\u00bbUns ist vorgehalten worden, wir h\u00e4tten das Gedicht aus seinen hehren Gefilden auf die M\u00fcllkippe gezerrt. Nach diesem Weltbild besteht unser Publikum aus ungewaschenen R\u00fcpeln ohne Bildung, aus Haschern, Huren, Junkies \u2026 In Wirklichkeit setzte sich unser Publikum nat\u00fcrlich \u2013 wie das unserer Kritiker \u2013 aus kontaktscheuen Stenotypistinnen, aus Deutschlehrerinnen mit zwei Siamkatzen, aus ebenso vielen Pfarramtskandidaten wie Zollinspektoren zusammen. Und hier und da ein Schwerverbrecher; das kommt davon, wenn man die Leute lesen lernen l\u00e4sst.\u00ab (J\u00f6rg Fauser im \u203atip\u2039 22 \/ 1980)<\/p>\n<p>&nbsp;<\/p>\n<p>&nbsp;<\/p>\n<p>&nbsp;<\/p>\n<p style=\"text-align: justify;\"><strong><img loading=\"lazy\" decoding=\"async\" class=\"alignleft size-full wp-image-98312\" src=\"http:\/\/www.editiondaslabor.de\/blog\/wp-content\/uploads\/2022\/02\/social-beat-umschlag.jpg\" alt=\"\" width=\"214\" height=\"300\" srcset=\"http:\/\/www.editiondaslabor.de\/blog\/wp-content\/uploads\/2022\/02\/social-beat-umschlag.jpg 214w, http:\/\/www.editiondaslabor.de\/blog\/wp-content\/uploads\/2022\/02\/social-beat-umschlag-160x224.jpg 160w\" sizes=\"auto, (max-width: 214px) 100vw, 214px\" \/>Weiterf\u00fchrend \u2192 <\/strong><\/p>\n<p style=\"text-align: justify;\">Zu den Gr\u00fcndungsmythen der alten BRD geh\u00f6rt die <a href=\"http:\/\/www.editiondaslabor.de\/blog\/2001\/04\/01\/nonkonformistische-literatur\/\">Nonkonformistische Literatur<\/a>, lesen Sie dazu auch ein Portr\u00e4t von <a href=\"http:\/\/www.editiondaslabor.de\/blog\/2000\/04\/04\/vauo\/\">V.O. Stomps<\/a>, dem Klassiker des Andersseins. Kaum jemand hat die L\u00fcckenhaftigkeit des <em>Underground<\/em> so konzequent <a href=\"http:\/\/www.editiondaslabor.de\/blog\/2008\/09\/24\/underground\/\">erz\u00e4hlt<\/a> wie N\u00ed Gudix und ihre <a href=\"http:\/\/www.editiondaslabor.de\/blog\/2008\/08\/23\/kritik-an-der-literarischen-alternative\/\">Kritik an der literarischen Alternative<\/a> ist berechtigt. Ein Portr\u00e4t von N\u00ed Gudix findet sich <a href=\"http:\/\/www.editiondaslabor.de\/blog\/2015\/08\/16\/da-lernst-du-die-menschen-kennen\/\">hier<\/a> (und als Leseprobe ihren <a href=\"http:\/\/www.editiondaslabor.de\/blog\/2006\/12\/30\/hausaffentango\/\">Hausaffentango<\/a>). Lesen Sie auch die <a href=\"http:\/\/www.editiondaslabor.de\/blog\/2005\/09\/24\/erinnerungen\/\">Erinnerungen an den Bottroper Literaturrocker<\/a> von Werner Streletz und den <a href=\"http:\/\/www.editiondaslabor.de\/blog\/2008\/09\/28\/rip-bruno\/\">Nachruf<\/a> von Bruno Runzheimer. Zum 100. Geburtstag von Charles Bukowski, eine <a href=\"http:\/\/www.editiondaslabor.de\/blog\/2020\/08\/16\/ledertasche-geborgt\/\">Doppelbesprechung<\/a> von Hartmuth Malornys Ruhrgebietsroman <em>Die schwarze Ledertasche<\/em>. 1989 erscheint Helge Schneiders allererste Schallplatte <a href=\"http:\/\/www.editiondaslabor.de\/blog\/?p=26990\"><em>Seine gr\u00f6\u00dften Erfolge<\/em><\/a>, produziert von Helge Schneider und <a href=\"http:\/\/www.editiondaslabor.de\/blog\/2012\/07\/20\/klangkloetzchen\/\">Tom T\u00e4ger<\/a> im Tonstudio\/Ruhr. Lesen Sie auch das <a href=\"http:\/\/www.editiondaslabor.de\/blog\/?p=26709\">Portr\u00e4t <\/a>der einzigartigen Proletendiva aus dem Ruhrgebeat auf KUNO. In einem Kollegengespr\u00e4ch mit Barbara Ester dekonstruiert A.J. Weigoni die <em><a href=\"http:\/\/www.editiondaslabor.de\/blog\/1997\/10\/09\/ruhrgebietsromantik\/\">Ruhrgebietsromantik<\/a><\/em>. Mit<a href=\"http:\/\/www.editiondaslabor.de\/blog\/?p=6071\"> Kersten Flenter<\/a> und <a href=\"http:\/\/www.editiondaslabor.de\/blog\/2001\/06\/23\/killroy-review\/\">Michael Sch\u00f6nauer<\/a> geh\u00f6rte <a href=\"http:\/\/www.editiondaslabor.de\/blog\/2015\/08\/24\/polyphone-ich-erzaehlungen\/\">Tom de Toys<\/a> zum\u00a0Dreigestirn des deutschen <a href=\"http:\/\/www.editiondaslabor.de\/blog\/1997\/01\/05\/bewegung\/\">Poetry Slam<\/a>. Einen Nachruf von Theo Breuer auf den Urvater des Social-Beat finden Sie <a href=\"http:\/\/www.editiondaslabor.de\/blog\/2012\/03\/07\/hubsch-revisited\/\">hier<\/a> \u2013 Sowie selbstverst\u00e4ndlich his <a href=\"http:\/\/www.editiondaslabor.de\/blog\/1995\/06\/25\/wie-was-social-beat-ist-und-warum-und-warum-nicht\/\">Masters voice<\/a>. Und Dr. Stahls kaltgenaue <a href=\"http:\/\/www.editiondaslabor.de\/blog\/2002\/06\/26\/social-beat-vs-digitales-dasein\/\">Analyse<\/a>. \u2013 Constanze Schmidt beschreibt den Weg von <a href=\"http:\/\/www.editiondaslabor.de\/blog\/?p=26080\">Proust zu Pulp<\/a>. Ebenso eindr\u00fccklich empfohlen sei Heiner Links <a href=\"http:\/\/www.editiondaslabor.de\/blog\/?p=42272\">Vorwort<\/a> zum Band Trash-Piloten. Inzwischen hat sich Trash andere Kunstformen erobert, dazu die <a href=\"http:\/\/www.editiondaslabor.de\/blog\/2014\/11\/01\/trash-eine-einfuehrung\/\">Aufmerksamkeit<\/a> einer geneigten Kulturkritik. In der Reihe <em>Gossenhefte<\/em> zeigt sich, was passiert, wenn sich literarischer Bodensatz und die Reflexionsm\u00f6glichkeiten von popul\u00e4rkulturellen Tugenden nahe genug kommen, der Essay <a href=\"http:\/\/www.editiondaslabor.de\/blog\/?p=35655\"><em>Perlen des Trash<\/em><\/a> stellt diese Reihe ausf\u00fchrlich vor. Die KUNO-Redaktion bat A.J. Weigoni um einen Text mit Bezug auf die Mainzer Minpressenmesse (MMPM) und er kramte eine <a href=\"http:\/\/www.editiondaslabor.de\/blog\/1993\/05\/31\/treff-der-titanen\/\">Realsatire<\/a> aus dem Jahr 1993 heraus, die er f\u00fcr den Mainzer Verleger Jens Neumann geschrieben hat. J\u00fcrgen Kipp \u00fcber die <a href=\"http:\/\/www.editiondaslabor.de\/blog\/2013\/06\/01\/geschichte-und-aufgaben-des-mainzer-minipressen-archives-mmpa\/\">Aufgaben des Mainzer Minipressen-Archives<\/a>. Ein w\u00fcrdiger Abschlu\u00df gelingt Boris Kerenski mit <a href=\"http:\/\/www.editiondaslabor.de\/blog\/2021\/03\/30\/wer-war-ist-noch-social-beat\/\">Stimmen aus dem popliterarischen Untergrund<\/a><strong>.<\/strong><\/p>\n","protected":false},"excerpt":{"rendered":"<p>Keine Stipendien, keine Preise, keine Gelder der \u00f6ffentlichen Hand, keine Jurys, keine Gremien, kein Mitglied eines Berufsverbands, keine Akademie, keine Clique; verheiratet, aber sonst unabh\u00e4ngig. J\u00f6rg Fauser J\u00f6rg Fauser war neben RDB in den 1970ern der einzige unabh\u00e4ngige Schriftsteller der&hellip;<\/p>\n<p class=\"more-link-p\"><a class=\"more-link\" href=\"http:\/\/www.editiondaslabor.de\/blog\/2012\/07\/17\/out-of-the-blue\/\">Read more &rarr;<\/a><\/p>\n","protected":false},"author":257,"featured_media":98312,"comment_status":"open","ping_status":"open","sticky":false,"template":"","format":"standard","meta":{"footnotes":""},"categories":[1],"tags":[617,241],"class_list":["post-6314","post","type-post","status-publish","format-standard","has-post-thumbnail","hentry","category-literatur","tag-jorg-fauser","tag-rolf-dieter-brinkmann"],"_links":{"self":[{"href":"http:\/\/www.editiondaslabor.de\/blog\/wp-json\/wp\/v2\/posts\/6314","targetHints":{"allow":["GET"]}}],"collection":[{"href":"http:\/\/www.editiondaslabor.de\/blog\/wp-json\/wp\/v2\/posts"}],"about":[{"href":"http:\/\/www.editiondaslabor.de\/blog\/wp-json\/wp\/v2\/types\/post"}],"author":[{"embeddable":true,"href":"http:\/\/www.editiondaslabor.de\/blog\/wp-json\/wp\/v2\/users\/257"}],"replies":[{"embeddable":true,"href":"http:\/\/www.editiondaslabor.de\/blog\/wp-json\/wp\/v2\/comments?post=6314"}],"version-history":[{"count":1,"href":"http:\/\/www.editiondaslabor.de\/blog\/wp-json\/wp\/v2\/posts\/6314\/revisions"}],"predecessor-version":[{"id":101338,"href":"http:\/\/www.editiondaslabor.de\/blog\/wp-json\/wp\/v2\/posts\/6314\/revisions\/101338"}],"wp:featuredmedia":[{"embeddable":true,"href":"http:\/\/www.editiondaslabor.de\/blog\/wp-json\/wp\/v2\/media\/98312"}],"wp:attachment":[{"href":"http:\/\/www.editiondaslabor.de\/blog\/wp-json\/wp\/v2\/media?parent=6314"}],"wp:term":[{"taxonomy":"category","embeddable":true,"href":"http:\/\/www.editiondaslabor.de\/blog\/wp-json\/wp\/v2\/categories?post=6314"},{"taxonomy":"post_tag","embeddable":true,"href":"http:\/\/www.editiondaslabor.de\/blog\/wp-json\/wp\/v2\/tags?post=6314"}],"curies":[{"name":"wp","href":"https:\/\/api.w.org\/{rel}","templated":true}]}}