{"id":62848,"date":"2009-02-07T00:01:18","date_gmt":"2009-02-06T23:01:18","guid":{"rendered":"http:\/\/www.editiondaslabor.de\/blog\/?p=62848"},"modified":"2022-02-17T21:10:05","modified_gmt":"2022-02-17T20:10:05","slug":"epilog-2","status":"publish","type":"post","link":"http:\/\/www.editiondaslabor.de\/blog\/2009\/02\/07\/epilog-2\/","title":{"rendered":"EPILOG"},"content":{"rendered":"\r\n<p>&nbsp;<\/p>\r\n<p class=\"has-text-align-right\" style=\"text-align: left;\">Eine Metonymie&#8230; Umgeben von Stille&#8230;<\/p>\r\n\r\n\r\n\r\n<p>&nbsp;<\/p>\r\n<p>&nbsp;<\/p>\r\n\r\n\r\n\r\n<p class=\"has-text-align-center\" style=\"text-align: center;\">\u00a0* * *<\/p>\r\n\r\n\r\n\r\n<p style=\"text-align: justify;\">Am Todestag von Ioona Rauschan erinnert KUNO an diese Autorin mit einer Leseprobe aus: <strong>Abhauen<\/strong>. Dieser Roman erschien 2008 beim Pop Verlag, Ludwigsburg.<\/p>\r\n\r\n\r\n\r\n<div class=\"wp-block-image\" style=\"text-align: justify;\">\r\n<figure class=\"alignleft\"><img decoding=\"async\" src=\"http:\/\/www.editiondaslabor.de\/blog\/wp-content\/uploads\/2012\/11\/IoonaCover.jpg\" alt=\"Dieses Bild hat ein leeres Alt-Attribut. Der Dateiname ist IoonaCover.jpg\" \/><\/figure>\r\n<\/div>\r\n\r\n\r\n\r\n<p style=\"text-align: justify;\"><strong>Auf der Schwelle<\/strong>. Ein Filmessay \u00fcber Heinrich Heine von Ioona Rauschan. Edition Biograph, 1997<\/p>\r\n\r\n\r\n\r\n<p style=\"text-align: justify;\"><strong>Die sch\u00f6ne Strickerin<\/strong>, Novelle von Ioona Rauschan, Edition Biograph, D\u00fcsseldorf 1995. (Antiquarisch erh\u00e4ltlich).<\/p>\r\n\r\n\r\n\r\n<p style=\"text-align: justify;\"><strong>Weiterf\u00fchrend \u2192<\/strong><\/p>\r\n\r\n\r\n\r\n<p style=\"text-align: justify;\">Ein <a href=\"http:\/\/www.editiondaslabor.de\/blog\/1997\/06\/09\/die-liaison-zwischen-text-und-publikum\/\">Kollegengespr\u00e4ch<\/a> mit Ioona Rauschan findet sich hier<em>. <\/em>Das Live-H\u00f6rspiel <a href=\"http:\/\/www.editiondaslabor.de\/blog\/1993\/05\/10\/5-oder-die-elemente\/\"><em>5 oder die Elemente <\/em><\/a>wurde in der Regie von Ioona Rauschan mit Marion Haberstroh und Kai M\u00f6nnich im Gutenberg-Museum zu Mainz uraufgef\u00fchrt. <em>Se\u00f1ora Nada<\/em>, in der Regie von Ioona Rauschan, ist auf H\u00f6rbuch <a href=\"http:\/\/www.editiondaslabor.de\/blog\/?p=28660\"><em>Gedichte<\/em> <\/a>erh\u00e4ltlich. Probeh\u00f6ren kann man das Monodram <em><a href=\"http:\/\/www.vordenker.de\/taeger\/senora_nada.htm\">Se\u00f1ora Nada<\/a><\/em> in der Reihe MetaPhon.<\/p>\r\n","protected":false},"excerpt":{"rendered":"<p>&nbsp; Eine Metonymie&#8230; Umgeben von Stille&#8230; &nbsp; &nbsp; \u00a0* * * Am Todestag von Ioona Rauschan erinnert KUNO an diese Autorin mit einer Leseprobe aus: Abhauen. Dieser Roman erschien 2008 beim Pop Verlag, Ludwigsburg. Auf der Schwelle. Ein Filmessay \u00fcber&hellip;<\/p>\n<p class=\"more-link-p\"><a class=\"more-link\" href=\"http:\/\/www.editiondaslabor.de\/blog\/2009\/02\/07\/epilog-2\/\">Read more &rarr;<\/a><\/p>\n","protected":false},"author":195,"featured_media":98133,"comment_status":"closed","ping_status":"closed","sticky":false,"template":"","format":"standard","meta":{"footnotes":""},"categories":[1],"tags":[36],"class_list":["post-62848","post","type-post","status-publish","format-standard","has-post-thumbnail","hentry","category-literatur","tag-ioona-rauschan"],"_links":{"self":[{"href":"http:\/\/www.editiondaslabor.de\/blog\/wp-json\/wp\/v2\/posts\/62848","targetHints":{"allow":["GET"]}}],"collection":[{"href":"http:\/\/www.editiondaslabor.de\/blog\/wp-json\/wp\/v2\/posts"}],"about":[{"href":"http:\/\/www.editiondaslabor.de\/blog\/wp-json\/wp\/v2\/types\/post"}],"author":[{"embeddable":true,"href":"http:\/\/www.editiondaslabor.de\/blog\/wp-json\/wp\/v2\/users\/195"}],"replies":[{"embeddable":true,"href":"http:\/\/www.editiondaslabor.de\/blog\/wp-json\/wp\/v2\/comments?post=62848"}],"version-history":[{"count":1,"href":"http:\/\/www.editiondaslabor.de\/blog\/wp-json\/wp\/v2\/posts\/62848\/revisions"}],"predecessor-version":[{"id":98142,"href":"http:\/\/www.editiondaslabor.de\/blog\/wp-json\/wp\/v2\/posts\/62848\/revisions\/98142"}],"wp:featuredmedia":[{"embeddable":true,"href":"http:\/\/www.editiondaslabor.de\/blog\/wp-json\/wp\/v2\/media\/98133"}],"wp:attachment":[{"href":"http:\/\/www.editiondaslabor.de\/blog\/wp-json\/wp\/v2\/media?parent=62848"}],"wp:term":[{"taxonomy":"category","embeddable":true,"href":"http:\/\/www.editiondaslabor.de\/blog\/wp-json\/wp\/v2\/categories?post=62848"},{"taxonomy":"post_tag","embeddable":true,"href":"http:\/\/www.editiondaslabor.de\/blog\/wp-json\/wp\/v2\/tags?post=62848"}],"curies":[{"name":"wp","href":"https:\/\/api.w.org\/{rel}","templated":true}]}}