{"id":62799,"date":"2010-02-07T00:07:58","date_gmt":"2010-02-06T23:07:58","guid":{"rendered":"http:\/\/www.editiondaslabor.de\/blog\/?p=62799"},"modified":"2022-02-17T21:18:08","modified_gmt":"2022-02-17T20:18:08","slug":"epilog","status":"publish","type":"post","link":"http:\/\/www.editiondaslabor.de\/blog\/2010\/02\/07\/epilog\/","title":{"rendered":"EPILOG"},"content":{"rendered":"\r\n<p style=\"text-align: justify;\">\u00a0<\/p>\r\n<p style=\"text-align: justify;\">Ich glaube daran, dass die Ewigkeit in einer kontinuierlichen Vernetzung von beweglichen verg\u00e4nglichen Einheiten Bestand hat, wobei damit nichts \u00fcber die Richtung, die Dauer oder die Art der Bewegung gesagt wird.<\/p>\r\n\r\n\r\n\r\n<p style=\"text-align: justify;\">Ich glaube daran, dass, wann immer eine endliche Einheit sich als ewig sieht, dies von der Ewigkeit selbst als unvermeidlichen Verschlei\u00dfeffekt geduldet wird.<\/p>\r\n\r\n\r\n\r\n<p style=\"text-align: justify;\">Ich glaube daran, dass f\u00fcr jede Einheit, sich die Ewigkeit, an der sich diese messen will, anders sehen l\u00e4sst und, dass die Ewigkeit jede Einheit mit anderen Ma\u00dfst\u00e4ben versieht, um sich von ihr sehen zu lassen.<\/p>\r\n\r\n\r\n\r\n<p style=\"text-align: justify;\">Dieses gegenseitige Betrachten ist poetisch und n\u00fcchtern zugleich, eine Widerspiegelung, die den Raum f\u00fcr Tr\u00e4ume aber nicht f\u00fcr Illusionen duldet. So scheint es mir nur vern\u00fcnftig, zu glauben, dass wir das, was wir unter Ewigkeit verstehen, und das, was wir als endliche Einheit bewohnen, weder zu vereinen noch voneinander zu trennen bereit sind. Die Grenzen bleiben unumrissen.<\/p>\r\n\r\n\r\n\r\n<p style=\"text-align: justify;\">\u00a0<\/p>\r\n\r\n\r\n\r\n<p class=\"has-text-align-center\" style=\"text-align: center;\">\u00a0* * *<\/p>\r\n\r\n\r\n\r\n<p style=\"text-align: justify;\">Eine Leseprobe aus: <strong>Abhauen<\/strong>, Roman von Ioona Rauschan, 336 Seiten, Pop Verlag, Ludwigsburg 2008.<\/p>\r\n\r\n\r\n\r\n<div class=\"wp-block-image\" style=\"text-align: justify;\">\r\n<figure class=\"alignleft\"><img loading=\"lazy\" decoding=\"async\" width=\"300\" height=\"300\" class=\"wp-image-8403\" src=\"http:\/\/www.editiondaslabor.de\/blog\/wp-content\/uploads\/2012\/11\/IoonaCover.jpg\" alt=\"\" srcset=\"http:\/\/www.editiondaslabor.de\/blog\/wp-content\/uploads\/2012\/11\/IoonaCover.jpg 300w, http:\/\/www.editiondaslabor.de\/blog\/wp-content\/uploads\/2012\/11\/IoonaCover-150x150.jpg 150w\" sizes=\"auto, (max-width: 300px) 100vw, 300px\" \/><\/figure>\r\n<\/div>\r\n\r\n\r\n\r\n<p style=\"text-align: justify;\"><strong>Auf der Schwelle<\/strong>. Ein Filmessay \u00fcber Heinrich Heine von Ioona Rauschan. Edition Biograph, 1997<\/p>\r\n\r\n\r\n\r\n<p style=\"text-align: justify;\"><strong>Die sch\u00f6ne Strickerin<\/strong>, Novelle von Ioona Rauschan, Edition Biograph, D\u00fcsseldorf 1995. (Antiquarisch erh\u00e4ltlich).<\/p>\r\n\r\n\r\n\r\n<p style=\"text-align: justify;\"><strong>Weiterf\u00fchrend \u2192<\/strong><\/p>\r\n\r\n\r\n\r\n<p style=\"text-align: justify;\">Ein <a href=\"http:\/\/www.editiondaslabor.de\/blog\/1997\/06\/09\/die-liaison-zwischen-text-und-publikum\/\">Kollegengespr\u00e4ch<\/a> mit Ioona Rauschan findet sich hier<em>. <\/em>Das Live-H\u00f6rspiel <a href=\"http:\/\/www.editiondaslabor.de\/blog\/1993\/05\/10\/5-oder-die-elemente\/\"><em>5 oder die Elemente <\/em><\/a>wurde in der Regie von Ioona Rauschan mit Marion Haberstroh und Kai M\u00f6nnich im Gutenberg-Museum zu Mainz uraufgef\u00fchrt. <em>Se\u00f1ora Nada<\/em>, in der Regie von Ioona Rauschan, ist auf H\u00f6rbuch <a href=\"http:\/\/www.editiondaslabor.de\/blog\/?p=28660\"><em>Gedichte<\/em> <\/a>erh\u00e4ltlich. Probeh\u00f6ren kann man das Monodram <em><a href=\"http:\/\/www.vordenker.de\/taeger\/senora_nada.htm\">Se\u00f1ora Nada<\/a><\/em> in der Reihe MetaPhon.<\/p>\r\n","protected":false},"excerpt":{"rendered":"<p>\u00a0 Ich glaube daran, dass die Ewigkeit in einer kontinuierlichen Vernetzung von beweglichen verg\u00e4nglichen Einheiten Bestand hat, wobei damit nichts \u00fcber die Richtung, die Dauer oder die Art der Bewegung gesagt wird. Ich glaube daran, dass, wann immer eine endliche&hellip;<\/p>\n<p class=\"more-link-p\"><a class=\"more-link\" href=\"http:\/\/www.editiondaslabor.de\/blog\/2010\/02\/07\/epilog\/\">Read more &rarr;<\/a><\/p>\n","protected":false},"author":195,"featured_media":98133,"comment_status":"closed","ping_status":"closed","sticky":false,"template":"","format":"standard","meta":{"footnotes":""},"categories":[1],"tags":[36],"class_list":["post-62799","post","type-post","status-publish","format-standard","has-post-thumbnail","hentry","category-literatur","tag-ioona-rauschan"],"_links":{"self":[{"href":"http:\/\/www.editiondaslabor.de\/blog\/wp-json\/wp\/v2\/posts\/62799","targetHints":{"allow":["GET"]}}],"collection":[{"href":"http:\/\/www.editiondaslabor.de\/blog\/wp-json\/wp\/v2\/posts"}],"about":[{"href":"http:\/\/www.editiondaslabor.de\/blog\/wp-json\/wp\/v2\/types\/post"}],"author":[{"embeddable":true,"href":"http:\/\/www.editiondaslabor.de\/blog\/wp-json\/wp\/v2\/users\/195"}],"replies":[{"embeddable":true,"href":"http:\/\/www.editiondaslabor.de\/blog\/wp-json\/wp\/v2\/comments?post=62799"}],"version-history":[{"count":1,"href":"http:\/\/www.editiondaslabor.de\/blog\/wp-json\/wp\/v2\/posts\/62799\/revisions"}],"predecessor-version":[{"id":98150,"href":"http:\/\/www.editiondaslabor.de\/blog\/wp-json\/wp\/v2\/posts\/62799\/revisions\/98150"}],"wp:featuredmedia":[{"embeddable":true,"href":"http:\/\/www.editiondaslabor.de\/blog\/wp-json\/wp\/v2\/media\/98133"}],"wp:attachment":[{"href":"http:\/\/www.editiondaslabor.de\/blog\/wp-json\/wp\/v2\/media?parent=62799"}],"wp:term":[{"taxonomy":"category","embeddable":true,"href":"http:\/\/www.editiondaslabor.de\/blog\/wp-json\/wp\/v2\/categories?post=62799"},{"taxonomy":"post_tag","embeddable":true,"href":"http:\/\/www.editiondaslabor.de\/blog\/wp-json\/wp\/v2\/tags?post=62799"}],"curies":[{"name":"wp","href":"https:\/\/api.w.org\/{rel}","templated":true}]}}