{"id":62749,"date":"2024-04-12T00:01:00","date_gmt":"2024-04-11T22:01:00","guid":{"rendered":"http:\/\/www.editiondaslabor.de\/blog\/?p=62749"},"modified":"2022-02-23T15:32:07","modified_gmt":"2022-02-23T14:32:07","slug":"abschied-2","status":"publish","type":"post","link":"http:\/\/www.editiondaslabor.de\/blog\/2024\/04\/12\/abschied-2\/","title":{"rendered":"ABSCHIED"},"content":{"rendered":"\r\n<p>&nbsp;<\/p>\r\n<p>Ich steh\u2018 am bahnhof sp\u00fcr die k\u00e4lte nicht<\/p>\r\n\r\n\r\n\r\n<p>doch denk\u2018 ich an den abschied<\/p>\r\n\r\n\r\n\r\n<p>die arme halt\u2018 ich offen hin<\/p>\r\n\r\n\r\n\r\n<p>doch denk\u2018 ich an den abschied<\/p>\r\n\r\n\r\n\r\n<p>schon flie\u00dft vor gl\u00fcck die tr\u00e4ne s\u00fc\u00df<\/p>\r\n\r\n\r\n\r\n<p>doch denk\u2018 ich an den abschied<\/p>\r\n\r\n\r\n\r\n<p>bald darf ich wieder deine sein<\/p>\r\n\r\n\r\n\r\n<p>doch denk\u2018 ich an den abschied<\/p>\r\n\r\n\r\n\r\n<p>sanft deine haare streicheln lieb<\/p>\r\n\r\n\r\n\r\n<p>doch denk\u2018 ich an den abschied<\/p>\r\n\r\n\r\n\r\n<p>der zug bleibt steh\u2019n in meiner brust<\/p>\r\n\r\n\r\n\r\n<p>doch denk\u2018 ich an den abschied<\/p>\r\n\r\n\r\n\r\n<p>ach liebes du und ich und hier<\/p>\r\n\r\n\r\n\r\n<p>doch denk\u2018 ich an den abschied<\/p>\r\n\r\n\r\n\r\n<p>wir schlagen unser leid ans kreuz<\/p>\r\n\r\n\r\n\r\n<p>und denken an den abschied<\/p>\r\n<p>&nbsp;<\/p>\r\n<p>&nbsp;<\/p>\r\n\r\n\r\n\r\n<p class=\"has-text-align-center\" style=\"text-align: center;\">***<\/p>\r\n\r\n\r\n\r\n<p style=\"text-align: justify;\">KUNO empfiehlt die Dichtungsring-<em>Sondernummer<\/em> f\u00fcr Ines Hagemeyer, Bonn, 2018<\/p>\r\n\r\n\r\n\r\n<div class=\"wp-block-image\" style=\"text-align: justify;\">\r\n<figure class=\"alignleft size-large is-resized\"><img loading=\"lazy\" decoding=\"async\" class=\"wp-image-61238\" src=\"http:\/\/www.editiondaslabor.de\/blog\/wp-content\/uploads\/2020\/01\/Hagemeyer_Cover-672x1024.jpeg\" alt=\"\" width=\"168\" height=\"256\" \/><\/figure>\r\n<\/div>\r\n\r\n\r\n\r\n<h5 class=\"wp-block-heading\" style=\"text-align: justify;\">Weiterf\u00fchrend \u2192<\/h5>\r\n\r\n\r\n\r\n<p style=\"text-align: justify;\">Ulrich Bergmann mit einer <a href=\"http:\/\/www.editiondaslabor.de\/blog\/2020\/01\/19\/die-lyrikerin-ines-hagemeyer\/\">Einf\u00fchrung<\/a> in das Werk von Ines Hagemeyer. Es herrscht die Annahme, das <em>Netzwerk<\/em> sei erst mit dem Internet erfunden worden, es gab jedoch eine Zusammenarbeit von Individuen bereits auf analoger Ebene. KUNO <a href=\"http:\/\/www.editiondaslabor.de\/blog\/?p=25201\">dokumentierte<\/a> den Grenzverkehr im Dreil\u00e4ndereck. Ein Kollegengespr\u00e4ch von A.J. Weigoni mit Bruno Kartheuser finden Sie <a href=\"http:\/\/www.vordenker.de\/kollegen\/kartheuser.htm\">hier<\/a>.<\/p>\r\n","protected":false},"excerpt":{"rendered":"<p>&nbsp; Ich steh\u2018 am bahnhof sp\u00fcr die k\u00e4lte nicht doch denk\u2018 ich an den abschied die arme halt\u2018 ich offen hin doch denk\u2018 ich an den abschied schon flie\u00dft vor gl\u00fcck die tr\u00e4ne s\u00fc\u00df doch denk\u2018 ich an den abschied&hellip;<\/p>\n<p class=\"more-link-p\"><a class=\"more-link\" href=\"http:\/\/www.editiondaslabor.de\/blog\/2024\/04\/12\/abschied-2\/\">Read more &rarr;<\/a><\/p>\n","protected":false},"author":193,"featured_media":99179,"comment_status":"closed","ping_status":"closed","sticky":false,"template":"","format":"standard","meta":{"footnotes":""},"categories":[1],"tags":[1690],"class_list":["post-62749","post","type-post","status-publish","format-standard","has-post-thumbnail","hentry","category-literatur","tag-ines-hagemeyer"],"_links":{"self":[{"href":"http:\/\/www.editiondaslabor.de\/blog\/wp-json\/wp\/v2\/posts\/62749","targetHints":{"allow":["GET"]}}],"collection":[{"href":"http:\/\/www.editiondaslabor.de\/blog\/wp-json\/wp\/v2\/posts"}],"about":[{"href":"http:\/\/www.editiondaslabor.de\/blog\/wp-json\/wp\/v2\/types\/post"}],"author":[{"embeddable":true,"href":"http:\/\/www.editiondaslabor.de\/blog\/wp-json\/wp\/v2\/users\/193"}],"replies":[{"embeddable":true,"href":"http:\/\/www.editiondaslabor.de\/blog\/wp-json\/wp\/v2\/comments?post=62749"}],"version-history":[{"count":1,"href":"http:\/\/www.editiondaslabor.de\/blog\/wp-json\/wp\/v2\/posts\/62749\/revisions"}],"predecessor-version":[{"id":99937,"href":"http:\/\/www.editiondaslabor.de\/blog\/wp-json\/wp\/v2\/posts\/62749\/revisions\/99937"}],"wp:featuredmedia":[{"embeddable":true,"href":"http:\/\/www.editiondaslabor.de\/blog\/wp-json\/wp\/v2\/media\/99179"}],"wp:attachment":[{"href":"http:\/\/www.editiondaslabor.de\/blog\/wp-json\/wp\/v2\/media?parent=62749"}],"wp:term":[{"taxonomy":"category","embeddable":true,"href":"http:\/\/www.editiondaslabor.de\/blog\/wp-json\/wp\/v2\/categories?post=62749"},{"taxonomy":"post_tag","embeddable":true,"href":"http:\/\/www.editiondaslabor.de\/blog\/wp-json\/wp\/v2\/tags?post=62749"}],"curies":[{"name":"wp","href":"https:\/\/api.w.org\/{rel}","templated":true}]}}