{"id":62735,"date":"1992-04-13T00:01:00","date_gmt":"1992-04-12T22:01:00","guid":{"rendered":"http:\/\/www.editiondaslabor.de\/blog\/?p=62735"},"modified":"2021-10-12T05:10:36","modified_gmt":"2021-10-12T03:10:36","slug":"zwiespalt","status":"publish","type":"post","link":"http:\/\/www.editiondaslabor.de\/blog\/1992\/04\/13\/zwiespalt\/","title":{"rendered":"ZWIESPALT"},"content":{"rendered":"\r\n<p>&nbsp;<\/p>\r\n<p>Es umringen dich Gedankenwellen<\/p>\r\n\r\n\r\n\r\n<p>Vom Irdischen fast unber\u00fchrt<\/p>\r\n\r\n\r\n\r\n<p>Folgt dir dein Schatten stumm zur Erde<\/p>\r\n\r\n\r\n\r\n<p>Und Netze zeichnen sich auf dem Gesicht.<\/p>\r\n\r\n\r\n\r\n<p>Verhedderst dich im Spinnrad der Gef\u00fchle<\/p>\r\n\r\n\r\n\r\n<p>Und irgendwo spielt ein altes Klavichord.<\/p>\r\n\r\n\r\n\r\n<p>Doch M\u00e4dchen: lass das alte Spinnrad in der Ecke!<\/p>\r\n\r\n\r\n\r\n<p>Tanz zur Melodie des Klavichords.<\/p>\r\n<p>&nbsp;<\/p>\r\n<p>&nbsp;<\/p>\r\n\r\n\r\n\r\n<p class=\"has-text-align-center\" style=\"text-align: center;\">***<\/p>\r\n\r\n\r\n\r\n<p style=\"text-align: justify;\">KUNO empfiehlt die Dichtungsring-<em>Sondernummer<\/em> f\u00fcr Ines Hagemeyer, Bonn, 2018<\/p>\r\n\r\n\r\n\r\n<div class=\"wp-block-image\" style=\"text-align: justify;\">\r\n<figure class=\"alignleft size-large is-resized\"><img loading=\"lazy\" decoding=\"async\" class=\"wp-image-61238\" src=\"http:\/\/www.editiondaslabor.de\/blog\/wp-content\/uploads\/2020\/01\/Hagemeyer_Cover-672x1024.jpeg\" alt=\"\" width=\"168\" height=\"256\" \/><\/figure>\r\n<\/div>\r\n\r\n\r\n\r\n<h5 class=\"wp-block-heading\" style=\"text-align: justify;\">Weiterf\u00fchrend \u2192<\/h5>\r\n\r\n\r\n\r\n<p style=\"text-align: justify;\">Ulrich Bergmann mit einer <a href=\"http:\/\/www.editiondaslabor.de\/blog\/2020\/01\/19\/die-lyrikerin-ines-hagemeyer\/\">Einf\u00fchrung<\/a> in das Werk von Ines Hagemeyer. Es herrscht die Annahme, das <em>Netzwerk<\/em> sei erst mit dem Internet erfunden worden, es gab jedoch eine Zusammenarbeit von Individuen bereits auf analoger Ebene. KUNO <a href=\"http:\/\/www.editiondaslabor.de\/blog\/?p=25201\">dokumentierte<\/a> den Grenzverkehr im Dreil\u00e4ndereck. Ein Kollegengespr\u00e4ch von A.J. Weigoni mit Bruno Kartheuser finden Sie <a href=\"http:\/\/www.vordenker.de\/kollegen\/kartheuser.htm\">hier<\/a>.<\/p>\r\n","protected":false},"excerpt":{"rendered":"<p>&nbsp; Es umringen dich Gedankenwellen Vom Irdischen fast unber\u00fchrt Folgt dir dein Schatten stumm zur Erde Und Netze zeichnen sich auf dem Gesicht. Verhedderst dich im Spinnrad der Gef\u00fchle Und irgendwo spielt ein altes Klavichord. Doch M\u00e4dchen: lass das alte&hellip;<\/p>\n<p class=\"more-link-p\"><a class=\"more-link\" href=\"http:\/\/www.editiondaslabor.de\/blog\/1992\/04\/13\/zwiespalt\/\">Read more &rarr;<\/a><\/p>\n","protected":false},"author":193,"featured_media":92463,"comment_status":"closed","ping_status":"closed","sticky":false,"template":"","format":"standard","meta":{"footnotes":""},"categories":[1],"tags":[1690],"class_list":["post-62735","post","type-post","status-publish","format-standard","has-post-thumbnail","hentry","category-literatur","tag-ines-hagemeyer"],"_links":{"self":[{"href":"http:\/\/www.editiondaslabor.de\/blog\/wp-json\/wp\/v2\/posts\/62735","targetHints":{"allow":["GET"]}}],"collection":[{"href":"http:\/\/www.editiondaslabor.de\/blog\/wp-json\/wp\/v2\/posts"}],"about":[{"href":"http:\/\/www.editiondaslabor.de\/blog\/wp-json\/wp\/v2\/types\/post"}],"author":[{"embeddable":true,"href":"http:\/\/www.editiondaslabor.de\/blog\/wp-json\/wp\/v2\/users\/193"}],"replies":[{"embeddable":true,"href":"http:\/\/www.editiondaslabor.de\/blog\/wp-json\/wp\/v2\/comments?post=62735"}],"version-history":[{"count":0,"href":"http:\/\/www.editiondaslabor.de\/blog\/wp-json\/wp\/v2\/posts\/62735\/revisions"}],"wp:featuredmedia":[{"embeddable":true,"href":"http:\/\/www.editiondaslabor.de\/blog\/wp-json\/"}],"wp:attachment":[{"href":"http:\/\/www.editiondaslabor.de\/blog\/wp-json\/wp\/v2\/media?parent=62735"}],"wp:term":[{"taxonomy":"category","embeddable":true,"href":"http:\/\/www.editiondaslabor.de\/blog\/wp-json\/wp\/v2\/categories?post=62735"},{"taxonomy":"post_tag","embeddable":true,"href":"http:\/\/www.editiondaslabor.de\/blog\/wp-json\/wp\/v2\/tags?post=62735"}],"curies":[{"name":"wp","href":"https:\/\/api.w.org\/{rel}","templated":true}]}}