{"id":62715,"date":"2019-03-20T00:21:00","date_gmt":"2019-03-19T23:21:00","guid":{"rendered":"http:\/\/www.editiondaslabor.de\/blog\/?p=62715"},"modified":"2022-02-20T16:03:44","modified_gmt":"2022-02-20T15:03:44","slug":"auf-einer-heide-geschrieben","status":"publish","type":"post","link":"http:\/\/www.editiondaslabor.de\/blog\/2019\/03\/20\/auf-einer-heide-geschrieben\/","title":{"rendered":"Auf einer Heide geschrieben"},"content":{"rendered":"\r\n<p>&nbsp;<\/p>\r\n<p>Wohl mir! da\u00df ich den Schwarm der Toren nimmer erblicke,<\/p>\r\n\r\n\r\n\r\n<p>Da\u00df jetzt unumw\u00f6lkter der Blick zu den L\u00fcften emporschaut,<\/p>\r\n\r\n\r\n\r\n<p>Freier atmet die Brust dann in den Mauren des Elends,<\/p>\r\n\r\n\r\n\r\n<p>Und den Winkeln des Trugs. O! sch\u00f6ne, selige Stunde!<\/p>\r\n\r\n\r\n\r\n<p>Wie getrennte Geliebte nach langentbehrter Umarmung<\/p>\r\n\r\n\r\n\r\n<p>In die Arme sich st\u00fcrzen, so eilt ich herauf auf die Heide,<\/p>\r\n\r\n\r\n\r\n<p>Mir ein Fest zu bereiten auf meiner einsamen Heide.<\/p>\r\n\r\n\r\n\r\n<p>Und ich habe sie wieder gefunden, die stille Freuden<\/p>\r\n\r\n\r\n\r\n<p>Alle wieder gefunden, und meine schattigten Eichen<\/p>\r\n\r\n\r\n\r\n<p>Stehn noch eben so k\u00f6niglich da, umd\u00e4mmern die Heide<\/p>\r\n\r\n\r\n\r\n<p>Noch in alten stattlichen Reihn, die schattigten Eichen.<\/p>\r\n\r\n\r\n\r\n<p>Jedesmal wandelt an meinen tausendj\u00e4hrigen Eichen<\/p>\r\n\r\n\r\n\r\n<p>Mit entbl\u00f6\u00dftem Haupt der J\u00e4ger vor\u00fcber, dann also<\/p>\r\n\r\n\r\n\r\n<p>Heischet die l\u00e4ndliche Sage; denn unter den stattlichen Reihen<\/p>\r\n\r\n\r\n\r\n<p>Schlummern schon lange gefallene Helden der eisernen Vorzeit.<\/p>\r\n\r\n\r\n\r\n<p>Aber horch! was rauschet herauf im schwarzen Geb\u00fcsche?<\/p>\r\n\r\n\r\n\r\n<p>Bleibe ferne! St\u00f6rer des S\u00e4ngers! \u2013 aber siehe,<\/p>\r\n\r\n\r\n\r\n<p>Siehe! \u2013 wie herrlich! wie gro\u00df! ein hochgeweihetes Hirschheer<\/p>\r\n\r\n\r\n\r\n<p>Wandelt langsam vor\u00fcber \u2013 hinab nach der Quelle des Tales. \u2013<\/p>\r\n\r\n\r\n\r\n<p>O! jetzt kenn ich mich wieder, der menschenhassende Tr\u00fcbsinn<\/p>\r\n\r\n\r\n\r\n<p>Ist so ganz, so ganz aus meinem Herzen verschwunden.<\/p>\r\n\r\n\r\n\r\n<p>W\u00e4r ich doch ewig fern von diesen Mauren des Elends,<\/p>\r\n\r\n\r\n\r\n<p>Diesen Mauren des Trugs! \u2013 Es blinken der Riesenpal\u00e4ste<\/p>\r\n\r\n\r\n\r\n<p>Schimmernde D\u00e4cher herauf, und die Spitzen der alternden T\u00fcrme,<\/p>\r\n\r\n\r\n\r\n<p>Wo so einzeln stehn die Buchen und Eichen; es t\u00f6net<\/p>\r\n\r\n\r\n\r\n<p>Dumpf vom Tale herauf das h\u00f6fische Wagengerassel<\/p>\r\n\r\n\r\n\r\n<p>Und der Huf der prangenden Rosse \u2013 \u2013 H\u00f6flinge! bleibet,<\/p>\r\n\r\n\r\n\r\n<p>Bleibet immerhin in eurem Wagengerassel,<\/p>\r\n\r\n\r\n\r\n<p>B\u00fcckt euch tief auf den Narrenb\u00fchnen der Riesenpal\u00e4ste,<\/p>\r\n\r\n\r\n\r\n<p>Bleibet immerhin! \u2013 Und ihr, ihr Edlere, kommet!<\/p>\r\n\r\n\r\n\r\n<p>Edle Greise und M\u00e4nner, und edle J\u00fcnglinge, kommet!<\/p>\r\n\r\n\r\n\r\n<p>La\u00dft uns H\u00fctten baun \u2013 des echten germanischen Mannsinns<\/p>\r\n\r\n\r\n\r\n<p>Und der Freundschaft H\u00fctten auf meiner einsamen Heide.<\/p>\r\n<p>&nbsp;<\/p>\r\n<p>&nbsp;<\/p>\r\n\r\n\r\n\r\n<p class=\"has-text-align-center\" style=\"text-align: center;\">***<\/p>\r\n\r\n\r\n\r\n<div class=\"wp-block-image\">\r\n<figure class=\"alignleft\">\r\n<div id=\"attachment_14220\" style=\"width: 230px\" class=\"wp-caption alignleft\"><img loading=\"lazy\" decoding=\"async\" aria-describedby=\"caption-attachment-14220\" class=\"wp-image-14220\" src=\"http:\/\/www.editiondaslabor.de\/blog\/wp-content\/uploads\/2013\/03\/220px-Hoelderlin_1792.jpg\" alt=\"\" width=\"220\" height=\"294\" \/><p id=\"caption-attachment-14220\" class=\"wp-caption-text\">Friedrich H\u00f6lderlin, Pastell von Franz Karl Hiemer, 1792<\/p><\/div>\r\n<\/figure>\r\n<\/div>\r\n\r\n\r\n\r\n<p style=\"text-align: justify;\"><strong>W<\/strong><strong>eiterf\u00fchrend \u2192<\/strong>\u00a0Ulrich Bergmann hat das St\u00fcck \u201eDer Tod des Empedokles\u201c neu gelesen und fand ein <a href=\"http:\/\/www.editiondaslabor.de\/blog\/2020\/03\/25\/der-ueberbau-der-freiheit\/\">Gedicht<\/a>.<\/p>\r\n<p style=\"text-align: justify;\"><strong>\u2192<\/strong>\u00a0Poesie ist das identit\u00e4tsstiftende Element der Kultur, KUNOs <a href=\"http:\/\/www.editiondaslabor.de\/blog\/?p=25630\">poetologische Positionsbestimmung<\/a>.<\/p>\r\n<p style=\"text-align: justify;\"><strong>\u2192<\/strong>\u00a0Lesen Sie auch Friedrich H\u00f6lderlins Essay <a href=\"http:\/\/www.editiondaslabor.de\/blog\/?p=14232\">\u00dcber die Verfahrungsweise des poetischen Geistes<\/a><\/p>\r\n<p style=\"text-align: justify;\"><strong>\u2192<\/strong> Wir begreifen die Gattung des Essays auf KUNO als eine <a href=\"http:\/\/www.editiondaslabor.de\/blog\/2013\/12\/10\/zur-gattung-essay\/\">Versuchsanordnung<\/a>, undogmatisch, subjektiv, experimentell, ergebnisoffen.<\/p>\r\n","protected":false},"excerpt":{"rendered":"<p>&nbsp; Wohl mir! da\u00df ich den Schwarm der Toren nimmer erblicke, Da\u00df jetzt unumw\u00f6lkter der Blick zu den L\u00fcften emporschaut, Freier atmet die Brust dann in den Mauren des Elends, Und den Winkeln des Trugs. O! sch\u00f6ne, selige Stunde! Wie&hellip;<\/p>\n<p class=\"more-link-p\"><a class=\"more-link\" href=\"http:\/\/www.editiondaslabor.de\/blog\/2019\/03\/20\/auf-einer-heide-geschrieben\/\">Read more &rarr;<\/a><\/p>\n","protected":false},"author":91,"featured_media":98741,"comment_status":"closed","ping_status":"closed","sticky":false,"template":"","format":"standard","meta":{"footnotes":""},"categories":[1],"tags":[220],"class_list":["post-62715","post","type-post","status-publish","format-standard","has-post-thumbnail","hentry","category-literatur","tag-friedrich-holderlin"],"_links":{"self":[{"href":"http:\/\/www.editiondaslabor.de\/blog\/wp-json\/wp\/v2\/posts\/62715","targetHints":{"allow":["GET"]}}],"collection":[{"href":"http:\/\/www.editiondaslabor.de\/blog\/wp-json\/wp\/v2\/posts"}],"about":[{"href":"http:\/\/www.editiondaslabor.de\/blog\/wp-json\/wp\/v2\/types\/post"}],"author":[{"embeddable":true,"href":"http:\/\/www.editiondaslabor.de\/blog\/wp-json\/wp\/v2\/users\/91"}],"replies":[{"embeddable":true,"href":"http:\/\/www.editiondaslabor.de\/blog\/wp-json\/wp\/v2\/comments?post=62715"}],"version-history":[{"count":2,"href":"http:\/\/www.editiondaslabor.de\/blog\/wp-json\/wp\/v2\/posts\/62715\/revisions"}],"predecessor-version":[{"id":98825,"href":"http:\/\/www.editiondaslabor.de\/blog\/wp-json\/wp\/v2\/posts\/62715\/revisions\/98825"}],"wp:featuredmedia":[{"embeddable":true,"href":"http:\/\/www.editiondaslabor.de\/blog\/wp-json\/wp\/v2\/media\/98741"}],"wp:attachment":[{"href":"http:\/\/www.editiondaslabor.de\/blog\/wp-json\/wp\/v2\/media?parent=62715"}],"wp:term":[{"taxonomy":"category","embeddable":true,"href":"http:\/\/www.editiondaslabor.de\/blog\/wp-json\/wp\/v2\/categories?post=62715"},{"taxonomy":"post_tag","embeddable":true,"href":"http:\/\/www.editiondaslabor.de\/blog\/wp-json\/wp\/v2\/tags?post=62715"}],"curies":[{"name":"wp","href":"https:\/\/api.w.org\/{rel}","templated":true}]}}