{"id":62680,"date":"2011-03-20T00:01:00","date_gmt":"2011-03-19T23:01:00","guid":{"rendered":"http:\/\/www.editiondaslabor.de\/blog\/?p=62680"},"modified":"2022-02-20T16:14:37","modified_gmt":"2022-02-20T15:14:37","slug":"griechenland","status":"publish","type":"post","link":"http:\/\/www.editiondaslabor.de\/blog\/2011\/03\/20\/griechenland\/","title":{"rendered":"Griechenland"},"content":{"rendered":"\r\n<p>&nbsp;<\/p>\r\n<p>Wie Menschen sind, so ist das Leben pr\u00e4chtig,<\/p>\r\n\r\n\r\n\r\n<p>Die Menschen sind der Natur \u00f6fters m\u00e4chtig,<\/p>\r\n\r\n\r\n\r\n<p>Das pr\u00e4chtge Land ist Menschen nicht verborgen,<\/p>\r\n\r\n\r\n\r\n<p>Mit Reiz erscheint der Abend und der Morgen.<\/p>\r\n\r\n\r\n\r\n<p>Die offnen Felder sind als in der Ernte Tage,<\/p>\r\n\r\n\r\n\r\n<p>Mit Geistigkeit ist weit umher die alte Sage,<\/p>\r\n\r\n\r\n\r\n<p>Und neues Leben kommt aus Menschheit wieder,<\/p>\r\n\r\n\r\n\r\n<p>So sinkt das Jahr mit einer Stille nieder.<\/p>\r\n<p>&nbsp;<\/p>\r\n<p>&nbsp;<\/p>\r\n<p>&nbsp;<\/p>\r\n<p>\r\n\r\n<\/p>\r\n<p class=\"has-text-align-center\" style=\"text-align: center;\">***<\/p>\r\n<p>\r\n\r\n<\/p>\r\n<div class=\"wp-block-image\">\r\n<figure class=\"alignleft\">\r\n<div id=\"attachment_14220\" style=\"width: 230px\" class=\"wp-caption alignleft\"><img loading=\"lazy\" decoding=\"async\" aria-describedby=\"caption-attachment-14220\" class=\"wp-image-14220\" src=\"http:\/\/www.editiondaslabor.de\/blog\/wp-content\/uploads\/2013\/03\/220px-Hoelderlin_1792.jpg\" alt=\"\" width=\"220\" height=\"294\" \/><p id=\"caption-attachment-14220\" class=\"wp-caption-text\">Friedrich H\u00f6lderlin, Pastell von Franz Karl Hiemer, 1792<\/p><\/div>\r\n<\/figure>\r\n<\/div>\r\n<p>\r\n\r\n<\/p>\r\n<p style=\"text-align: justify;\"><strong>W<\/strong><strong>eiterf\u00fchrend \u2192<\/strong>\u00a0Ulrich Bergmann hat das St\u00fcck \u201eDer Tod des Empedokles\u201c neu gelesen und fand ein <a href=\"http:\/\/www.editiondaslabor.de\/blog\/2020\/03\/25\/der-ueberbau-der-freiheit\/\">Gedicht<\/a>.<\/p>\r\n<p style=\"text-align: justify;\"><strong>\u2192<\/strong>\u00a0Poesie ist das identit\u00e4tsstiftende Element der Kultur, KUNOs <a href=\"http:\/\/www.editiondaslabor.de\/blog\/?p=25630\">poetologische Positionsbestimmung<\/a>.<\/p>\r\n<p style=\"text-align: justify;\"><strong>\u2192<\/strong>\u00a0Lesen Sie auch Friedrich H\u00f6lderlins Essay <a href=\"http:\/\/www.editiondaslabor.de\/blog\/?p=14232\">\u00dcber die Verfahrungsweise des poetischen Geistes<\/a><\/p>\r\n<p style=\"text-align: justify;\"><strong>\u2192<\/strong> Wir begreifen die Gattung des Essays auf KUNO als eine <a href=\"http:\/\/www.editiondaslabor.de\/blog\/2013\/12\/10\/zur-gattung-essay\/\">Versuchsanordnung<\/a>, undogmatisch, subjektiv, experimentell, ergebnisoffen.<\/p>\r\n","protected":false},"excerpt":{"rendered":"<p>&nbsp; Wie Menschen sind, so ist das Leben pr\u00e4chtig, Die Menschen sind der Natur \u00f6fters m\u00e4chtig, Das pr\u00e4chtge Land ist Menschen nicht verborgen, Mit Reiz erscheint der Abend und der Morgen. Die offnen Felder sind als in der Ernte Tage,&hellip;<\/p>\n<p class=\"more-link-p\"><a class=\"more-link\" href=\"http:\/\/www.editiondaslabor.de\/blog\/2011\/03\/20\/griechenland\/\">Read more &rarr;<\/a><\/p>\n","protected":false},"author":91,"featured_media":98741,"comment_status":"closed","ping_status":"closed","sticky":false,"template":"","format":"standard","meta":{"footnotes":""},"categories":[1],"tags":[220],"class_list":["post-62680","post","type-post","status-publish","format-standard","has-post-thumbnail","hentry","category-literatur","tag-friedrich-holderlin"],"_links":{"self":[{"href":"http:\/\/www.editiondaslabor.de\/blog\/wp-json\/wp\/v2\/posts\/62680","targetHints":{"allow":["GET"]}}],"collection":[{"href":"http:\/\/www.editiondaslabor.de\/blog\/wp-json\/wp\/v2\/posts"}],"about":[{"href":"http:\/\/www.editiondaslabor.de\/blog\/wp-json\/wp\/v2\/types\/post"}],"author":[{"embeddable":true,"href":"http:\/\/www.editiondaslabor.de\/blog\/wp-json\/wp\/v2\/users\/91"}],"replies":[{"embeddable":true,"href":"http:\/\/www.editiondaslabor.de\/blog\/wp-json\/wp\/v2\/comments?post=62680"}],"version-history":[{"count":1,"href":"http:\/\/www.editiondaslabor.de\/blog\/wp-json\/wp\/v2\/posts\/62680\/revisions"}],"predecessor-version":[{"id":98836,"href":"http:\/\/www.editiondaslabor.de\/blog\/wp-json\/wp\/v2\/posts\/62680\/revisions\/98836"}],"wp:featuredmedia":[{"embeddable":true,"href":"http:\/\/www.editiondaslabor.de\/blog\/wp-json\/wp\/v2\/media\/98741"}],"wp:attachment":[{"href":"http:\/\/www.editiondaslabor.de\/blog\/wp-json\/wp\/v2\/media?parent=62680"}],"wp:term":[{"taxonomy":"category","embeddable":true,"href":"http:\/\/www.editiondaslabor.de\/blog\/wp-json\/wp\/v2\/categories?post=62680"},{"taxonomy":"post_tag","embeddable":true,"href":"http:\/\/www.editiondaslabor.de\/blog\/wp-json\/wp\/v2\/tags?post=62680"}],"curies":[{"name":"wp","href":"https:\/\/api.w.org\/{rel}","templated":true}]}}