{"id":62674,"date":"2009-03-20T00:01:00","date_gmt":"2009-03-19T23:01:00","guid":{"rendered":"http:\/\/www.editiondaslabor.de\/blog\/?p=62674"},"modified":"2022-02-20T16:18:44","modified_gmt":"2022-02-20T15:18:44","slug":"hyperion","status":"publish","type":"post","link":"http:\/\/www.editiondaslabor.de\/blog\/2009\/03\/20\/hyperion\/","title":{"rendered":"Hyperion"},"content":{"rendered":"\r\n<p>&nbsp;<\/p>\r\n<p style=\"text-align: justify;\">So kam ich unter die Deutschen. Ich forderte nicht viel und war gefa\u00dft, noch weniger zu finden.<\/p>\r\n\r\n\r\n\r\n<p>&nbsp;<\/p>\r\n<p>&nbsp;<\/p>\r\n<p class=\"has-text-align-center\" style=\"text-align: center;\">***<\/p>\r\n\r\n\r\n\r\n<div class=\"wp-block-image\">\r\n<figure class=\"alignleft\">\r\n<div id=\"attachment_14220\" style=\"width: 230px\" class=\"wp-caption alignnone\"><img loading=\"lazy\" decoding=\"async\" aria-describedby=\"caption-attachment-14220\" class=\"wp-image-14220\" src=\"http:\/\/www.editiondaslabor.de\/blog\/wp-content\/uploads\/2013\/03\/220px-Hoelderlin_1792.jpg\" alt=\"\" width=\"220\" height=\"294\" \/><p id=\"caption-attachment-14220\" class=\"wp-caption-text\">Friedrich H\u00f6lderlin, Pastell von Franz Karl Hiemer, 1792<\/p><\/div>\r\n<\/figure>\r\n<\/div>\r\n\r\n\r\n\r\n<p style=\"text-align: justify;\">Friedrich H\u00f6lderlins Leben ist die Geschichte eines Einzelg\u00e4ngers, der keinen Halt im Leben fand, obwohl er hingebungsvoll liebte und geliebt wurde. Als Dichter, \u00dcbersetzer, Philosoph, Hauslehrer und Revolution\u00e4r lebte er in zerrei\u00dfenden Spannungen, unter denen er schlie\u00dflich zusammenbrach. Erst die Leser im 20. Jahrhundert entdeckten seine tats\u00e4chliche Bedeutung.<\/p>\r\n<p style=\"text-align: justify;\"><strong>Weiterf\u00fchrend<\/strong>\u00a0\u2192 ein Essay \u00fcber die neue Literaturgattung <a href=\"http:\/\/www.editiondaslabor.de\/blog\/?p=22423\"><em>Twitteratur<\/em><\/a>. Ulrich Bergmann hat zum Gesang des toten J\u00fcnglings eine <a href=\"http:\/\/www.editiondaslabor.de\/blog\/2011\/06\/07\/lerne-sterben-2\/\">Einf\u00fchrung<\/a> verfasst, sowie das St\u00fcck \u201eDer Tod des Empedokles\u201c neu gelesen und fand ein <a href=\"http:\/\/www.editiondaslabor.de\/blog\/2020\/03\/25\/der-ueberbau-der-freiheit\/\">Gedicht<\/a>. Lesen Sie auch Friedrich H\u00f6lderlins Essay <a href=\"http:\/\/www.editiondaslabor.de\/blog\/?p=14232\">\u00dcber die Verfahrungsweise des poetischen Geistes<\/a>. Und nicht zuletzt: Poesie ist das identit\u00e4tsstiftende Element der Kultur, KUNOs <a href=\"http:\/\/www.editiondaslabor.de\/blog\/?p=25630\">poetologische Positionsbestimmung<\/a>.<\/p>\r\n\r\n\r\n","protected":false},"excerpt":{"rendered":"<p>&nbsp; So kam ich unter die Deutschen. Ich forderte nicht viel und war gefa\u00dft, noch weniger zu finden. &nbsp; &nbsp; *** Friedrich H\u00f6lderlins Leben ist die Geschichte eines Einzelg\u00e4ngers, der keinen Halt im Leben fand, obwohl er hingebungsvoll liebte und&hellip;<\/p>\n<p class=\"more-link-p\"><a class=\"more-link\" href=\"http:\/\/www.editiondaslabor.de\/blog\/2009\/03\/20\/hyperion\/\">Read more &rarr;<\/a><\/p>\n","protected":false},"author":91,"featured_media":98741,"comment_status":"closed","ping_status":"closed","sticky":false,"template":"","format":"standard","meta":{"footnotes":""},"categories":[1],"tags":[220],"class_list":["post-62674","post","type-post","status-publish","format-standard","has-post-thumbnail","hentry","category-literatur","tag-friedrich-holderlin"],"_links":{"self":[{"href":"http:\/\/www.editiondaslabor.de\/blog\/wp-json\/wp\/v2\/posts\/62674","targetHints":{"allow":["GET"]}}],"collection":[{"href":"http:\/\/www.editiondaslabor.de\/blog\/wp-json\/wp\/v2\/posts"}],"about":[{"href":"http:\/\/www.editiondaslabor.de\/blog\/wp-json\/wp\/v2\/types\/post"}],"author":[{"embeddable":true,"href":"http:\/\/www.editiondaslabor.de\/blog\/wp-json\/wp\/v2\/users\/91"}],"replies":[{"embeddable":true,"href":"http:\/\/www.editiondaslabor.de\/blog\/wp-json\/wp\/v2\/comments?post=62674"}],"version-history":[{"count":1,"href":"http:\/\/www.editiondaslabor.de\/blog\/wp-json\/wp\/v2\/posts\/62674\/revisions"}],"predecessor-version":[{"id":98839,"href":"http:\/\/www.editiondaslabor.de\/blog\/wp-json\/wp\/v2\/posts\/62674\/revisions\/98839"}],"wp:featuredmedia":[{"embeddable":true,"href":"http:\/\/www.editiondaslabor.de\/blog\/wp-json\/wp\/v2\/media\/98741"}],"wp:attachment":[{"href":"http:\/\/www.editiondaslabor.de\/blog\/wp-json\/wp\/v2\/media?parent=62674"}],"wp:term":[{"taxonomy":"category","embeddable":true,"href":"http:\/\/www.editiondaslabor.de\/blog\/wp-json\/wp\/v2\/categories?post=62674"},{"taxonomy":"post_tag","embeddable":true,"href":"http:\/\/www.editiondaslabor.de\/blog\/wp-json\/wp\/v2\/tags?post=62674"}],"curies":[{"name":"wp","href":"https:\/\/api.w.org\/{rel}","templated":true}]}}