{"id":62559,"date":"1997-10-13T00:01:00","date_gmt":"1997-10-12T22:01:00","guid":{"rendered":"http:\/\/www.editiondaslabor.de\/blog\/?p=62559"},"modified":"2023-02-17T08:30:49","modified_gmt":"2023-02-17T07:30:49","slug":"uomo-universale","status":"publish","type":"post","link":"http:\/\/www.editiondaslabor.de\/blog\/1997\/10\/13\/uomo-universale\/","title":{"rendered":"Uomo universale"},"content":{"rendered":"\r\n<p class=\"has-text-color has-text-align-right has-cyan-bluish-gray-color\" style=\"text-align: right;\"><span style=\"color: #999999;\"><em>Worte, Bilder und Kl\u00e4nge sind f\u00fcr mich die Elementarteilchen der Kommunikation und ein Medium ist die Zeitraumwarte, von der aus ich ihr fl\u00fcchtiges Spiel ersp\u00e4hen kann.<\/em><\/span><\/p>\r\n<p><span style=\"color: #999999;\">\r\n\r\n<\/span><\/p>\r\n<p class=\"has-text-color has-text-align-right has-cyan-bluish-gray-color\" style=\"text-align: right;\"><span style=\"color: #999999;\">Ioona Rauschan<\/span><\/p>\r\n\r\n\r\n\r\n<p style=\"text-align: justify;\">Auf Heines Spuren in D\u00fcsseldorf, Hamburg und Paris erz\u00e4hlt Ioona Rauschan die Geschichte seines Lebens aus einem eigenen poetischen Blickwinkel, ohne die Chronologie der Ereignisse und Heines Texte aus den Augen zu verlieren. Optischer Mittelpunkt ist ein k\u00fcnstlicher Raum, in dessen Zentrum ein Schreibtisch steht der durch eine Art virtuelles Fenster mit der Au\u00dfenwelt verbunden ist. Er wandelt sich am Ende in Heines Matratzengruft, aus der er krank, aber geistig ungebrochen auf die Welt schaut.<\/p>\r\n<p>&nbsp;<\/p>\r\n<p>&nbsp;<\/p>\r\n\r\n\r\n\r\n<p class=\"has-text-align-center\" style=\"text-align: center;\">***<\/p>\r\n\r\n\r\n\r\n<p style=\"text-align: justify;\"><strong>Auf der Schwelle<\/strong>. Ein Filmessay \u00fcber Heinrich Heine von Ioona Rauschan. Edition Biograph, 1997<\/p>\r\n\r\n\r\n\r\n<p style=\"text-align: justify;\"><strong><a href=\"http:\/\/www.editiondaslabor.de\/blog\/wp-content\/uploads\/2012\/12\/Ioona.jpg\"><img loading=\"lazy\" decoding=\"async\" class=\"alignleft size-full wp-image-9071\" src=\"http:\/\/www.editiondaslabor.de\/blog\/wp-content\/uploads\/2012\/12\/Ioona.jpg\" alt=\"\" width=\"140\" height=\"140\" \/><\/a>Weiterf\u00fchrend \u2192<\/strong><\/p>\r\n\r\n\r\n\r\n<p style=\"text-align: justify;\">Ein <a href=\"http:\/\/www.editiondaslabor.de\/blog\/1997\/06\/09\/die-liaison-zwischen-text-und-publikum\/\">Kollegengespr\u00e4ch<\/a> mit Ioona Rauschan findet sich hier<em>. <\/em>Das Live-H\u00f6rspiel <a href=\"http:\/\/www.editiondaslabor.de\/blog\/1993\/05\/10\/5-oder-die-elemente\/\"><em>5 oder die Elemente <\/em><\/a>wurde in der Regie von Ioona Rauschan mit Marion Haberstroh und Kai M\u00f6nnich im Gutenberg-Museum zu Mainz uraufgef\u00fchrt. Probeh\u00f6ren kann man das Monodram <em><a href=\"http:\/\/www.vordenker.de\/taeger\/senora_nada.htm\">Se\u00f1ora Nada<\/a><\/em> (Regie Ioona Rauschan) in der Reihe MetaPhon. Das H\u00f6rbuch <a href=\"http:\/\/www.editiondaslabor.de\/blog\/?p=28660\"><em>Gedichte<\/em> <\/a>mit einer Klangkomposition von Tom T\u00e4ger auf CD erh\u00e4ltlich.<\/p>\r\n","protected":false},"excerpt":{"rendered":"<p>Worte, Bilder und Kl\u00e4nge sind f\u00fcr mich die Elementarteilchen der Kommunikation und ein Medium ist die Zeitraumwarte, von der aus ich ihr fl\u00fcchtiges Spiel ersp\u00e4hen kann. Ioona Rauschan Auf Heines Spuren in D\u00fcsseldorf, Hamburg und Paris erz\u00e4hlt Ioona Rauschan die&hellip;<\/p>\n<p class=\"more-link-p\"><a class=\"more-link\" href=\"http:\/\/www.editiondaslabor.de\/blog\/1997\/10\/13\/uomo-universale\/\">Read more &rarr;<\/a><\/p>\n","protected":false},"author":195,"featured_media":98133,"comment_status":"closed","ping_status":"closed","sticky":false,"template":"","format":"standard","meta":{"footnotes":""},"categories":[1],"tags":[853,36],"class_list":["post-62559","post","type-post","status-publish","format-standard","has-post-thumbnail","hentry","category-literatur","tag-heinrich-heine","tag-ioona-rauschan"],"_links":{"self":[{"href":"http:\/\/www.editiondaslabor.de\/blog\/wp-json\/wp\/v2\/posts\/62559","targetHints":{"allow":["GET"]}}],"collection":[{"href":"http:\/\/www.editiondaslabor.de\/blog\/wp-json\/wp\/v2\/posts"}],"about":[{"href":"http:\/\/www.editiondaslabor.de\/blog\/wp-json\/wp\/v2\/types\/post"}],"author":[{"embeddable":true,"href":"http:\/\/www.editiondaslabor.de\/blog\/wp-json\/wp\/v2\/users\/195"}],"replies":[{"embeddable":true,"href":"http:\/\/www.editiondaslabor.de\/blog\/wp-json\/wp\/v2\/comments?post=62559"}],"version-history":[{"count":2,"href":"http:\/\/www.editiondaslabor.de\/blog\/wp-json\/wp\/v2\/posts\/62559\/revisions"}],"predecessor-version":[{"id":104494,"href":"http:\/\/www.editiondaslabor.de\/blog\/wp-json\/wp\/v2\/posts\/62559\/revisions\/104494"}],"wp:featuredmedia":[{"embeddable":true,"href":"http:\/\/www.editiondaslabor.de\/blog\/wp-json\/wp\/v2\/media\/98133"}],"wp:attachment":[{"href":"http:\/\/www.editiondaslabor.de\/blog\/wp-json\/wp\/v2\/media?parent=62559"}],"wp:term":[{"taxonomy":"category","embeddable":true,"href":"http:\/\/www.editiondaslabor.de\/blog\/wp-json\/wp\/v2\/categories?post=62559"},{"taxonomy":"post_tag","embeddable":true,"href":"http:\/\/www.editiondaslabor.de\/blog\/wp-json\/wp\/v2\/tags?post=62559"}],"curies":[{"name":"wp","href":"https:\/\/api.w.org\/{rel}","templated":true}]}}