{"id":62507,"date":"2021-05-02T00:01:00","date_gmt":"2021-05-01T22:01:00","guid":{"rendered":"http:\/\/www.editiondaslabor.de\/blog\/?p=62507"},"modified":"2022-02-19T18:15:00","modified_gmt":"2022-02-19T17:15:00","slug":"erinnerungsfilm","status":"publish","type":"post","link":"http:\/\/www.editiondaslabor.de\/blog\/2021\/05\/02\/erinnerungsfilm\/","title":{"rendered":"Erinnerungsfilm"},"content":{"rendered":"\r\n<p class=\"has-text-color has-text-align-right has-cyan-bluish-gray-color\" style=\"text-align: right;\"><span style=\"color: #999999;\"><em>Geschichte zerf\u00e4llt in Bilder, nicht in Geschichten.<\/em><\/span><\/p>\r\n<p><span style=\"color: #999999;\">\r\n\r\n<\/span><\/p>\r\n<p class=\"has-text-color has-text-align-right has-cyan-bluish-gray-color\" style=\"text-align: right;\"><span style=\"color: #999999;\">Walter Benjamin<\/span><\/p>\r\n\r\n\r\n\r\n<p style=\"text-align: justify;\">Obschon Ungarn den &#8222;Eisernen Vorhang&#8220; bereits am <a href=\"http:\/\/www.editiondaslabor.de\/blog\/1989\/05\/02\/elektronische-sicherungsanlagen-und-stacheldrahtzaeune\/\">2. Mai 1989<\/a> \u00f6ffnete, brauchte es ein kraftvolles Symbol, der friedvollen Besetzung des Brandenburger Tors. Dieses Tor ist das bekannteste Berliner Wahrzeichen und ein deutsches Nationalsymbol, mit dem viele wichtige geschichtliche Ereignisse des 19. und 20. Jahrhunderts verbunden sind. So wurde bis zum Zweiten Weltkrieg vor allem das Ende der napoleonischen Herrschaft 1813\u20131815 mit dem Bauwerk verbunden. In der Weimarer Republik wurde hier allj\u00e4hrlich am 11. August der Verfassungstag begangen. Bis zur Mauer\u00f6ffnung stand es unmittelbar an der Grenze zwischen Ost- und West-Berlin und symbolisierte so w\u00e4hrend des Kaltern Krieges das Aufeinandertreffen von Warschauer Pakt und Nato an der weltpolitisch heikelsten Stelle ihres gemeinsamen Grenzverlaufes. Entsprechend wird das Brandenburger Tor seit 1990 auch als Symbol der \u00dcberwindung der Teilung Deutschlands und Europas angesehen.<\/p>\r\n\r\n\r\n\r\n<p style=\"text-align: justify;\">Der Roman <a href=\"http:\/\/www.editiondaslabor.de\/?p=506\"><em>Abgeschlossenes Sammelgebiet<\/em><\/a> nimmt von der Ideologie des Verbrauchertums Abstand. Es gibt f\u00fcr diesen Romancier nicht den geringsten Grund, Zugest\u00e4ndnisse an den Mainstream zu machen. Es ist eine schneident imtelligente wie bitter-ironische Reflexionsprosa. Gro\u00dfartige B\u00fccher liest man nicht, um sie zu verstehen. Es geht nie um Verst\u00e4ndnis. Die B\u00fccher, die interessant sind, sind B\u00fccher, die man auf den ersten Klick nicht versteht. B\u00fccher, die dem Leser viel abverlangen. B\u00fccher, die\u00a0den Leser zwingen sich mit dem auseinanderzusetzen, was man nicht weiss. B\u00fccher, die\u00a0dem Leser etwas von au\u00dfen Kommendes erfahren lassen. Was sich in den <a href=\"http:\/\/www.editiondaslabor.de\/blog\/?p=6036\">Vignetten<\/a> sacht andeutete, \u00fcber Schicksale und Handlungsstr\u00e4nge die Weigoni in den <a href=\"http:\/\/www.editiondaslabor.de\/blog\/?p=12913\"><em>Zombies<\/em><\/a> ausgelegt und in <a href=\"http:\/\/www.editiondaslabor.de\/?p=229\"><em>Cyberspasz <\/em><\/a>zusammengef\u00fchrt hat, wird in seinem ersten Roman zu Gewi\u00dfheit, hier entsteht ein Lebenswerk, das im glattgef\u00f6hnten Literatur-Betrieb wie ein Solit\u00e4r funkelt.<\/p>\r\n<p>&nbsp;<\/p>\r\n<p>&nbsp;<\/p>\r\n\r\n\r\n\r\n<p class=\"has-text-align-center\" style=\"text-align: center;\">***<\/p>\r\n\r\n\r\n\r\n<p><strong>Abgeschlossenes Sammelgebiet<\/strong>, Roman von A. J. Weigoni, Edition Das Labor, M\u00fclheim 2014 \u2013 Limitierte und handsignierte Ausgabe des Buches als Hardcover<\/p>\r\n<div id=\"attachment_98410\" style=\"width: 204px\" class=\"wp-caption alignleft\"><img loading=\"lazy\" decoding=\"async\" aria-describedby=\"caption-attachment-98410\" class=\"wp-image-98410 size-medium\" src=\"http:\/\/www.editiondaslabor.de\/blog\/wp-content\/uploads\/2021\/08\/RomanCoverMotiv-194x300.jpg\" alt=\"\" width=\"194\" height=\"300\" \/><p id=\"caption-attachment-98410\" class=\"wp-caption-text\">Postwertzeichen erschienen zum 20. Jahrestag der DDR. Entwertet am 9. November 1989<\/p><\/div>\r\n<p style=\"text-align: justify;\"><strong>Weiterf\u00fchrend \u2192 <\/strong><\/p>\r\n<p style=\"text-align: justify;\">Zur historischen Abfolge, eine <a href=\"http:\/\/www.editiondaslabor.de\/blog\/?p=25344\">Einf\u00fchrung<\/a>.\u00a0Eine Rezension von Jo Wei\u00df findet sich <a href=\"http:\/\/www.editiondaslabor.de\/blog\/?p=24394\">hier<\/a>. Einen Essay von Regine M\u00fcller lesen Sie <a href=\"http:\/\/www.editiondaslabor.de\/blog\/?p=24412\">hier<\/a>. Beim <em>vordenker<\/em> <a href=\"http:\/\/www.editiondaslabor.de\/blog\/2014\/10\/09\/lebensabschnittsgefaehrten\/\">entdeckt<\/a> Constanze Schmidt in diesem Roman einen Dreiklang. Auf <span data-offset-key=\"cphj4-0-0\">der vom Netz gegangenen<\/span> <a href=\"http:\/\/www.editiondaslabor.de\/blog\/2014\/12\/26\/parallelfuehrung-der-liebesverhaeltnisse\/\">Fixpoetry<\/a> arbeitet Margretha Schnarhelt einen Vergleich zwischen A.J. Weigoni und Haruki Murakami heraus. Eine weitere Parallele zu <em>Jahrestage<\/em> von Uwe Johnson wird <a href=\"http:\/\/www.editiondaslabor.de\/blog\/?p=24922\">hier<\/a> gezogen. Die Dualit\u00e4t des Erscheinens mit Lutz Seilers \u201cKruso\u201d wird <a href=\"http:\/\/www.editiondaslabor.de\/blog\/?p=26315\">hier<\/a> thematisiert. In der Neuen Rheinischen Zeitung <a href=\"http:\/\/www.editiondaslabor.de\/blog\/2015\/08\/13\/liebe-sinnlich-ideologisch\/\">w\u00fcrdigt<\/a> Karl Feldkamp wie A.J. Weigoni in seinem ersten Roman den Leser zu Hochgenuss verf\u00fchrt.<\/p>\r\n\r\n\r\n\r\n\r\n","protected":false},"excerpt":{"rendered":"<p>Geschichte zerf\u00e4llt in Bilder, nicht in Geschichten. Walter Benjamin Obschon Ungarn den &#8222;Eisernen Vorhang&#8220; bereits am 2. Mai 1989 \u00f6ffnete, brauchte es ein kraftvolles Symbol, der friedvollen Besetzung des Brandenburger Tors. Dieses Tor ist das bekannteste Berliner Wahrzeichen und ein&hellip;<\/p>\n<p class=\"more-link-p\"><a class=\"more-link\" href=\"http:\/\/www.editiondaslabor.de\/blog\/2021\/05\/02\/erinnerungsfilm\/\">Read more &rarr;<\/a><\/p>\n","protected":false},"author":2,"featured_media":98410,"comment_status":"closed","ping_status":"closed","sticky":false,"template":"","format":"standard","meta":{"footnotes":""},"categories":[1],"tags":[628,2880],"class_list":["post-62507","post","type-post","status-publish","format-standard","has-post-thumbnail","hentry","category-literatur","tag-a-j-weigoni","tag-walter-benjam"],"_links":{"self":[{"href":"http:\/\/www.editiondaslabor.de\/blog\/wp-json\/wp\/v2\/posts\/62507","targetHints":{"allow":["GET"]}}],"collection":[{"href":"http:\/\/www.editiondaslabor.de\/blog\/wp-json\/wp\/v2\/posts"}],"about":[{"href":"http:\/\/www.editiondaslabor.de\/blog\/wp-json\/wp\/v2\/types\/post"}],"author":[{"embeddable":true,"href":"http:\/\/www.editiondaslabor.de\/blog\/wp-json\/wp\/v2\/users\/2"}],"replies":[{"embeddable":true,"href":"http:\/\/www.editiondaslabor.de\/blog\/wp-json\/wp\/v2\/comments?post=62507"}],"version-history":[{"count":2,"href":"http:\/\/www.editiondaslabor.de\/blog\/wp-json\/wp\/v2\/posts\/62507\/revisions"}],"predecessor-version":[{"id":98629,"href":"http:\/\/www.editiondaslabor.de\/blog\/wp-json\/wp\/v2\/posts\/62507\/revisions\/98629"}],"wp:featuredmedia":[{"embeddable":true,"href":"http:\/\/www.editiondaslabor.de\/blog\/wp-json\/wp\/v2\/media\/98410"}],"wp:attachment":[{"href":"http:\/\/www.editiondaslabor.de\/blog\/wp-json\/wp\/v2\/media?parent=62507"}],"wp:term":[{"taxonomy":"category","embeddable":true,"href":"http:\/\/www.editiondaslabor.de\/blog\/wp-json\/wp\/v2\/categories?post=62507"},{"taxonomy":"post_tag","embeddable":true,"href":"http:\/\/www.editiondaslabor.de\/blog\/wp-json\/wp\/v2\/tags?post=62507"}],"curies":[{"name":"wp","href":"https:\/\/api.w.org\/{rel}","templated":true}]}}