{"id":62433,"date":"2021-02-08T00:01:26","date_gmt":"2021-02-07T23:01:26","guid":{"rendered":"http:\/\/www.editiondaslabor.de\/blog\/?p=62433"},"modified":"2022-03-02T11:05:14","modified_gmt":"2022-03-02T10:05:14","slug":"ein-lebenskreativer","status":"publish","type":"post","link":"http:\/\/www.editiondaslabor.de\/blog\/2021\/02\/08\/ein-lebenskreativer\/","title":{"rendered":"Ein Lebenskreativer, der mit sich selbst im Reinen war"},"content":{"rendered":"\r\n<p style=\"text-align: right;\"><span class=\"d2edcug0 hpfvmrgz qv66sw1b c1et5uql oi732d6d ik7dh3pa fgxwclzu a8c37x1j keod5gw0 nxhoafnm aigsh9s9 d3f4x2em fe6kdd0r mau55g9w c8b282yb iv3no6db jq4qci2q a3bd9o3v knj5qynh oo9gr5id hzawbc8m\" dir=\"auto\" style=\"color: #999999;\"><em>Weigoni blieb sich bis zum Schluss treu, seine Lebensgeschichte kann andere &#8222;freie&#8220; Lyriker motivieren, sauber zu bleiben und ihr Ding gegen alle Widerst\u00e4nde seitens konservativem Szenekl\u00fcngel selbstbewusst und souver\u00e4n zu drehen!<\/em> <\/span><\/p>\r\n<p style=\"text-align: right;\"><span style=\"color: #999999;\">Thomas Holzapfel (Nahbellpreisk<\/span><span class=\"lemma__main\" style=\"color: #999999;\">o\u00admi\u00adtee)<\/span><\/p>\r\n<p style=\"text-align: right;\"><span style=\"color: #999999;\">\u00a0<\/span><\/p>\r\n<p style=\"text-align: justify;\">Die Lyrik von A.J. Weigoni \u00e4hnelte einer Kugel aus Kristall, sich drehend zeigte sie uns unendlich viele Facetten und wir blieben gefordert, immer aufs Neue nach ihrer Wahrheit zu fragen. Der dahinflie\u00dfende Sound des Denkens und Schreibens hinein, in eine detailversessene, musikalisch vor sich hinkontrapunktierende \u00c4sthetik der Poesie.<\/p>\r\n\r\n\r\n\r\n<p style=\"text-align: justify;\">Diese Gedichte sind musikalische Gebilde, in denen der Klang der Alltagssprache, aber auch Dialekte und Jargons h\u00f6rbar gemacht werden. Sie sind pr\u00e4zise geformt, und nehmen die Bewegung des Gehenden auf, dem die T\u00e4tigkeit des Gehens schon nicht mehr bewusst ist, dem Au\u00dfen und Innen verschwimmen, dessen Denken vollkommen mit dem Takt der Welt korrespondiert. Gleichklang und Repetition: Es sind kleine Verschiebungen, die in diesem Text stattfinden, subtile Variationen werden bedeutsam, die Weigonis Poesie ist im wahrsten Sinne genau komponiert. Im Zerbrechen von Sprache und Form leuchtet eine Wahrheit auf, in der sich die Fragmentierung des heutigen Lebens spiegelt. Eine Sprache, die auf alles Kommunikative verzichte und ihr Geheimnis aus dem Fragmentarischen bezieht. Aus dem Verzicht auf Konsistenz erw\u00e4chst Dichtung.<\/p>\r\n\r\n\r\n\r\n<p style=\"text-align: justify;\">Weigoni gelang es gedankliche Offenheit mit stilistischer Pr\u00e4zision zu verbinden. Sprachphilosophie und experimentelle Lyrik f\u00fcr viele Lyriker siamesische Zwillinge, sie n\u00e4hen sich beiden mal mit grober, mal mit feiner Nadel zusammen. Er unterwarf sich nicht irgendeinem formalen Zwang, sondern schrieb Literatur nach seinen eigenen Vorstellungen. Wir trauern um den Verlust, aber wir feiern zugleich das Verm\u00e4chtnis seiner Lyrik und ihres Einflusses darauf, wie wir die Welt wahrnehmen.<\/p>\r\n<p>&nbsp;<\/p>\r\n<p>&nbsp;<\/p>\r\n\r\n\r\n\r\n<p class=\"has-text-align-center\" style=\"text-align: center;\">***<\/p>\r\n<p style=\"text-align: justify;\"><strong>Der Schuber<\/strong>, Werkausgabe der s\u00e4mtlichen Gedichte von A.J. Weigoni, Edition Das Labor, M\u00fclheim 2017<\/p>\r\n\r\n\r\n\r\n<figure class=\"wp-block-image\" style=\"text-align: justify;\">\r\n<div id=\"attachment_62000\" style=\"width: 1034px\" class=\"wp-caption aligncenter\"><img loading=\"lazy\" decoding=\"async\" aria-describedby=\"caption-attachment-62000\" class=\"wp-image-62000\" src=\"http:\/\/www.editiondaslabor.de\/blog\/wp-content\/uploads\/2020\/03\/image-5-1024x683.jpeg\" alt=\"\" width=\"1024\" height=\"683\" srcset=\"http:\/\/www.editiondaslabor.de\/blog\/wp-content\/uploads\/2020\/03\/image-5-1024x683.jpeg 1024w, http:\/\/www.editiondaslabor.de\/blog\/wp-content\/uploads\/2020\/03\/image-5-300x200.jpeg 300w, http:\/\/www.editiondaslabor.de\/blog\/wp-content\/uploads\/2020\/03\/image-5-768x512.jpeg 768w, http:\/\/www.editiondaslabor.de\/blog\/wp-content\/uploads\/2020\/03\/image-5-560x374.jpeg 560w, http:\/\/www.editiondaslabor.de\/blog\/wp-content\/uploads\/2020\/03\/image-5-260x173.jpeg 260w, http:\/\/www.editiondaslabor.de\/blog\/wp-content\/uploads\/2020\/03\/image-5-160x107.jpeg 160w, http:\/\/www.editiondaslabor.de\/blog\/wp-content\/uploads\/2020\/03\/image-5.jpeg 1280w\" sizes=\"auto, (max-width: 1024px) 100vw, 1024px\" \/><p id=\"caption-attachment-62000\" class=\"wp-caption-text\">Der Schuber wurde handgefertigt von Olaf Grevels (Vorwerk Kartonagen) \u2013 Photo: Jesko Hagen<\/p><\/div>\r\n<\/figure>\r\n\r\n\r\n\r\n<p style=\"text-align: justify;\">\u00a0<\/p>\r\n\r\n\r\n\r\n<p style=\"text-align: justify;\"><strong>Weiterf\u00fchrend \u2192\u00a0<\/strong>Jeder Band aus dem <em>Schuber<\/em> von A.J. Weigoni ist ein Sammlerobjekt. Und jedes Titelbild ein Kunstwerk. KUNO fa\u00dft die <a href=\"http:\/\/www.editiondaslabor.de\/blog\/?p=42570\">Stimmen<\/a> zu dieser verlegerischen Gro\u00dftat zusammen. Last but not least: <a href=\"http:\/\/www.editiondaslabor.de\/blog\/?p=25524\"><em>VerDichtung \u2013 \u00dcber das Verfertigen von Poesie<\/em><\/a>, ein Essay von A.J. Weigoni in dem er dichtungstheoretisch die poetologischen Grunds\u00e4tze seines Schaffens beschreibt.<\/p>\r\n\r\n\r\n\r\n<p style=\"text-align: justify;\"><strong>H\u00f6rbproben \u2192 <\/strong>Probeh\u00f6ren kann man Ausz\u00fcge der <a href=\"http:\/\/vordenker.de\/weigoni\/schmauchspuren.html\">Schmauchspuren<\/a>, von <a href=\"http:\/\/www.vordenker.de\/weigoni\/neige.html\">An der Neige<\/a> und des Monodrams <a href=\"http:\/\/www.vordenker.de\/taeger\/senora_nada.htm\">Se\u00f1ora Nada<\/a> in der Reihe <a href=\"http:\/\/www.editiondaslabor.de\/blog\/?p=17799\">MetaPhon<\/a>. Zuletzt bei KUNO, eine Polemik von A.J. Weigoni \u00fcber den Sinn einer <a href=\"http:\/\/www.editiondaslabor.de\/blog\/2015\/02\/07\/bartleby\/\">Lesung<\/a>.<\/p>\r\n","protected":false},"excerpt":{"rendered":"<p>Weigoni blieb sich bis zum Schluss treu, seine Lebensgeschichte kann andere &#8222;freie&#8220; Lyriker motivieren, sauber zu bleiben und ihr Ding gegen alle Widerst\u00e4nde seitens konservativem Szenekl\u00fcngel selbstbewusst und souver\u00e4n zu drehen! Thomas Holzapfel (Nahbellpreisko\u00admi\u00adtee) \u00a0 Die Lyrik von A.J. Weigoni&hellip;<\/p>\n<p class=\"more-link-p\"><a class=\"more-link\" href=\"http:\/\/www.editiondaslabor.de\/blog\/2021\/02\/08\/ein-lebenskreativer\/\">Read more &rarr;<\/a><\/p>\n","protected":false},"author":39,"featured_media":98387,"comment_status":"closed","ping_status":"closed","sticky":false,"template":"","format":"standard","meta":{"footnotes":""},"categories":[1],"tags":[1700],"class_list":["post-62433","post","type-post","status-publish","format-standard","has-post-thumbnail","hentry","category-literatur","tag-jo-weiss"],"_links":{"self":[{"href":"http:\/\/www.editiondaslabor.de\/blog\/wp-json\/wp\/v2\/posts\/62433","targetHints":{"allow":["GET"]}}],"collection":[{"href":"http:\/\/www.editiondaslabor.de\/blog\/wp-json\/wp\/v2\/posts"}],"about":[{"href":"http:\/\/www.editiondaslabor.de\/blog\/wp-json\/wp\/v2\/types\/post"}],"author":[{"embeddable":true,"href":"http:\/\/www.editiondaslabor.de\/blog\/wp-json\/wp\/v2\/users\/39"}],"replies":[{"embeddable":true,"href":"http:\/\/www.editiondaslabor.de\/blog\/wp-json\/wp\/v2\/comments?post=62433"}],"version-history":[{"count":1,"href":"http:\/\/www.editiondaslabor.de\/blog\/wp-json\/wp\/v2\/posts\/62433\/revisions"}],"predecessor-version":[{"id":101402,"href":"http:\/\/www.editiondaslabor.de\/blog\/wp-json\/wp\/v2\/posts\/62433\/revisions\/101402"}],"wp:featuredmedia":[{"embeddable":true,"href":"http:\/\/www.editiondaslabor.de\/blog\/wp-json\/wp\/v2\/media\/98387"}],"wp:attachment":[{"href":"http:\/\/www.editiondaslabor.de\/blog\/wp-json\/wp\/v2\/media?parent=62433"}],"wp:term":[{"taxonomy":"category","embeddable":true,"href":"http:\/\/www.editiondaslabor.de\/blog\/wp-json\/wp\/v2\/categories?post=62433"},{"taxonomy":"post_tag","embeddable":true,"href":"http:\/\/www.editiondaslabor.de\/blog\/wp-json\/wp\/v2\/tags?post=62433"}],"curies":[{"name":"wp","href":"https:\/\/api.w.org\/{rel}","templated":true}]}}