{"id":62338,"date":"1998-07-03T00:01:00","date_gmt":"1998-07-02T22:01:00","guid":{"rendered":"http:\/\/www.editiondaslabor.de\/blog\/?p=62338"},"modified":"2023-06-03T20:26:52","modified_gmt":"2023-06-03T18:26:52","slug":"zum-nachdenken-fuer-herrenreiter","status":"publish","type":"post","link":"http:\/\/www.editiondaslabor.de\/blog\/1998\/07\/03\/zum-nachdenken-fuer-herrenreiter\/","title":{"rendered":"Zum Nachdenken f\u00fcr Herrenreiter"},"content":{"rendered":"\r\n<p>&nbsp;<\/p>\r\n<p style=\"text-align: justify;\">Nichts, wenn man es \u00fcberlegt, kann dazu verlocken, in einem Wettrennen der erste sein zu wollen.<\/p>\r\n\r\n\r\n\r\n<p style=\"text-align: justify;\">Der Ruhm, als der beste Reiter eines Landes anerkannt zu werden, freut beim Losgehn des Orchesters zu stark, als da\u00df sich am Morgen danach die Reue verhindern lie\u00dfe.<\/p>\r\n\r\n\r\n\r\n<p style=\"text-align: justify;\">Der Neid der Gegner, listiger, ziemlich einflu\u00dfreicher Leute, mu\u00df uns in dem engen Spalier schmerzen, das wir nun durchreiten nach jener Ebene, die bald vor uns leer war bis auf einige \u00fcberrundete Reiter, die klein gegen den Rand des Horizonts anritten.<\/p>\r\n\r\n\r\n\r\n<p style=\"text-align: justify;\">Viele unserer Freunde eilen, den Gewinn zu beheben, und nur \u00fcber die Schultern weg schreien sie von den entlegenen Schaltern ihr Hurra zu uns; die besten Freunde aber haben gar nicht auf unser Pferd gesetzt, da sie f\u00fcrchteten, k\u00e4me es zum Verluste, m\u00fc\u00dften sie uns b\u00f6se sein, nun aber, da unser Pferd das erste war und sie nichts gewonnen haben, drehn sie sich um, wenn wir vor\u00fcberkommen und schauen lieber die Trib\u00fcnen entlang.<\/p>\r\n\r\n\r\n\r\n<p style=\"text-align: justify;\">Die Konkurrenten r\u00fcckw\u00e4rts, fest im Sattel, suchen das Ungl\u00fcck zu \u00fcberblicken, das sie getroffen hat, und das Unrecht, das ihnen irgendwie zugef\u00fcgt wird; sie nehmen ein frisches Aussehen an, als m\u00fcsse ein neues Rennen anfangen und ein ernsthaftes nach diesem Kinderspiel.<\/p>\r\n\r\n\r\n\r\n<p style=\"text-align: justify;\">Vielen Damen scheint der Sieger l\u00e4cherlich, weil er sich aufbl\u00e4ht und doch nicht wei\u00df, was anzufangen mit dem ewigen H\u00e4ndesch\u00fctteln, Salutieren, Sich-Niederbeugen und In-die-Ferne-Gr\u00fc\u00dfen, w\u00e4hrend die Besiegten den Mund geschlossen haben und die H\u00e4lse ihrer meist wiehernden Pferde leichthin klopfen.<\/p>\r\n\r\n\r\n\r\n<p style=\"text-align: justify;\">Endlich f\u00e4ngt es gar aus dem tr\u00fcb gewordenen Himmel zu regnen an.<\/p>\r\n<p class=\"has-text-color has-very-dark-gray-color\">\u00a0<\/p>\r\n<p>&nbsp;<\/p>\r\n<p>&nbsp;<\/p>\r\n<p style=\"text-align: justify;\"><strong><img loading=\"lazy\" decoding=\"async\" class=\"size-medium wp-image-99615 alignleft\" src=\"http:\/\/www.editiondaslabor.de\/blog\/wp-content\/uploads\/2025\/07\/Franz_Kafka-246x300.jpg\" alt=\"\" width=\"246\" height=\"300\" \/>\u2192<\/strong> Lesen Sie auch Franz Kafka Erz\u00e4hlung <a href=\"http:\/\/www.editiondaslabor.de\/blog\/?p=16433\">Ein Hungerk\u00fcnstler<\/a>. Die Artisten der Edition das Labor haben in 2001 Jahren den K\u00fcnstlerpreis <a href=\"http:\/\/www.editiondaslabor.de\/blog\/?page_id=572\">Das Hungertuch<\/a> begr\u00fcndet.<\/p>\r\n","protected":false},"excerpt":{"rendered":"<p>&nbsp; Nichts, wenn man es \u00fcberlegt, kann dazu verlocken, in einem Wettrennen der erste sein zu wollen. Der Ruhm, als der beste Reiter eines Landes anerkannt zu werden, freut beim Losgehn des Orchesters zu stark, als da\u00df sich am Morgen&hellip;<\/p>\n<p class=\"more-link-p\"><a class=\"more-link\" href=\"http:\/\/www.editiondaslabor.de\/blog\/1998\/07\/03\/zum-nachdenken-fuer-herrenreiter\/\">Read more &rarr;<\/a><\/p>\n","protected":false},"author":107,"featured_media":99615,"comment_status":"closed","ping_status":"closed","sticky":false,"template":"","format":"standard","meta":{"footnotes":""},"categories":[1],"tags":[494],"class_list":["post-62338","post","type-post","status-publish","format-standard","has-post-thumbnail","hentry","category-literatur","tag-franz-kafka"],"_links":{"self":[{"href":"http:\/\/www.editiondaslabor.de\/blog\/wp-json\/wp\/v2\/posts\/62338","targetHints":{"allow":["GET"]}}],"collection":[{"href":"http:\/\/www.editiondaslabor.de\/blog\/wp-json\/wp\/v2\/posts"}],"about":[{"href":"http:\/\/www.editiondaslabor.de\/blog\/wp-json\/wp\/v2\/types\/post"}],"author":[{"embeddable":true,"href":"http:\/\/www.editiondaslabor.de\/blog\/wp-json\/wp\/v2\/users\/107"}],"replies":[{"embeddable":true,"href":"http:\/\/www.editiondaslabor.de\/blog\/wp-json\/wp\/v2\/comments?post=62338"}],"version-history":[{"count":2,"href":"http:\/\/www.editiondaslabor.de\/blog\/wp-json\/wp\/v2\/posts\/62338\/revisions"}],"predecessor-version":[{"id":104734,"href":"http:\/\/www.editiondaslabor.de\/blog\/wp-json\/wp\/v2\/posts\/62338\/revisions\/104734"}],"wp:featuredmedia":[{"embeddable":true,"href":"http:\/\/www.editiondaslabor.de\/blog\/wp-json\/wp\/v2\/media\/99615"}],"wp:attachment":[{"href":"http:\/\/www.editiondaslabor.de\/blog\/wp-json\/wp\/v2\/media?parent=62338"}],"wp:term":[{"taxonomy":"category","embeddable":true,"href":"http:\/\/www.editiondaslabor.de\/blog\/wp-json\/wp\/v2\/categories?post=62338"},{"taxonomy":"post_tag","embeddable":true,"href":"http:\/\/www.editiondaslabor.de\/blog\/wp-json\/wp\/v2\/tags?post=62338"}],"curies":[{"name":"wp","href":"https:\/\/api.w.org\/{rel}","templated":true}]}}