{"id":62331,"date":"2006-03-31T18:50:00","date_gmt":"2006-03-31T16:50:00","guid":{"rendered":"http:\/\/www.editiondaslabor.de\/blog\/?p=62331"},"modified":"2025-02-04T13:19:46","modified_gmt":"2025-02-04T12:19:46","slug":"der-fahrgast","status":"publish","type":"post","link":"http:\/\/www.editiondaslabor.de\/blog\/2006\/03\/31\/der-fahrgast\/","title":{"rendered":"Der Fahrgast"},"content":{"rendered":"\r\n<p style=\"text-align: justify;\">\u00a0<\/p>\r\n<p style=\"text-align: justify;\">Ich stehe auf der Plattform des elektrischen Wagens und bin vollst\u00e4ndig unsicher in R\u00fccksicht meiner Stellung in dieser Welt, in dieser Stadt, in meiner Familie. Auch nicht beil\u00e4ufig k\u00f6nnte ich angeben, welche Anspr\u00fcche ich in irgendeiner Richtung mit Recht vorbringen k\u00f6nnte. Ich kann es gar nicht verteidigen, da\u00df ich auf dieser Plattform stehe, mich an dieser Schlinge halte, von diesem Wagen mich tragen lasse, da\u00df Leute dem Wagen ausweichen oder still gehn, oder vor den Schaufenstern ruhn. \u2013 Niemand verlangt es ja von mir, aber das ist gleichg\u00fcltig.<\/p>\r\n\r\n\r\n\r\n<p style=\"text-align: justify;\">Der Wagen n\u00e4hert sich einer Haltestelle, ein M\u00e4dchen stellt sich nahe den Stufen, zum Aussteigen bereit. Sie erscheint mir so deutlich, als ob ich sie betastet h\u00e4tte. Sie ist schwarz gekleidet, die Rockfalten bewegen sich fast nicht, die Bluse ist knapp und hat einen Kragen aus wei\u00dfer kleinmaschiger Spitze, die linke Hand h\u00e4lt sie flach an die Wand, der Schirm in ihrer Rechten steht auf der zweitobersten Stufe. Ihr Gesicht ist braun, die Nase, an den Seiten schwach gepre\u00dft, schlie\u00dft rund und breit ab. Sie hat viel braunes Haar und verwehte H\u00e4rchen an der rechten Schl\u00e4fe. Ihr kleines Ohr liegt eng an, doch sehe ich, da ich nahe stehe, den ganzen R\u00fccken der rechten Ohrmuschel und den Schatten an der Wurzel.<\/p>\r\n\r\n\r\n\r\n<p style=\"text-align: justify;\">Ich fragte mich damals: Wieso kommt es, da\u00df sie nicht \u00fcber sich verwundert ist, da\u00df sie den Mund geschlossen h\u00e4lt und nichts dergleichen sagt?<\/p>\r\n<p style=\"text-align: justify;\">\u00a0<\/p>\r\n<p>&nbsp;<\/p>\r\n\r\n\r\n\r\n<p class=\"has-text-align-center\" style=\"text-align: center;\">***<\/p>\r\n\r\n\r\n\r\n<p style=\"text-align: justify;\">\u00a0<\/p>\r\n<p><strong><img loading=\"lazy\" decoding=\"async\" class=\"size-medium wp-image-99615 alignleft\" src=\"http:\/\/www.editiondaslabor.de\/blog\/wp-content\/uploads\/2025\/07\/Franz_Kafka-246x300.jpg\" alt=\"\" width=\"246\" height=\"300\" \/><\/strong><\/p>\r\n<p><strong>Weiterf\u00fchrend\u00a0<\/strong><strong>\u2192<\/strong> Bereits <a href=\"http:\/\/www.editiondaslabor.de\/blog\/?p=62917\">zum zehnten Todestag<\/a> erkannte Walter Benjamin die Bedeutung dieses Autors.<\/p>","protected":false},"excerpt":{"rendered":"<p>\u00a0 Ich stehe auf der Plattform des elektrischen Wagens und bin vollst\u00e4ndig unsicher in R\u00fccksicht meiner Stellung in dieser Welt, in dieser Stadt, in meiner Familie. Auch nicht beil\u00e4ufig k\u00f6nnte ich angeben, welche Anspr\u00fcche ich in irgendeiner Richtung mit Recht&hellip;<\/p>\n<p class=\"more-link-p\"><a class=\"more-link\" href=\"http:\/\/www.editiondaslabor.de\/blog\/2006\/03\/31\/der-fahrgast\/\">Read more &rarr;<\/a><\/p>\n","protected":false},"author":107,"featured_media":99615,"comment_status":"closed","ping_status":"closed","sticky":false,"template":"","format":"standard","meta":{"footnotes":""},"categories":[1],"tags":[494],"class_list":["post-62331","post","type-post","status-publish","format-standard","has-post-thumbnail","hentry","category-literatur","tag-franz-kafka"],"_links":{"self":[{"href":"http:\/\/www.editiondaslabor.de\/blog\/wp-json\/wp\/v2\/posts\/62331","targetHints":{"allow":["GET"]}}],"collection":[{"href":"http:\/\/www.editiondaslabor.de\/blog\/wp-json\/wp\/v2\/posts"}],"about":[{"href":"http:\/\/www.editiondaslabor.de\/blog\/wp-json\/wp\/v2\/types\/post"}],"author":[{"embeddable":true,"href":"http:\/\/www.editiondaslabor.de\/blog\/wp-json\/wp\/v2\/users\/107"}],"replies":[{"embeddable":true,"href":"http:\/\/www.editiondaslabor.de\/blog\/wp-json\/wp\/v2\/comments?post=62331"}],"version-history":[{"count":2,"href":"http:\/\/www.editiondaslabor.de\/blog\/wp-json\/wp\/v2\/posts\/62331\/revisions"}],"predecessor-version":[{"id":106577,"href":"http:\/\/www.editiondaslabor.de\/blog\/wp-json\/wp\/v2\/posts\/62331\/revisions\/106577"}],"wp:featuredmedia":[{"embeddable":true,"href":"http:\/\/www.editiondaslabor.de\/blog\/wp-json\/wp\/v2\/media\/99615"}],"wp:attachment":[{"href":"http:\/\/www.editiondaslabor.de\/blog\/wp-json\/wp\/v2\/media?parent=62331"}],"wp:term":[{"taxonomy":"category","embeddable":true,"href":"http:\/\/www.editiondaslabor.de\/blog\/wp-json\/wp\/v2\/categories?post=62331"},{"taxonomy":"post_tag","embeddable":true,"href":"http:\/\/www.editiondaslabor.de\/blog\/wp-json\/wp\/v2\/tags?post=62331"}],"curies":[{"name":"wp","href":"https:\/\/api.w.org\/{rel}","templated":true}]}}