{"id":62316,"date":"2002-07-03T00:19:00","date_gmt":"2002-07-02T22:19:00","guid":{"rendered":"http:\/\/www.editiondaslabor.de\/blog\/?p=62316"},"modified":"2020-03-31T19:50:45","modified_gmt":"2020-03-31T17:50:45","slug":"die-baeume","status":"publish","type":"post","link":"http:\/\/www.editiondaslabor.de\/blog\/2002\/07\/03\/die-baeume\/","title":{"rendered":"Die B\u00e4ume"},"content":{"rendered":"\n<p>Denn wir sind wie Baumst\u00e4mme im Schnee. Scheinbar liegen sie glatt auf, und mit kleinem Ansto\u00df sollte man sie wegschieben k\u00f6nnen. Nein, das kann man nicht, denn sie sind fest mit dem Boden verbunden. Aber sieh, sogar das ist nur scheinbar.<\/p>\n\n\n\n<p class=\"has-text-align-center\">***<\/p>\n\n\n\n<p>Franz Kafka neigte zu aphoristischen Gedankensplittern und dem  eigenwilligen Aneignen kollektiver, mythischer Diskurse, um einen  Prozess der Selbstreflexion in Gang zu setzen, der vom bloss  Pers\u00f6nlichen und Privaten abstrahierte und es verbarg. Seine kurzen  Texte kann man als Vorform der <em>Twitteratur<\/em>  bezeichnen.<\/p>\n\n\n\n<p><strong>Weiterf\u00fchrend&nbsp;\u2192 <\/strong>ein Essay \u00fcber die neue Literaturgattung <a href=\"http:\/\/www.editiondaslabor.de\/blog\/?p=22423\"><em>Twitteratur<\/em><\/a>, sowie ein <a href=\"http:\/\/www.editiondaslabor.de\/blog\/2019\/09\/06\/recap-hungertuchpreis\/\">Recap<\/a> des Hungertuchpreises.<\/p>\n","protected":false},"excerpt":{"rendered":"<p>Denn wir sind wie Baumst\u00e4mme im Schnee. Scheinbar liegen sie glatt auf, und mit kleinem Ansto\u00df sollte man sie wegschieben k\u00f6nnen. Nein, das kann man nicht, denn sie sind fest mit dem Boden verbunden. Aber sieh, sogar das ist nur&hellip;<\/p>\n<p class=\"more-link-p\"><a class=\"more-link\" href=\"http:\/\/www.editiondaslabor.de\/blog\/2002\/07\/03\/die-baeume\/\">Read more &rarr;<\/a><\/p>\n","protected":false},"author":107,"featured_media":16706,"comment_status":"closed","ping_status":"closed","sticky":false,"template":"","format":"standard","meta":{"footnotes":""},"categories":[1],"tags":[494],"class_list":["post-62316","post","type-post","status-publish","format-standard","has-post-thumbnail","hentry","category-literatur","tag-franz-kafka"],"_links":{"self":[{"href":"http:\/\/www.editiondaslabor.de\/blog\/wp-json\/wp\/v2\/posts\/62316","targetHints":{"allow":["GET"]}}],"collection":[{"href":"http:\/\/www.editiondaslabor.de\/blog\/wp-json\/wp\/v2\/posts"}],"about":[{"href":"http:\/\/www.editiondaslabor.de\/blog\/wp-json\/wp\/v2\/types\/post"}],"author":[{"embeddable":true,"href":"http:\/\/www.editiondaslabor.de\/blog\/wp-json\/wp\/v2\/users\/107"}],"replies":[{"embeddable":true,"href":"http:\/\/www.editiondaslabor.de\/blog\/wp-json\/wp\/v2\/comments?post=62316"}],"version-history":[{"count":0,"href":"http:\/\/www.editiondaslabor.de\/blog\/wp-json\/wp\/v2\/posts\/62316\/revisions"}],"wp:featuredmedia":[{"embeddable":true,"href":"http:\/\/www.editiondaslabor.de\/blog\/wp-json\/"}],"wp:attachment":[{"href":"http:\/\/www.editiondaslabor.de\/blog\/wp-json\/wp\/v2\/media?parent=62316"}],"wp:term":[{"taxonomy":"category","embeddable":true,"href":"http:\/\/www.editiondaslabor.de\/blog\/wp-json\/wp\/v2\/categories?post=62316"},{"taxonomy":"post_tag","embeddable":true,"href":"http:\/\/www.editiondaslabor.de\/blog\/wp-json\/wp\/v2\/tags?post=62316"}],"curies":[{"name":"wp","href":"https:\/\/api.w.org\/{rel}","templated":true}]}}