{"id":62209,"date":"2020-04-09T00:01:43","date_gmt":"2020-04-08T22:01:43","guid":{"rendered":"http:\/\/www.editiondaslabor.de\/blog\/?p=62209"},"modified":"2020-12-25T07:21:24","modified_gmt":"2020-12-25T06:21:24","slug":"auge-an-auge","status":"publish","type":"post","link":"http:\/\/www.editiondaslabor.de\/blog\/2020\/04\/09\/auge-an-auge\/","title":{"rendered":"Auge an Auge"},"content":{"rendered":"\r\n<p>&nbsp;<\/p>\r\n<p>in der rue moreau<\/p>\r\n\r\n\r\n\r\n<p>kenne ich einige die<\/p>\r\n\r\n\r\n\r\n<p>tasten die welt mit<\/p>\r\n\r\n\r\n\r\n<p>d\u00fcrren st\u00f6cken<\/p>\r\n\r\n\r\n\r\n<p>sie bewohnen zimmer<\/p>\r\n\r\n\r\n\r\n<p>wie v\u00f6gel sehen ihre fenster<\/p>\r\n\r\n\r\n\r\n<p>auf die stadt<\/p>\r\n\r\n\r\n\r\n<p>im blindenhospital<\/p>\r\n\r\n\r\n\r\n<p>in der unverputzten bar<\/p>\r\n\r\n\r\n\r\n<p>sitzen sie auge an auge<\/p>\r\n\r\n\r\n\r\n<p>und bewundern bunte speisen<\/p>\r\n\r\n\r\n\r\n<p>\u00fcber nase und mund<\/p>\r\n\r\n\r\n\r\n<p>in der rue moreau ist<\/p>\r\n\r\n\r\n\r\n<p>ihr stockschlag in die schw\u00e4rze<\/p>\r\n\r\n\r\n\r\n<p>anderen ein metronom<\/p>\r\n\r\n\r\n\r\n<p>f\u00fcr tag und nacht<\/p>\r\n<p>&nbsp;<\/p>\r\n<p>&nbsp;<\/p>\r\n\r\n\r\n\r\n<p class=\"has-text-align-center\" style=\"text-align: center;\">***<\/p>\r\n\r\n\r\n\r\n<p style=\"text-align: justify;\"><strong>WORTSCHAU<\/strong> Literaturmagazin, Ausgabe Nr. 35, April 2020<\/p>\r\n\r\n\r\n\r\n<div class=\"wp-block-image\" style=\"text-align: justify;\">\r\n<figure class=\"alignleft size-large is-resized\"><img loading=\"lazy\" decoding=\"async\" class=\"wp-image-62211\" src=\"http:\/\/www.editiondaslabor.de\/blog\/wp-content\/uploads\/2020\/03\/Wortschau_Cover-724x1024.jpg\" alt=\"\" width=\"181\" height=\"256\" \/><\/figure>\r\n<\/div>\r\n\r\n\r\n\r\n<p style=\"text-align: justify;\">Paris ist nicht nur eine Reise wert, sondern eine ganze Ausgabe der <em>Wortschau<\/em>, die KUNO k\u00fcrzlich <a href=\"http:\/\/www.editiondaslabor.de\/blog\/2020\/02\/17\/wortschau\/\">vorstellte<\/a>. Sie lesen \u00fcber die <em>ville lumi\u00e8re<\/em> erhellendes von Monika Vasik, Annette Hagemann, Marion Hinz, Angelika Seite, Frank Norden, Dimitrij Gawrisch, Harald Kappel, Gundaga R\u00eapse, James Hopkins, David Oates, Kathrin Schadt, A.J. Weigoni, Ren\u00e9 Ullrich-G\u00e9rard, Mich\u00e8le Pauty, Werner Weimar-Mazur, Crauss, Jensen, Peter Ettl, Jo Bernard. Durch diese unterschiedlichen Beitr\u00e4ge leuchtet Paris in einem ganz eigenen Ton. Hier wurde das Licht der Aufkl\u00e4rung und des sozialen Fortschritts entz\u00fcndet, eine der ersten Universit\u00e4ten Europas gegr\u00fcndet, fanden politische, soziale, k\u00fcnstlerische Revolutionen statt, die heute die EU bestimmen. Als Stadt der Lichtmalerei reicht die fotografische Tradition zu den Urspr\u00fcngen dieser Kunst, in den Stra\u00dfen sind die ersten Fotodokumentationen von Eug\u00e8ne Atget entstanden. Diese Tradition wird fortgesetzt von der bildenden K\u00fcnstlerin Kathrin Niemala und dem Grafiker Thorsten Keller, die dieser Ausgabe eine eigene Note verleihen.<\/p>\r\n\r\n\r\n\r\n<p style=\"text-align: justify;\"><strong>Weiterf\u00fchrend \u2192<\/strong><\/p>\r\n\r\n\r\n\r\n<p style=\"text-align: justify;\">Ein Portr\u00e4t von Peter Ettl und der Edition Silver Horse finden Sie <a href=\"http:\/\/www.editiondaslabor.de\/blog\/2012\/04\/29\/wild-horses-could-not-drag-me-away\/\">hier<\/a>. \u2013 Poesie z\u00e4hlt f\u00fcr KUNO weiterhin zu den identit\u00e4ts- und identifikationstiftenden Elementen einer Kultur, dies bezeugte auch der Versuch einer <a href=\"http:\/\/www.editiondaslabor.de\/blog\/?p=25630\">poetologischen Positionsbestimmung<\/a>.<\/p>\r\n","protected":false},"excerpt":{"rendered":"<p>&nbsp; in der rue moreau kenne ich einige die tasten die welt mit d\u00fcrren st\u00f6cken sie bewohnen zimmer wie v\u00f6gel sehen ihre fenster auf die stadt im blindenhospital in der unverputzten bar sitzen sie auge an auge und bewundern bunte&hellip;<\/p>\n<p class=\"more-link-p\"><a class=\"more-link\" href=\"http:\/\/www.editiondaslabor.de\/blog\/2020\/04\/09\/auge-an-auge\/\">Read more &rarr;<\/a><\/p>\n","protected":false},"author":44,"featured_media":62211,"comment_status":"closed","ping_status":"closed","sticky":false,"template":"","format":"standard","meta":{"footnotes":""},"categories":[1],"tags":[2456,1619,420,2464,2463,2457,2460,2459,2461,2469,2442,2470,2465,2462,2467,2458,160,2466,2471,1953],"class_list":["post-62209","post","type-post","status-publish","format-standard","has-post-thumbnail","hentry","category-literatur","tag-angelika-seite","tag-annette-hagemann","tag-crauss","tag-david-oates","tag-dimitrij-gawrisch","tag-frank-norden","tag-gundaga-repse","tag-harald-kappel","tag-james-hopkins","tag-jo-bernard","tag-johanna-hansen","tag-kathrin-niemala","tag-kathrin-schadt","tag-marion-hinz","tag-michele-pauty","tag-monika-vasik","tag-peter-ettl","tag-rene-ullrich-gerard","tag-thorsten-keller","tag-werner-weimar-mazur"],"_links":{"self":[{"href":"http:\/\/www.editiondaslabor.de\/blog\/wp-json\/wp\/v2\/posts\/62209","targetHints":{"allow":["GET"]}}],"collection":[{"href":"http:\/\/www.editiondaslabor.de\/blog\/wp-json\/wp\/v2\/posts"}],"about":[{"href":"http:\/\/www.editiondaslabor.de\/blog\/wp-json\/wp\/v2\/types\/post"}],"author":[{"embeddable":true,"href":"http:\/\/www.editiondaslabor.de\/blog\/wp-json\/wp\/v2\/users\/44"}],"replies":[{"embeddable":true,"href":"http:\/\/www.editiondaslabor.de\/blog\/wp-json\/wp\/v2\/comments?post=62209"}],"version-history":[{"count":0,"href":"http:\/\/www.editiondaslabor.de\/blog\/wp-json\/wp\/v2\/posts\/62209\/revisions"}],"wp:featuredmedia":[{"embeddable":true,"href":"http:\/\/www.editiondaslabor.de\/blog\/wp-json\/"}],"wp:attachment":[{"href":"http:\/\/www.editiondaslabor.de\/blog\/wp-json\/wp\/v2\/media?parent=62209"}],"wp:term":[{"taxonomy":"category","embeddable":true,"href":"http:\/\/www.editiondaslabor.de\/blog\/wp-json\/wp\/v2\/categories?post=62209"},{"taxonomy":"post_tag","embeddable":true,"href":"http:\/\/www.editiondaslabor.de\/blog\/wp-json\/wp\/v2\/tags?post=62209"}],"curies":[{"name":"wp","href":"https:\/\/api.w.org\/{rel}","templated":true}]}}