{"id":62191,"date":"2024-11-21T00:01:20","date_gmt":"2024-11-20T23:01:20","guid":{"rendered":"http:\/\/www.editiondaslabor.de\/blog\/?p=62191"},"modified":"2022-02-21T13:45:43","modified_gmt":"2022-02-21T12:45:43","slug":"rueckblick-3","status":"publish","type":"post","link":"http:\/\/www.editiondaslabor.de\/blog\/2024\/11\/21\/rueckblick-3\/","title":{"rendered":"R\u00fcckblick"},"content":{"rendered":"\r\n<p>&nbsp;<\/p>\r\n<p>An dem Tag (ein Dienstag),<br \/>an dem die Theorien anfingen<br \/>mit ihren Konsequenzen Ernst zu machen,<\/p>\r\n\r\n\r\n\r\n<p>d.h. ein riesiger Schr\u00f6dinger-<br \/>STRUMPF oder SCHLUPF (das wei\u00df man nicht)<br \/>die Maschen der Raum-Zeit zerri\u00df,<\/p>\r\n\r\n\r\n\r\n<p>pl\u00f6tzlich alle top-Quarks TRUDELTEN<br \/>(Kramer), und zwar chaotisch, d.h.<br \/>ein sog. von-Neumann-KUCHEN entstand:<\/p>\r\n\r\n\r\n\r\n<p>eine Sch\u00f6nheit, aus der 1 V\u00f6gelchen flog<br \/>(vermutet ein Higgs-Teilchen), zwitschernd,<br \/>an dem die gesamte web-Wissensgesellschaft<\/p>\r\n\r\n\r\n\r\n<p>sich zur ersten Massenmasturbation<br \/>im Internet traf, und ein gentechnisch<br \/>erzeugter JAPANER mit nachts nach-<\/p>\r\n\r\n\r\n\r\n<p>wachsenden Extremit\u00e4ten alle Kinder<br \/>entz\u00fcckte \u2026 entstanden seltsame<br \/>Sorgen in uns; f\u00fcr kurze Zeit.<\/p>\r\n\r\n\r\n\r\n<p>&nbsp;<\/p>\r\n<p>&nbsp;<\/p>\r\n\r\n\r\n\r\n<p class=\"has-text-align-center\" style=\"text-align: center;\">***<\/p>\r\n\r\n\r\n\r\n<div class=\"wp-block-image\">\r\n<figure class=\"alignleft size-large\"><img loading=\"lazy\" decoding=\"async\" width=\"278\" height=\"382\" class=\"wp-image-62193\" src=\"http:\/\/www.editiondaslabor.de\/blog\/wp-content\/uploads\/2020\/03\/image-11.jpeg\" alt=\"\" srcset=\"http:\/\/www.editiondaslabor.de\/blog\/wp-content\/uploads\/2020\/03\/image-11.jpeg 278w, http:\/\/www.editiondaslabor.de\/blog\/wp-content\/uploads\/2020\/03\/image-11-218x300.jpeg 218w, http:\/\/www.editiondaslabor.de\/blog\/wp-content\/uploads\/2020\/03\/image-11-260x357.jpeg 260w, http:\/\/www.editiondaslabor.de\/blog\/wp-content\/uploads\/2020\/03\/image-11-160x220.jpeg 160w\" sizes=\"auto, (max-width: 278px) 100vw, 278px\" \/><\/figure>\r\n<\/div>\r\n\r\n\r\n\r\n<p style=\"text-align: justify;\">Der Lyriker, Essayist und Aphoristiker Maximilian Zander ist am 21.11.2016 im Alter von 87 Jahren in Castrop-Rauxel gestorben.\u00a0Seit Mitte der 1990er-Jahre ver\u00f6ffentlichte Zander Gedichte und Aphorismen. Seine lakonischen (immer wieder auch metalyrischen) Gedichte, die u.\u00a0a. in Literaturzeitschriften wie <em>ndl<\/em>, <em>Muschelhaufen<\/em>, <em>Faltblatt<\/em> und Anthologien wie Axel Kutsch, <a href=\"http:\/\/www.editiondaslabor.de\/blog\/?p=12833\"><em>Versnetze<\/em><\/a> (2005) oder Theo Breuer, <em>NordWestS\u00fcdOst<\/em> (2003) sowie in bislang vier Gedichtb\u00e4nden erschienen, setzen sich auf ironisch-distanzierte Art und Weise mit Alltag und Gesellschaft aus der Sicht eines welterfahrenen Menschen auseinander.<\/p>\r\n\r\n\r\n\r\n<p style=\"text-align: justify;\"><strong>Weiterf\u00fchrend \u2192<\/strong><\/p>\r\n\r\n\r\n\r\n<p style=\"text-align: justify;\">Lesen Sie auch seinen <a href=\"http:\/\/www.editiondaslabor.de\/blog\/?p=5418\">Essay <\/a>\u00fcber Lyrik. \u2013 Poesie ist das identit\u00e4tsstiftende Element der Kultur, KUNOs <a href=\"http:\/\/www.editiondaslabor.de\/blog\/?p=25630\">poetologische Positionsbestimmung<\/a>.<\/p>\r\n","protected":false},"excerpt":{"rendered":"<p>&nbsp; An dem Tag (ein Dienstag),an dem die Theorien anfingenmit ihren Konsequenzen Ernst zu machen, d.h. ein riesiger Schr\u00f6dinger-STRUMPF oder SCHLUPF (das wei\u00df man nicht)die Maschen der Raum-Zeit zerri\u00df, pl\u00f6tzlich alle top-Quarks TRUDELTEN(Kramer), und zwar chaotisch, d.h.ein sog. von-Neumann-KUCHEN entstand:&hellip;<\/p>\n<p class=\"more-link-p\"><a class=\"more-link\" href=\"http:\/\/www.editiondaslabor.de\/blog\/2024\/11\/21\/rueckblick-3\/\">Read more &rarr;<\/a><\/p>\n","protected":false},"author":31,"featured_media":99196,"comment_status":"closed","ping_status":"closed","sticky":false,"template":"","format":"standard","meta":{"footnotes":""},"categories":[1],"tags":[173],"class_list":["post-62191","post","type-post","status-publish","format-standard","has-post-thumbnail","hentry","category-literatur","tag-maximilian-zander"],"_links":{"self":[{"href":"http:\/\/www.editiondaslabor.de\/blog\/wp-json\/wp\/v2\/posts\/62191","targetHints":{"allow":["GET"]}}],"collection":[{"href":"http:\/\/www.editiondaslabor.de\/blog\/wp-json\/wp\/v2\/posts"}],"about":[{"href":"http:\/\/www.editiondaslabor.de\/blog\/wp-json\/wp\/v2\/types\/post"}],"author":[{"embeddable":true,"href":"http:\/\/www.editiondaslabor.de\/blog\/wp-json\/wp\/v2\/users\/31"}],"replies":[{"embeddable":true,"href":"http:\/\/www.editiondaslabor.de\/blog\/wp-json\/wp\/v2\/comments?post=62191"}],"version-history":[{"count":1,"href":"http:\/\/www.editiondaslabor.de\/blog\/wp-json\/wp\/v2\/posts\/62191\/revisions"}],"predecessor-version":[{"id":99197,"href":"http:\/\/www.editiondaslabor.de\/blog\/wp-json\/wp\/v2\/posts\/62191\/revisions\/99197"}],"wp:featuredmedia":[{"embeddable":true,"href":"http:\/\/www.editiondaslabor.de\/blog\/wp-json\/wp\/v2\/media\/99196"}],"wp:attachment":[{"href":"http:\/\/www.editiondaslabor.de\/blog\/wp-json\/wp\/v2\/media?parent=62191"}],"wp:term":[{"taxonomy":"category","embeddable":true,"href":"http:\/\/www.editiondaslabor.de\/blog\/wp-json\/wp\/v2\/categories?post=62191"},{"taxonomy":"post_tag","embeddable":true,"href":"http:\/\/www.editiondaslabor.de\/blog\/wp-json\/wp\/v2\/tags?post=62191"}],"curies":[{"name":"wp","href":"https:\/\/api.w.org\/{rel}","templated":true}]}}