{"id":61975,"date":"2010-03-02T00:01:00","date_gmt":"2010-03-01T23:01:00","guid":{"rendered":"http:\/\/www.editiondaslabor.de\/blog\/?p=61975"},"modified":"2021-10-06T15:05:00","modified_gmt":"2021-10-06T13:05:00","slug":"wir","status":"publish","type":"post","link":"http:\/\/www.editiondaslabor.de\/blog\/2010\/03\/02\/wir\/","title":{"rendered":"Wir"},"content":{"rendered":"\r\n<p>&nbsp;<\/p>\r\n<p style=\"text-align: justify;\">Wir ist ein beschreibendes Wort, ein gro\u00dfes Wort, ein sch\u00fctzendes Wort, ein erm\u00fcdendes Wort. Wenn wir Wir sagen, dann versammle ich mich und uns und andere in dieses Haus mit drei Buchstaben. Doch wer geh\u00f6rt dazu und wer nicht?<\/p>\r\n<p>&nbsp;<\/p>\r\n<p>&nbsp;<\/p>\r\n\r\n\r\n\r\n<p class=\"has-text-align-center\" style=\"text-align: center;\">***<\/p>\r\n\r\n\r\n\r\n<p style=\"text-align: justify;\"><strong><a href=\"http:\/\/www.editiondaslabor.de\/blog\/wp-content\/uploads\/2018\/12\/Bernstein-Cover.jpg\"><img loading=\"lazy\" decoding=\"async\" class=\"alignleft wp-image-53128 size-medium\" src=\"http:\/\/www.editiondaslabor.de\/blog\/wp-content\/uploads\/2018\/12\/Bernstein-Cover-300x300.jpg\" alt=\"\" width=\"300\" height=\"300\" srcset=\"http:\/\/www.editiondaslabor.de\/blog\/wp-content\/uploads\/2018\/12\/Bernstein-Cover-300x300.jpg 300w, http:\/\/www.editiondaslabor.de\/blog\/wp-content\/uploads\/2018\/12\/Bernstein-Cover-150x150.jpg 150w, http:\/\/www.editiondaslabor.de\/blog\/wp-content\/uploads\/2018\/12\/Bernstein-Cover.jpg 458w\" sizes=\"auto, (max-width: 300px) 100vw, 300px\" \/><\/a>Weiterf\u00fchrend\u00a0\u2192 <\/strong>ein Essay \u00fcber die neue Literaturgattung <a href=\"http:\/\/www.editiondaslabor.de\/blog\/?p=22423\"><em>Twitteratur<\/em><\/a>, sowie ein <a href=\"http:\/\/www.editiondaslabor.de\/blog\/2019\/09\/06\/recap-hungertuchpreis\/\">Recap<\/a> des Hungertuchpreises.<\/p>\r\n\r\n\r\n\r\n<p style=\"text-align: justify;\">Einen Rezensionsessay von Holger Benkel \u00fcber <strong>Bernstein und Valencia, <\/strong>Stories von Sibylle Ciarloni finden Sie <a href=\"http:\/\/www.editiondaslabor.de\/blog\/2020\/03\/12\/kuchenmaennchen-und-hummermenschen\/\">hier<\/a>. F\u00fcr das Projekt <a href=\"http:\/\/www.vordenker.de\/kollegen\/kollegen.htm\">Kollegengespr\u00e4che<\/a> hat A.J. Weigoni einen Austausch zwischen Schriftstellern angeregt. Auf KUNO ist diese Reihe aufgelebt, daher brachten wir den Austausch zwischen Sibylle Ciarloni und Joanna Lisiak \u00fcber<em><a href=\"http:\/\/www.editiondaslabor.de\/blog\/2017\/12\/03\/hier-also-bin-ich\/\"> Weltfremdheit, Mehrwert und selbstbewusste W\u00f6rter<\/a>.<\/em><\/p>\r\n","protected":false},"excerpt":{"rendered":"<p>&nbsp; Wir ist ein beschreibendes Wort, ein gro\u00dfes Wort, ein sch\u00fctzendes Wort, ein erm\u00fcdendes Wort. Wenn wir Wir sagen, dann versammle ich mich und uns und andere in dieses Haus mit drei Buchstaben. Doch wer geh\u00f6rt dazu und wer nicht?&hellip;<\/p>\n<p class=\"more-link-p\"><a class=\"more-link\" href=\"http:\/\/www.editiondaslabor.de\/blog\/2010\/03\/02\/wir\/\">Read more &rarr;<\/a><\/p>\n","protected":false},"author":168,"featured_media":53128,"comment_status":"closed","ping_status":"closed","sticky":false,"template":"","format":"standard","meta":{"footnotes":""},"categories":[1],"tags":[1961],"class_list":["post-61975","post","type-post","status-publish","format-standard","has-post-thumbnail","hentry","category-literatur","tag-sibylle-ciarloni"],"_links":{"self":[{"href":"http:\/\/www.editiondaslabor.de\/blog\/wp-json\/wp\/v2\/posts\/61975","targetHints":{"allow":["GET"]}}],"collection":[{"href":"http:\/\/www.editiondaslabor.de\/blog\/wp-json\/wp\/v2\/posts"}],"about":[{"href":"http:\/\/www.editiondaslabor.de\/blog\/wp-json\/wp\/v2\/types\/post"}],"author":[{"embeddable":true,"href":"http:\/\/www.editiondaslabor.de\/blog\/wp-json\/wp\/v2\/users\/168"}],"replies":[{"embeddable":true,"href":"http:\/\/www.editiondaslabor.de\/blog\/wp-json\/wp\/v2\/comments?post=61975"}],"version-history":[{"count":0,"href":"http:\/\/www.editiondaslabor.de\/blog\/wp-json\/wp\/v2\/posts\/61975\/revisions"}],"wp:featuredmedia":[{"embeddable":true,"href":"http:\/\/www.editiondaslabor.de\/blog\/wp-json\/"}],"wp:attachment":[{"href":"http:\/\/www.editiondaslabor.de\/blog\/wp-json\/wp\/v2\/media?parent=61975"}],"wp:term":[{"taxonomy":"category","embeddable":true,"href":"http:\/\/www.editiondaslabor.de\/blog\/wp-json\/wp\/v2\/categories?post=61975"},{"taxonomy":"post_tag","embeddable":true,"href":"http:\/\/www.editiondaslabor.de\/blog\/wp-json\/wp\/v2\/tags?post=61975"}],"curies":[{"name":"wp","href":"https:\/\/api.w.org\/{rel}","templated":true}]}}