{"id":6151,"date":"2012-07-16T00:01:57","date_gmt":"2012-07-15T22:01:57","guid":{"rendered":"http:\/\/www.editiondaslabor.de\/blog\/?p=6151"},"modified":"2022-04-06T13:51:37","modified_gmt":"2022-04-06T11:51:37","slug":"meine-erste-schallplatte-2","status":"publish","type":"post","link":"http:\/\/www.editiondaslabor.de\/blog\/2012\/07\/16\/meine-erste-schallplatte-2\/","title":{"rendered":"Meine erste Schallplatte"},"content":{"rendered":"<div id=\"attachment_6158\" style=\"width: 650px\" class=\"wp-caption aligncenter\"><a href=\"http:\/\/www.editiondaslabor.de\/blog\/wp-content\/uploads\/2012\/07\/Foto-am-02-01-2012-um-11.44-32.jpg\"><img loading=\"lazy\" decoding=\"async\" aria-describedby=\"caption-attachment-6158\" class=\"wp-image-6158 size-full\" title=\"Foto am 02-01-2012 um 11.44 #3\" src=\"http:\/\/www.editiondaslabor.de\/blog\/wp-content\/uploads\/2012\/07\/Foto-am-02-01-2012-um-11.44-32.jpg\" alt=\"\" width=\"640\" height=\"480\" srcset=\"http:\/\/www.editiondaslabor.de\/blog\/wp-content\/uploads\/2012\/07\/Foto-am-02-01-2012-um-11.44-32.jpg 640w, http:\/\/www.editiondaslabor.de\/blog\/wp-content\/uploads\/2012\/07\/Foto-am-02-01-2012-um-11.44-32-300x225.jpg 300w\" sizes=\"auto, (max-width: 640px) 100vw, 640px\" \/><\/a><p id=\"caption-attachment-6158\" class=\"wp-caption-text\">Bild: Archiv Mischa Kuball, D\u00fcsseldorf<\/p><\/div>\n<p><em>Life circles at 33rpm!\u00a0<\/em><\/p>\n<p><em>Editorische Notiz:<\/em><a href=\"http:\/\/de.wikipedia.org\/wiki\/Mischa_Kuball\"> Mischa Kuball<\/a>: Kopflos &#8211; <a href=\"http:\/\/de.wikipedia.org\/wiki\/David_Bowie\">David Bowie<\/a> ohne Unterleib.<\/p>\n<p>&nbsp;<\/p>\n<p style=\"text-align: justify;\"><strong>Weiterf\u00fchrend\u00a0<\/strong><strong>\u2192\u00a0<\/strong><\/p>\n<div class=\"ecm0bbzt e5nlhep0 a8c37x1j\" style=\"text-align: justify;\">\n<div class=\"kvgmc6g5 cxmmr5t8 oygrvhab hcukyx3x c1et5uql\">\n<div dir=\"auto\">Meine erste Schallplatte: \u201eHeart of glass\u201c von Blondie, <a href=\"http:\/\/www.editiondaslabor.de\/blog\/2012\/07\/30\/6282\/\">vorgestellt<\/a> von Martina Haimerl. <span data-offset-key=\"eaie5-0-0\">Life circles at 33rpm!, <a href=\"http:\/\/www.editiondaslabor.de\/blog\/2012\/07\/16\/meine-erste-schallplatte-2\/\">postulierte<\/a> Mischa Kuball. <\/span><span data-offset-key=\"3f7gr-0-0\">Wer sich hinter &#8222;<a href=\"http:\/\/www.editiondaslabor.de\/blog\/2012\/07\/09\/meine-erste-schallplatte-oder-mister-b\/\">Mister B<\/a>&#8220; verbirgt, beschreibt Christine Kappe. Erg\u00e4nzen ein Artikel zum <a href=\"http:\/\/www.editiondaslabor.de\/blog\/1989\/05\/01\/kassettenuntergrund\/\">Kassettenuntergrund<\/a>. <\/span><span data-offset-key=\"ajv9h-0-0\">\u00bb<a href=\"http:\/\/www.editiondaslabor.de\/blog\/2012\/06\/18\/meine-erste-schallplatte-%e2%80%9edon-juan-von-dave-dee-dozy-beaky-mick-and-tich\/\">Don Juan<\/a>\u00ab von Dave Dee, Dozy, Beaky, Mick and Tich, vorgestellt von Joachim Feldmann. <\/span><a href=\"http:\/\/www.editiondaslabor.de\/blog\/2012\/06\/02\/5165\/\">Eine Reise ins Gl\u00fcck<\/a> von den Lilians, vorgestellt von <span class=\"vcard author\"><span class=\"fn\">Ju Sophie Kerschbaumer<\/span><\/span>. \u201eThis charming man\u201c von den Smiths <a href=\"http:\/\/www.editiondaslabor.de\/blog\/2012\/07\/01\/meine-erste-platte-this-charming-man-von-den-schmidts\/\">vorgestellt<\/a> von <span class=\"vcard author\"><span class=\"fn\">Haimo Hieronymus<\/span><\/span>. The Fall \u2013 Big New Prince <a href=\"http:\/\/www.editiondaslabor.de\/blog\/2014\/08\/25\/mein-klassiker-the-fall-big-new-prince\/\">vorgestellt<\/a> von <span class=\"vcard author\"><span class=\"fn\">Enno Stahl.\u00a0<\/span><\/span><a href=\"http:\/\/www.editiondaslabor.de\/blog\/2020\/04\/12\/dschaeaeaezz\/\">Dsch\u00e4\u00e4\u00e4zz<\/a>!!!, geh\u00f6rt von <span class=\"vcard author\"><span class=\"fn\">Eva Kurowski. Helge Schneider ist wahrscheinlich der bislang einzige Solo-K\u00fcnstler, der gleich mit seiner ersten Platte den Titel <a href=\"http:\/\/www.editiondaslabor.de\/blog\/1989\/04\/02\/die-singende-herrentorte\/\"><em>Seine gr\u00f6\u00dften Erfolge<\/em><\/a> gab. Begleitet wurde er bei den Aufnahmen durch Tonmeister Tom T\u00e4ger im <a href=\"http:\/\/www.editiondaslabor.de\/blog\/2012\/07\/20\/klangkloetzchen\/\">Tonstudio an der Ruhr<\/a>.<\/span><\/span> <a href=\"http:\/\/www.editiondaslabor.de\/blog\/2012\/12\/28\/meine-ersten-drei-platten\/\">Meine ersten drei Platten<\/a>, vorgestellt von\u00a0<span class=\"vcard author\"><span class=\"fn\">Marcus Baltzer. <\/span><\/span><a href=\"http:\/\/www.editiondaslabor.de\/blog\/2013\/04\/06\/meine-musik\/\">Meine Musik<\/a>, vorgestellt von <span class=\"vcard author\"><span class=\"fn\">Ulrich Bergmann. <\/span><\/span><span class=\"vcard author\"><span class=\"fn\">Mit etwas Versp\u00e4tung erschien <\/span><\/span>Pia Lunds zweites Solo-Album <em><a href=\"http:\/\/www.editiondaslabor.de\/blog\/2016\/10\/21\/ein-geschenk-von-pia-lund\/\">Gift<\/a>. <\/em><em>Smile<\/em> war f\u00fcr A.J. Weigoni ein <a href=\"http:\/\/www.editiondaslabor.de\/blog\/2012\/06\/12\/meine-erste-schallplatte\/\">Versprechen<\/a>. Eine Generation sp\u00e4ter wurde es eingel\u00f6st. Selbstverst\u00e4ndlich auf Vinyl. Und in Mono. Eine Wiederver\u00f6ffentlichung der <a href=\"http:\/\/www.editiondaslabor.de\/blog\/2008\/03\/21\/das-herz-des-motorik-beats\/\"><em>Neu!<\/em>-Studioalben<\/a> ist auf dem Label Gr\u00f6nland erschienen. in 1999 ging KUNO der Frage <a href=\"http:\/\/www.editiondaslabor.de\/blog\/1999\/01\/01\/label-oder-available\/\">Label oder available?<\/a> nach. Einen <a href=\"http:\/\/www.vordenker.de\/weigoni\/letternmusik.htm\">Remix<\/a> zu basteln ist in der Popmusik gang und gebe. Stephan Flommersfeld hat das Selbe mit der \u201cLetternmusik\u201d gemacht. &#8222;<em>Wenn es Videoclips gibt, muss auch die Literatur auf die ver\u00e4nderten <\/em><em>medialen Verh\u00e4ltnisse reagieren.&#8220;, <\/em><a href=\"http:\/\/www.editiondaslabor.de\/blog\/1991\/01\/18\/literaturclips-2\/\">postulierte<\/a> A.J. Weigoni 1991 und erfand mit Frank Michaelis das H\u00f6rbuch. Erweiternd zum Medium der <em><span lang=\"en\">Compact Disc<\/span><\/em> auch der Essay <a href=\"http:\/\/www.editiondaslabor.de\/blog\/?p=33102\">Press\/Play<\/a>.<\/div>\n<\/div>\n<\/div>\n<p style=\"text-align: justify;\">\n","protected":false},"excerpt":{"rendered":"<p>Life circles at 33rpm!\u00a0 Editorische Notiz: Mischa Kuball: Kopflos &#8211; David Bowie ohne Unterleib. &nbsp; Weiterf\u00fchrend\u00a0\u2192\u00a0 Meine erste Schallplatte: \u201eHeart of glass\u201c von Blondie, vorgestellt von Martina Haimerl. Life circles at 33rpm!, postulierte Mischa Kuball. Wer sich hinter &#8222;Mister B&#8220;&hellip;<\/p>\n<p class=\"more-link-p\"><a class=\"more-link\" href=\"http:\/\/www.editiondaslabor.de\/blog\/2012\/07\/16\/meine-erste-schallplatte-2\/\">Read more &rarr;<\/a><\/p>\n","protected":false},"author":32,"featured_media":101176,"comment_status":"open","ping_status":"open","sticky":false,"template":"","format":"standard","meta":{"footnotes":""},"categories":[1],"tags":[49],"class_list":["post-6151","post","type-post","status-publish","format-standard","has-post-thumbnail","hentry","category-literatur","tag-mischa-kuball"],"_links":{"self":[{"href":"http:\/\/www.editiondaslabor.de\/blog\/wp-json\/wp\/v2\/posts\/6151","targetHints":{"allow":["GET"]}}],"collection":[{"href":"http:\/\/www.editiondaslabor.de\/blog\/wp-json\/wp\/v2\/posts"}],"about":[{"href":"http:\/\/www.editiondaslabor.de\/blog\/wp-json\/wp\/v2\/types\/post"}],"author":[{"embeddable":true,"href":"http:\/\/www.editiondaslabor.de\/blog\/wp-json\/wp\/v2\/users\/32"}],"replies":[{"embeddable":true,"href":"http:\/\/www.editiondaslabor.de\/blog\/wp-json\/wp\/v2\/comments?post=6151"}],"version-history":[{"count":1,"href":"http:\/\/www.editiondaslabor.de\/blog\/wp-json\/wp\/v2\/posts\/6151\/revisions"}],"predecessor-version":[{"id":102630,"href":"http:\/\/www.editiondaslabor.de\/blog\/wp-json\/wp\/v2\/posts\/6151\/revisions\/102630"}],"wp:featuredmedia":[{"embeddable":true,"href":"http:\/\/www.editiondaslabor.de\/blog\/wp-json\/wp\/v2\/media\/101176"}],"wp:attachment":[{"href":"http:\/\/www.editiondaslabor.de\/blog\/wp-json\/wp\/v2\/media?parent=6151"}],"wp:term":[{"taxonomy":"category","embeddable":true,"href":"http:\/\/www.editiondaslabor.de\/blog\/wp-json\/wp\/v2\/categories?post=6151"},{"taxonomy":"post_tag","embeddable":true,"href":"http:\/\/www.editiondaslabor.de\/blog\/wp-json\/wp\/v2\/tags?post=6151"}],"curies":[{"name":"wp","href":"https:\/\/api.w.org\/{rel}","templated":true}]}}