{"id":61341,"date":"2015-01-09T00:01:00","date_gmt":"2015-01-08T23:01:00","guid":{"rendered":"http:\/\/www.editiondaslabor.de\/blog\/?p=61341"},"modified":"2021-11-29T15:47:22","modified_gmt":"2021-11-29T14:47:22","slug":"apropos-zephir","status":"publish","type":"post","link":"http:\/\/www.editiondaslabor.de\/blog\/2015\/01\/09\/apropos-zephir\/","title":{"rendered":"Apropos Zephir"},"content":{"rendered":"\r\n<p>&nbsp;<\/p>\r\n<p>treffsicherer als andere<\/p>\r\n\r\n\r\n\r\n<p>ins eigene Fleisch<\/p>\r\n\r\n\r\n\r\n<p>traf mich der Sturm<\/p>\r\n\r\n\r\n\r\n<p>als breite Landzunge<\/p>\r\n\r\n\r\n\r\n<p>zwischen unaussprechlichen Str\u00f6men<\/p>\r\n\r\n\r\n\r\n<p>im Chaos des Sturms<\/p>\r\n\r\n\r\n\r\n<p>nehme ich nicht einmal<\/p>\r\n\r\n\r\n\r\n<p>die Ger\u00e4usche des K\u00f6rpers wahr<\/p>\r\n\r\n\r\n\r\n<p>der die Bodenhaftung verloren hat<\/p>\r\n\r\n\r\n\r\n<p>erschwerend k\u00f6nnte Ruhe einkehrn<\/p>\r\n\r\n\r\n\r\n<p>ich f\u00fcrchte mich vor dem Aufbl\u00e4hn<\/p>\r\n\r\n\r\n\r\n<p>wenn der Sturm sich in Rauch aufl\u00f6st<\/p>\r\n\r\n\r\n\r\n<p>zu Hilfe einzig der aufbrausende Wind<\/p>\r\n\r\n\r\n\r\n<p>wenn die Erregung \u00fcber den Erdteil<\/p>\r\n\r\n\r\n\r\n<p>um sich greift<\/p>\r\n<p>&nbsp;<\/p>\r\n<p>&nbsp;<\/p>\r\n\r\n\r\n\r\n<p class=\"has-text-align-center\" style=\"text-align: center;\">***<\/p>\r\n\r\n\r\n\r\n<p>\r\n\r\n<\/p>\r\n<p><img loading=\"lazy\" decoding=\"async\" class=\"alignleft wp-image-92463 size-medium\" src=\"http:\/\/www.editiondaslabor.de\/blog\/wp-content\/uploads\/2005\/01\/Hagemeyer-235x300.jpg\" alt=\"\" width=\"235\" height=\"300\" srcset=\"http:\/\/www.editiondaslabor.de\/blog\/wp-content\/uploads\/2005\/01\/Hagemeyer-235x300.jpg 235w, http:\/\/www.editiondaslabor.de\/blog\/wp-content\/uploads\/2005\/01\/Hagemeyer-260x332.jpg 260w, http:\/\/www.editiondaslabor.de\/blog\/wp-content\/uploads\/2005\/01\/Hagemeyer-160x205.jpg 160w, http:\/\/www.editiondaslabor.de\/blog\/wp-content\/uploads\/2005\/01\/Hagemeyer.jpg 363w\" sizes=\"auto, (max-width: 235px) 100vw, 235px\" \/><\/p>\r\n<p>\r\n\r\n<\/p>\r\n<p><em>Quelle: Dichtungsring Nr. 45\/2015 (Globoglossolalie)<\/em><\/p>\r\n<p style=\"text-align: justify;\"><strong>Weiterf\u00fchrend \u2192<\/strong>\u00a0Ulrich Bergmann mit einer <a href=\"http:\/\/www.editiondaslabor.de\/blog\/2020\/01\/19\/die-lyrikerin-ines-hagemeyer\/\">Einf\u00fchrung<\/a> in das Werk von Ines Hagemeyer.<\/p>\r\n<p style=\"text-align: justify;\"><strong>\u2192<\/strong>\u00a0Poesie z\u00e4hlt f\u00fcr KUNO weiterhin zu den identit\u00e4ts- und identifikationstiftenden Elementen einer Kultur, dies bezeugte auch der Versuch einer <a href=\"http:\/\/www.editiondaslabor.de\/blog\/?p=25630\">poetologischen Positionsbestimmung.<\/a><\/p>\r\n","protected":false},"excerpt":{"rendered":"<p>&nbsp; treffsicherer als andere ins eigene Fleisch traf mich der Sturm als breite Landzunge zwischen unaussprechlichen Str\u00f6men im Chaos des Sturms nehme ich nicht einmal die Ger\u00e4usche des K\u00f6rpers wahr der die Bodenhaftung verloren hat erschwerend k\u00f6nnte Ruhe einkehrn ich&hellip;<\/p>\n<p class=\"more-link-p\"><a class=\"more-link\" href=\"http:\/\/www.editiondaslabor.de\/blog\/2015\/01\/09\/apropos-zephir\/\">Read more &rarr;<\/a><\/p>\n","protected":false},"author":193,"featured_media":92463,"comment_status":"closed","ping_status":"closed","sticky":false,"template":"","format":"standard","meta":{"footnotes":""},"categories":[1],"tags":[1690],"class_list":["post-61341","post","type-post","status-publish","format-standard","has-post-thumbnail","hentry","category-literatur","tag-ines-hagemeyer"],"_links":{"self":[{"href":"http:\/\/www.editiondaslabor.de\/blog\/wp-json\/wp\/v2\/posts\/61341","targetHints":{"allow":["GET"]}}],"collection":[{"href":"http:\/\/www.editiondaslabor.de\/blog\/wp-json\/wp\/v2\/posts"}],"about":[{"href":"http:\/\/www.editiondaslabor.de\/blog\/wp-json\/wp\/v2\/types\/post"}],"author":[{"embeddable":true,"href":"http:\/\/www.editiondaslabor.de\/blog\/wp-json\/wp\/v2\/users\/193"}],"replies":[{"embeddable":true,"href":"http:\/\/www.editiondaslabor.de\/blog\/wp-json\/wp\/v2\/comments?post=61341"}],"version-history":[{"count":0,"href":"http:\/\/www.editiondaslabor.de\/blog\/wp-json\/wp\/v2\/posts\/61341\/revisions"}],"wp:featuredmedia":[{"embeddable":true,"href":"http:\/\/www.editiondaslabor.de\/blog\/wp-json\/"}],"wp:attachment":[{"href":"http:\/\/www.editiondaslabor.de\/blog\/wp-json\/wp\/v2\/media?parent=61341"}],"wp:term":[{"taxonomy":"category","embeddable":true,"href":"http:\/\/www.editiondaslabor.de\/blog\/wp-json\/wp\/v2\/categories?post=61341"},{"taxonomy":"post_tag","embeddable":true,"href":"http:\/\/www.editiondaslabor.de\/blog\/wp-json\/wp\/v2\/tags?post=61341"}],"curies":[{"name":"wp","href":"https:\/\/api.w.org\/{rel}","templated":true}]}}