{"id":61284,"date":"1989-06-20T00:01:11","date_gmt":"1989-06-19T22:01:11","guid":{"rendered":"http:\/\/www.editiondaslabor.de\/blog\/?p=61284"},"modified":"2021-10-12T05:05:16","modified_gmt":"2021-10-12T03:05:16","slug":"freud-1939-%e6%9c%a8","status":"publish","type":"post","link":"http:\/\/www.editiondaslabor.de\/blog\/1989\/06\/20\/freud-1939-%e6%9c%a8\/","title":{"rendered":"Freud 1939 \u6728"},"content":{"rendered":"\r\n<p>&nbsp;<\/p>\r\n<p>das Totem vor der T\u00fcr<\/p>\r\n\r\n\r\n\r\n<p>Tabus lauern im Pfahl<\/p>\r\n\r\n\r\n\r\n<p>die perfekte Maschine<\/p>\r\n\r\n\r\n\r\n<p>schafft sie nicht fort<\/p>\r\n\r\n\r\n\r\n<p>Beklemmung ? Zwang ?<\/p>\r\n\r\n\r\n\r\n<p>wir feiern.gef\u00e4hrlich<\/p>\r\n\r\n\r\n\r\n<p>aberinguterGesellschaft<\/p>\r\n\r\n\r\n\r\n<p>Feste. wie Schuppen<\/p>\r\n\r\n\r\n\r\n<p>von den Augen.Fallen<\/p>\r\n\r\n\r\n\r\n<p>jedesmal : Wundern<\/p>\r\n\r\n\r\n\r\n<p>\u00fcber die Brandstelle<\/p>\r\n\r\n\r\n\r\n<p>nach dem Augenwischen<\/p>\r\n\r\n\r\n\r\n<p>Griff zum Handschuh<\/p>\r\n\r\n\r\n\r\n<p>jemand k\u00f6nnte merken,<\/p>\r\n\r\n\r\n\r\n<p>da\u00df auch du &#8230;<\/p>\r\n<p>&nbsp;<\/p>\r\n<p>&nbsp;<\/p>\r\n\r\n\r\n\r\n<p class=\"has-text-align-center\" style=\"text-align: center;\">***<\/p>\r\n\r\n\r\n\r\n<p style=\"text-align: justify;\"><img loading=\"lazy\" decoding=\"async\" class=\"alignleft wp-image-92463 size-medium\" src=\"http:\/\/www.editiondaslabor.de\/blog\/wp-content\/uploads\/2005\/01\/Hagemeyer-235x300.jpg\" alt=\"\" width=\"235\" height=\"300\" srcset=\"http:\/\/www.editiondaslabor.de\/blog\/wp-content\/uploads\/2005\/01\/Hagemeyer-235x300.jpg 235w, http:\/\/www.editiondaslabor.de\/blog\/wp-content\/uploads\/2005\/01\/Hagemeyer-260x332.jpg 260w, http:\/\/www.editiondaslabor.de\/blog\/wp-content\/uploads\/2005\/01\/Hagemeyer-160x205.jpg 160w, http:\/\/www.editiondaslabor.de\/blog\/wp-content\/uploads\/2005\/01\/Hagemeyer.jpg 363w\" sizes=\"auto, (max-width: 235px) 100vw, 235px\" \/><\/p>\r\n<p>\r\n\r\n<\/p>\r\n<p style=\"text-align: justify;\">Quelle: Dichtungsring Nr. 47\/2016 (Schwerpunkt:<em> Szenarien)<\/em><\/p>\r\n<p style=\"text-align: justify;\"><strong>Weiterf\u00fchrend \u2192<\/strong>\u00a0Ulrich Bergmann mit einer <a href=\"http:\/\/www.editiondaslabor.de\/blog\/2020\/01\/19\/die-lyrikerin-ines-hagemeyer\/\">Einf\u00fchrung<\/a> in das Werk von Ines Hagemeyer.<\/p>\r\n<p style=\"text-align: justify;\"><strong>\u2192<\/strong>\u00a0Poesie z\u00e4hlt f\u00fcr KUNO weiterhin zu den identit\u00e4ts- und identifikationstiftenden Elementen einer Kultur, dies bezeugte auch der Versuch einer <a href=\"http:\/\/www.editiondaslabor.de\/blog\/?p=25630\">poetologischen Positionsbestimmung.<\/a><\/p>\r\n<p style=\"text-align: justify;\">\u00a0<\/p>\r\n","protected":false},"excerpt":{"rendered":"<p>&nbsp; das Totem vor der T\u00fcr Tabus lauern im Pfahl die perfekte Maschine schafft sie nicht fort Beklemmung ? Zwang ? wir feiern.gef\u00e4hrlich aberinguterGesellschaft Feste. wie Schuppen von den Augen.Fallen jedesmal : Wundern \u00fcber die Brandstelle nach dem Augenwischen Griff&hellip;<\/p>\n<p class=\"more-link-p\"><a class=\"more-link\" href=\"http:\/\/www.editiondaslabor.de\/blog\/1989\/06\/20\/freud-1939-%e6%9c%a8\/\">Read more &rarr;<\/a><\/p>\n","protected":false},"author":193,"featured_media":92463,"comment_status":"closed","ping_status":"closed","sticky":false,"template":"","format":"standard","meta":{"footnotes":""},"categories":[1],"tags":[1690],"class_list":["post-61284","post","type-post","status-publish","format-standard","has-post-thumbnail","hentry","category-literatur","tag-ines-hagemeyer"],"_links":{"self":[{"href":"http:\/\/www.editiondaslabor.de\/blog\/wp-json\/wp\/v2\/posts\/61284","targetHints":{"allow":["GET"]}}],"collection":[{"href":"http:\/\/www.editiondaslabor.de\/blog\/wp-json\/wp\/v2\/posts"}],"about":[{"href":"http:\/\/www.editiondaslabor.de\/blog\/wp-json\/wp\/v2\/types\/post"}],"author":[{"embeddable":true,"href":"http:\/\/www.editiondaslabor.de\/blog\/wp-json\/wp\/v2\/users\/193"}],"replies":[{"embeddable":true,"href":"http:\/\/www.editiondaslabor.de\/blog\/wp-json\/wp\/v2\/comments?post=61284"}],"version-history":[{"count":0,"href":"http:\/\/www.editiondaslabor.de\/blog\/wp-json\/wp\/v2\/posts\/61284\/revisions"}],"wp:featuredmedia":[{"embeddable":true,"href":"http:\/\/www.editiondaslabor.de\/blog\/wp-json\/"}],"wp:attachment":[{"href":"http:\/\/www.editiondaslabor.de\/blog\/wp-json\/wp\/v2\/media?parent=61284"}],"wp:term":[{"taxonomy":"category","embeddable":true,"href":"http:\/\/www.editiondaslabor.de\/blog\/wp-json\/wp\/v2\/categories?post=61284"},{"taxonomy":"post_tag","embeddable":true,"href":"http:\/\/www.editiondaslabor.de\/blog\/wp-json\/wp\/v2\/tags?post=61284"}],"curies":[{"name":"wp","href":"https:\/\/api.w.org\/{rel}","templated":true}]}}