{"id":61161,"date":"2014-11-19T00:01:12","date_gmt":"2014-11-18T23:01:12","guid":{"rendered":"http:\/\/www.editiondaslabor.de\/blog\/?p=61161"},"modified":"2022-06-14T08:40:00","modified_gmt":"2022-06-14T06:40:00","slug":"xena","status":"publish","type":"post","link":"http:\/\/www.editiondaslabor.de\/blog\/2014\/11\/19\/xena\/","title":{"rendered":"Xena"},"content":{"rendered":"\r\n<p class=\"has-text-color has-text-align-right has-cyan-bluish-gray-color\" style=\"text-align: right;\"><span style=\"color: #999999;\"><em>In einer Zeit, als die alten G\u00f6tter herrschten, schrie das Land, das Kriegsherren und K\u00f6nige in Aufruhr versetzten, geradezu nach einer Heldin, die f\u00fcr das Gute k\u00e4mpfte. Xena folgte dem Ruf, die Kriegerprinzessin, die ihre St\u00e4rke in wilden Schlachten erworben hatte. Mit ihrer Kraft und ihrer Leidenschaft trotzte sie jeder Gefahr. Ihr Mut sollte die Welt ver\u00e4ndern.<\/em><\/span><\/p>\r\n\r\n\r\n\r\n<div class=\"wp-block-image\" style=\"text-align: justify;\">\r\n<figure class=\"alignleft size-large is-resized\">\r\n<div id=\"attachment_61162\" style=\"width: 325px\" class=\"wp-caption alignnone\"><img loading=\"lazy\" decoding=\"async\" aria-describedby=\"caption-attachment-61162\" class=\"wp-image-61162\" src=\"http:\/\/www.editiondaslabor.de\/blog\/wp-content\/uploads\/2020\/01\/Xena.jpg\" alt=\"\" width=\"315\" height=\"315\" srcset=\"http:\/\/www.editiondaslabor.de\/blog\/wp-content\/uploads\/2020\/01\/Xena.jpg 630w, http:\/\/www.editiondaslabor.de\/blog\/wp-content\/uploads\/2020\/01\/Xena-300x300.jpg 300w, http:\/\/www.editiondaslabor.de\/blog\/wp-content\/uploads\/2020\/01\/Xena-150x150.jpg 150w, http:\/\/www.editiondaslabor.de\/blog\/wp-content\/uploads\/2020\/01\/Xena-560x560.jpg 560w, http:\/\/www.editiondaslabor.de\/blog\/wp-content\/uploads\/2020\/01\/Xena-260x260.jpg 260w, http:\/\/www.editiondaslabor.de\/blog\/wp-content\/uploads\/2020\/01\/Xena-160x160.jpg 160w\" sizes=\"auto, (max-width: 315px) 100vw, 315px\" \/><p id=\"caption-attachment-61162\" class=\"wp-caption-text\">Plakat mit der Trashg\u00f6ttin Lucy Lawless<\/p><\/div>\r\n<\/figure>\r\n<\/div>\r\n\r\n\r\n\r\n<p style=\"text-align: justify;\">dr\u00f6hnte der Vorspann in den 1990er Jahren durch eine westdeutsche Wohnstube. Wir sahen zwei Pubertieren beim Zuschauen zu. In einer Stelle mit Xena und ihrer Freundin Gabriell sp\u00f6ttelte ich. &#8222;Wann k\u00fcssen sie sich endlich?&#8220;<\/p>\r\n\r\n\r\n\r\n<p style=\"text-align: justify;\">&#8222;Red&#8216; kein Quatsch, dat is&#8217;ne Kriegerin und keine Leckschwester!&#8220;, krabetzte der \u00c4ltere.<\/p>\r\n\r\n\r\n\r\n<p style=\"text-align: justify;\">Bis heute gilt <em>Xena<\/em> in der LGBT-Gemeinschaft nicht nur als die \u201eMainstream\u201c-Serie mit dem st\u00e4rksten und am breitesten wahrgenommenen lesbischen Subtext, sondern auch als wichtiger Meilenstein bei der Popularisierung lesbischer Themen in der breiten \u00d6ffentlichkeit, und wird in diesem Zusammenhang noch immer h\u00e4ufig erw\u00e4hnt und zitiert:<\/p>\r\n\r\n\r\n\r\n<p style=\"text-align: justify;\"><em>&#8222;Xena<\/em> ushered in the golden age of lesbian subtext. For six seasons between 1995 and 2001, the show\u2019s writers danced around the issue of the Warrior Princess\u2019 relationship with Gabrielle. Perpetual innuendo, running jokes and subtle references to Xena and Gabby\u2019s sexuality permeated the plot and dialogue. And though Lucy Lawless is on record as calling the couple \u2018married,\u2019 the show\u2019s creative team never offered up a definitive answer about their relationship&#8220;. (Heather Hogan)<\/p>\r\n<p style=\"text-align: justify;\">Xena ist eine gnadenlose Kriegerin, die anfangs als Anf\u00fchrerin von Gesetzlosen raubt, mordet und pl\u00fcndert. Durch das Einwirken von Hercules besinnt sie sich jedoch. Als sie eines Tages auf die Bardin Gabrielle trifft, deren Lebensenergie und Reinheit sie ver\u00e4ndert, k\u00e4mpft sie von nun an f\u00fcr das Gute. Durch ihre au\u00dfergew\u00f6hnliche Kampftechnik und mit Hilfe von besonderen Waffen (zum Beispiel dem Chakram) gelingt es ihr immer wieder, ganze Armeen und sogar G\u00f6tter zu besiegen, doch teilweise fordert der Sieg hohe Opfer. Auch von ihrer Vergangenheit wird Xena immer wieder eingeholt. Xena hat zwei Kinder, Solan\u00a0\u2013 get\u00f6tet von Gabrielles Tochter Hope\u00a0\u2013 und Eve. Solans Vater ist der Kriegsherr Borias, mit dem Xena \u00fcber Jahre zusammen war. Sie \u00fcbergab Solan an Zentauren, da sie Angst hatte, er w\u00fcrde durch sie eine Zielscheibe und sie sowieso keine gute Mutter sein.<\/p>\r\n<p style=\"text-align: justify;\">In Staffel 2 wird Solan zum ersten Mal erw\u00e4hnt und ist ab dann in einigen Folgen zu sehen, bis er schlie\u00dflich in Staffel 3 stirbt. Als Xena noch sehr jung war, ermordete ihre Mutter Cyrene Xenas Vater Artius, um ihre Familie zu sch\u00fctzen. Cyrene taucht in mehreren Folgen auf und hat eine zum Teil tragende Rolle.<\/p>\r\n<p style=\"text-align: justify;\">Im Verlauf der sechs Staffeln verschl\u00e4gt es Xena und ihre Gef\u00e4hrtin Gabrielle nicht nur ins antike Griechenland, sondern auch nach Rom, China, Indien, Britannien, \u00c4gypten, Japan und Germanien.<\/p>\r\n<p style=\"text-align: justify;\">Die Serie verkn\u00fcpft die fiktiven Abenteuer der Heldinnen mit verschiedenen Mythologien und Religionen sowie mit historischen Ereignissen. So treten in vielen Folgen Figuren aus der Mythologie auf, wie z.\u00a0B. Odysseus. Aber auch historische Figuren spielen in der gesamten Serie eine gro\u00dfe Rolle: u.\u00a0a. Julius Caesar, Augustus, Kleopatra und Homer.<\/p>\r\n<p style=\"text-align: justify;\">Funfact: Am 21. Oktober 2003 wurde ein transneptunisches Objekt entdeckt, das zun\u00e4chst die provisorische Bezeichnung 2003\u00a0UB<sub>313<\/sub> erhielt. Die Arbeitsgruppe nannte es jedoch \u201eXena\u201c und den dazugeh\u00f6rigen Trabanten \u201eGabrielle\u201c. Diese Bezeichnungen wurden jedoch nicht offiziell. Seit dem 13.\u00a0September 2006 hei\u00dft das Objekt Eris und der Trabant Dysnomia. Dysnomia war in der griechischen Mythologie die D\u00e4monin der Gesetzlosigkeit, was auf den Namen der Schauspielerin Lucy Lawless anspielt.<\/p>\r\n<p>&nbsp;<\/p>\r\n\r\n\r\n\r\n<p class=\"has-text-align-center\" style=\"text-align: center;\">***<\/p>\r\n\r\n\r\n\r\n<p style=\"text-align: justify;\">KUNO lebt in diesem Monat einen Faible f\u00fcr Trash aus. Dem Begriff <em>Trash<\/em> haftet der Hauch der Verruchtheit und des Nonkonformismus an. In Musik, Kunst oder Film gilt Trash als Bewegung, die im Klandestinen stattfindet und an der nur ein exklusiver Kreis nonkonformistischer Aussenseiter partizipiert. Dieser angeschmutzte Realismus entzieht sich der Rezeption in einer \u00f6ffentlichen Institution. In der Reihe Gossenhefte zeigt sich, was passiert, wenn sich literarischer Bodensatz und die Reflexionsm\u00f6glichkeiten von popul\u00e4rkulturellen Tugenden nahe genug kommen. Der Essay <a href=\"http:\/\/www.editiondaslabor.de\/blog\/?p=35655\"><em>Perlen des Trash<\/em><\/a> stellt diese Reihe ausf\u00fchrlich vor. Daher sei sei Enno Stahls fulminantes Zeitdokument\u00a0<a href=\"http:\/\/www.editiondaslabor.de\/blog\/?p=26047\">Deutscher Trash<\/a> ebenso eindr\u00fccklich empfohlen wie Heiner Links <a href=\"http:\/\/www.editiondaslabor.de\/blog\/?p=42272\">Vorwort<\/a> zum Band Trash-Piloten. Ebenso verwiesen sei auf <a href=\"http:\/\/www.editiondaslabor.de\/blog\/?p=44449\">Trash-Lyrik<\/a>.<\/p>\r\n","protected":false},"excerpt":{"rendered":"<p>In einer Zeit, als die alten G\u00f6tter herrschten, schrie das Land, das Kriegsherren und K\u00f6nige in Aufruhr versetzten, geradezu nach einer Heldin, die f\u00fcr das Gute k\u00e4mpfte. Xena folgte dem Ruf, die Kriegerprinzessin, die ihre St\u00e4rke in wilden Schlachten erworben&hellip;<\/p>\n<p class=\"more-link-p\"><a class=\"more-link\" href=\"http:\/\/www.editiondaslabor.de\/blog\/2014\/11\/19\/xena\/\">Read more &rarr;<\/a><\/p>\n","protected":false},"author":257,"featured_media":103717,"comment_status":"closed","ping_status":"closed","sticky":false,"template":"","format":"standard","meta":{"footnotes":""},"categories":[1],"tags":[2434,2435,3735],"class_list":["post-61161","post","type-post","status-publish","format-standard","has-post-thumbnail","hentry","category-literatur","tag-lucy-lawless","tag-renee-oconnor","tag-sam-raimi"],"_links":{"self":[{"href":"http:\/\/www.editiondaslabor.de\/blog\/wp-json\/wp\/v2\/posts\/61161","targetHints":{"allow":["GET"]}}],"collection":[{"href":"http:\/\/www.editiondaslabor.de\/blog\/wp-json\/wp\/v2\/posts"}],"about":[{"href":"http:\/\/www.editiondaslabor.de\/blog\/wp-json\/wp\/v2\/types\/post"}],"author":[{"embeddable":true,"href":"http:\/\/www.editiondaslabor.de\/blog\/wp-json\/wp\/v2\/users\/257"}],"replies":[{"embeddable":true,"href":"http:\/\/www.editiondaslabor.de\/blog\/wp-json\/wp\/v2\/comments?post=61161"}],"version-history":[{"count":2,"href":"http:\/\/www.editiondaslabor.de\/blog\/wp-json\/wp\/v2\/posts\/61161\/revisions"}],"predecessor-version":[{"id":103719,"href":"http:\/\/www.editiondaslabor.de\/blog\/wp-json\/wp\/v2\/posts\/61161\/revisions\/103719"}],"wp:featuredmedia":[{"embeddable":true,"href":"http:\/\/www.editiondaslabor.de\/blog\/wp-json\/wp\/v2\/media\/103717"}],"wp:attachment":[{"href":"http:\/\/www.editiondaslabor.de\/blog\/wp-json\/wp\/v2\/media?parent=61161"}],"wp:term":[{"taxonomy":"category","embeddable":true,"href":"http:\/\/www.editiondaslabor.de\/blog\/wp-json\/wp\/v2\/categories?post=61161"},{"taxonomy":"post_tag","embeddable":true,"href":"http:\/\/www.editiondaslabor.de\/blog\/wp-json\/wp\/v2\/tags?post=61161"}],"curies":[{"name":"wp","href":"https:\/\/api.w.org\/{rel}","templated":true}]}}