{"id":610,"date":"2019-09-02T08:01:14","date_gmt":"2019-09-02T06:01:14","guid":{"rendered":"http:\/\/www.editiondaslabor.de\/blog\/?p=610"},"modified":"2019-09-02T05:46:57","modified_gmt":"2019-09-02T03:46:57","slug":"gedichte-ohne-worte-vi","status":"publish","type":"post","link":"http:\/\/www.editiondaslabor.de\/blog\/2019\/09\/02\/gedichte-ohne-worte-vi\/","title":{"rendered":"Gedichte ohne Worte VI"},"content":{"rendered":"<p><a href=\"http:\/\/www.editiondaslabor.de\/blog\/wp-content\/uploads\/2012\/01\/13-Das-andere-Buch.jpg\"><img loading=\"lazy\" decoding=\"async\" class=\"size-large wp-image-611 aligncenter\" title=\"13-Das andere Buch\" src=\"http:\/\/www.editiondaslabor.de\/blog\/wp-content\/uploads\/2012\/01\/13-Das-andere-Buch-690x1024.jpg\" alt=\"\" width=\"456\" height=\"676\" srcset=\"http:\/\/www.editiondaslabor.de\/blog\/wp-content\/uploads\/2012\/01\/13-Das-andere-Buch-690x1024.jpg 690w, http:\/\/www.editiondaslabor.de\/blog\/wp-content\/uploads\/2012\/01\/13-Das-andere-Buch-202x300.jpg 202w, http:\/\/www.editiondaslabor.de\/blog\/wp-content\/uploads\/2012\/01\/13-Das-andere-Buch.jpg 1773w\" sizes=\"auto, (max-width: 456px) 100vw, 456px\" \/><\/a><\/p>\n<p style=\"text-align: center;\">***<\/p>\n<p style=\"text-align: justify;\"><strong>Weiterf\u00fchrend \u2192 <\/strong>Eine W\u00fcrdigung der Hungertuchpreistr\u00e4gerin finden Sie <a href=\"http:\/\/www.editiondaslabor.de\/blog\/?m=201201\">hier<\/a>. Mehr Informationen zur K\u00fcnstlerin, <a href=\"http:\/\/www.art-denise-steger.de\/\">hier<\/a>.<\/p>\n","protected":false},"excerpt":{"rendered":"<p>*** Weiterf\u00fchrend \u2192 Eine W\u00fcrdigung der Hungertuchpreistr\u00e4gerin finden Sie hier. Mehr Informationen zur K\u00fcnstlerin, hier.<\/p>\n<p class=\"more-link-p\"><a class=\"more-link\" href=\"http:\/\/www.editiondaslabor.de\/blog\/2019\/09\/02\/gedichte-ohne-worte-vi\/\">Read more &rarr;<\/a><\/p>\n","protected":false},"author":181,"featured_media":0,"comment_status":"open","ping_status":"open","sticky":false,"template":"","format":"standard","meta":{"footnotes":""},"categories":[1],"tags":[],"class_list":["post-610","post","type-post","status-publish","format-standard","hentry","category-literatur"],"_links":{"self":[{"href":"http:\/\/www.editiondaslabor.de\/blog\/wp-json\/wp\/v2\/posts\/610","targetHints":{"allow":["GET"]}}],"collection":[{"href":"http:\/\/www.editiondaslabor.de\/blog\/wp-json\/wp\/v2\/posts"}],"about":[{"href":"http:\/\/www.editiondaslabor.de\/blog\/wp-json\/wp\/v2\/types\/post"}],"author":[{"embeddable":true,"href":"http:\/\/www.editiondaslabor.de\/blog\/wp-json\/wp\/v2\/users\/181"}],"replies":[{"embeddable":true,"href":"http:\/\/www.editiondaslabor.de\/blog\/wp-json\/wp\/v2\/comments?post=610"}],"version-history":[{"count":0,"href":"http:\/\/www.editiondaslabor.de\/blog\/wp-json\/wp\/v2\/posts\/610\/revisions"}],"wp:attachment":[{"href":"http:\/\/www.editiondaslabor.de\/blog\/wp-json\/wp\/v2\/media?parent=610"}],"wp:term":[{"taxonomy":"category","embeddable":true,"href":"http:\/\/www.editiondaslabor.de\/blog\/wp-json\/wp\/v2\/categories?post=610"},{"taxonomy":"post_tag","embeddable":true,"href":"http:\/\/www.editiondaslabor.de\/blog\/wp-json\/wp\/v2\/tags?post=610"}],"curies":[{"name":"wp","href":"https:\/\/api.w.org\/{rel}","templated":true}]}}