{"id":60998,"date":"2020-11-09T00:01:57","date_gmt":"2020-11-08T23:01:57","guid":{"rendered":"http:\/\/www.editiondaslabor.de\/blog\/?p=60998"},"modified":"2022-03-05T17:17:37","modified_gmt":"2022-03-05T16:17:37","slug":"erlosung-durch-das-erzahlen","status":"publish","type":"post","link":"http:\/\/www.editiondaslabor.de\/blog\/2020\/11\/09\/erlosung-durch-das-erzahlen\/","title":{"rendered":"Die Geschichte einer Erl\u00f6sung durch das Erz\u00e4hlen"},"content":{"rendered":"\r\n<p style=\"text-align: right;\"><em><span style=\"color: #999999;\">Am 9. November 1989 geschieht etwas Einmaliges. F\u00fcr ein paar Stunden sind die Gesetze des Obrigkeitsstaates au\u00dfer Kraft. Es herrschen Improvisation und Spontaneit\u00e4t statt Kontrolle und Gehorsam.<\/span><\/em><\/p>\r\n<p>&nbsp;<\/p>\r\n<p style=\"text-align: justify;\">In seinem ersten Roman <em>Abgeschlossenes Sammelgebiet<\/em> blickt A.J. Weigoni zur\u00fcck auf den Zeitraum zwischen dem 9. November 1989 und dem 18. M\u00e4rz 1990. Es geh\u00f6rt zu den Paradoxien der Gesellschaftskritik, da\u00df sie in sp\u00fcrbarer Retromanie jener vorglobalisierten Bundesrepublik hinterhertrauert, die sich doch selbst mit derselben Betroffenheitsrhetorik \u2018soziale K\u00e4lte\u2019, \u2018Waldsterben\u2019 und \u2018kapitalistischen Wildwuchs\u2019 vorwarf.<\/p>\r\n\r\n\r\n\r\n<p style=\"text-align: justify;\">Wer Geschichte zur Sch\u00e4rfung politischer Urteilskraft betreiben will, sollte sich klarmachen, da\u00df konsequente Historisierung eine Vorbedingung daf\u00fcr ist, die Verf\u00fchrungskraft von Ideologien richtig einzusch\u00e4tzen. Die DDR war ein Vakuum, eine Seifenblase, die schwebte und irgendwann platzte. Wo auch die Liebe in die Krise ger\u00e4t, ger\u00e4t die ganze Welt an den Rand des Abgrunds. Und umkehrt. Weigoni hat eine Sprache f\u00fcr etwas gefunden hat, was seither sprachlos macht.<\/p>\r\n\r\n\r\n\r\n<p style=\"text-align: justify;\"><a href=\"https:\/\/de.wikipedia.org\/wiki\/Andrascz_Weigoni\">A.J. Weigoni<\/a> arbeitet in <em>Abgeschlossenes Sammelgebiet<\/em> einen Katalog von Sinnesdaten ab, achtet dabei jedoch auf die Balance zwischen einer packenden Geschichte und dem Respekt f\u00fcr die Figuren, die darin vorkommen. Er erz\u00e4hlt nicht nur, er deutet die Welt und ist dabei mit allen Wassern aktueller Theorie gewaschen. In diesem Roman ist alles literarische Erfindung, aber eine der glaubw\u00fcrdigsten, schrecklichsten und wundervollsten. Weigoni wei\u00df genau, wie er verz\u00f6gert oder beschleunigt und wovon er schweigt. Sein Humor ist urteilslose Vollstreckung, mit knappen Wendungen st\u00f6\u00dft er Assoziationsketten an und erz\u00e4hlt fast s\u00fcffig von Identit\u00e4t und Liebe, Vergeblichkeit und Verwandlung.<\/p>\r\n\r\n\r\n\r\n<p style=\"text-align: justify;\">Die Wahrheiten in diesem Buch sind unendlich viel zahlreicher als die Irrt\u00fcmer, der Mut ist viel gr\u00f6\u00dfer, als es die Dummheiten und Fehler sind. Aber die Verbindung von beidem macht es zu einem wahrhaftigen, beeindruckenden Dokument \u00fcber die K\u00e4mpfe in der Zeit der so genannten Wende. Literatur wird zu einem Passierschein in eine M\u00f6glichkeitswelt.<\/p>\r\n<p>&nbsp;<\/p>\r\n\r\n\r\n\r\n<p class=\"has-large-font-size\" style=\"text-align: justify;\">\u00a0<\/p>\r\n\r\n\r\n\r\n<p class=\"has-text-align-center\" style=\"text-align: center;\">***<\/p>\r\n<p style=\"text-align: justify;\"><strong>Abgeschlossenes Sammelgebiet<\/strong>, Roman von A. J. Weigoni, Edition Das Labor, M\u00fclheim 2014 \u2013 Limitierte und handsignierte Ausgabe des Buches als Hardcover<\/p>\r\n\r\n\r\n\r\n<div class=\"wp-block-image\" style=\"text-align: justify;\">\r\n<figure class=\"alignleft size-large is-resized\">\r\n<div id=\"attachment_50088\" style=\"width: 176px\" class=\"wp-caption alignnone\"><img loading=\"lazy\" decoding=\"async\" aria-describedby=\"caption-attachment-50088\" class=\"wp-image-50088\" src=\"http:\/\/www.editiondaslabor.de\/blog\/wp-content\/uploads\/2018\/07\/Sammelgebiet_Cover-1-664x1024.jpeg\" alt=\"\" width=\"166\" height=\"256\" \/><p id=\"caption-attachment-50088\" class=\"wp-caption-text\">Postwertzeichen erschienen zum 20. Jahrestag der DDR. Entwertet am 9. November 1989<\/p><\/div>\r\n<\/figure>\r\n<\/div>\r\n\r\n\r\n\r\n<p style=\"text-align: justify;\"><strong>Weiterf\u00fchrend \u2192 <\/strong>Zur historischen Abfolge, eine <a href=\"http:\/\/www.editiondaslabor.de\/blog\/?p=25344\">Einf\u00fchrung<\/a>. Den Klappentext, den Phillip Boa f\u00fcr diesen Roman schrieb lesen Sie <a href=\"http:\/\/www.editiondaslabor.de\/blog\/?p=24425\">hier<\/a>. Eine Rezension von Jo Wei\u00df findet sich <a href=\"http:\/\/www.editiondaslabor.de\/blog\/?p=24394\">hier<\/a>. Einen Essay von Regine M\u00fcller lesen Sie <a href=\"http:\/\/www.editiondaslabor.de\/blog\/?p=24412\">hier<\/a>. Beim <em>vordenker<\/em> <a href=\"http:\/\/www.editiondaslabor.de\/blog\/2014\/10\/09\/lebensabschnittsgefaehrten\/\">entdeckt<\/a> Constanze Schmidt in diesem Roman einen Dreiklang. Auf <span data-offset-key=\"cphj4-0-0\">der vom Netz gegangenen<\/span> <a href=\"http:\/\/www.editiondaslabor.de\/blog\/2014\/12\/26\/parallelfuehrung-der-liebesverhaeltnisse\/\">Fixpoetry<\/a> arbeitet Margretha Schnarhelt einen Vergleich zwischen A.J. Weigoni und Haruki Murakami heraus. Eine weitere Parallele zu <em>Jahrestage<\/em> von Uwe Johnson wird <a href=\"http:\/\/www.editiondaslabor.de\/blog\/?p=24922\">hier<\/a> gezogen. Die Dualit\u00e4t des Erscheinens mit Lutz Seilers \u201cKruso\u201d wird <a href=\"http:\/\/www.editiondaslabor.de\/blog\/?p=26315\">hier<\/a> thematisiert. In der Neuen Rheinischen Zeitung <a href=\"http:\/\/www.editiondaslabor.de\/blog\/2015\/08\/13\/liebe-sinnlich-ideologisch\/\">w\u00fcrdigt<\/a> Karl Feldkamp wie A.J. Weigoni in seinem ersten Roman den Leser zu Hochgenuss verf\u00fchrt.<\/p>","protected":false},"excerpt":{"rendered":"<p>Am 9. November 1989 geschieht etwas Einmaliges. F\u00fcr ein paar Stunden sind die Gesetze des Obrigkeitsstaates au\u00dfer Kraft. Es herrschen Improvisation und Spontaneit\u00e4t statt Kontrolle und Gehorsam. &nbsp; In seinem ersten Roman Abgeschlossenes Sammelgebiet blickt A.J. Weigoni zur\u00fcck auf den&hellip;<\/p>\n<p class=\"more-link-p\"><a class=\"more-link\" href=\"http:\/\/www.editiondaslabor.de\/blog\/2020\/11\/09\/erlosung-durch-das-erzahlen\/\">Read more &rarr;<\/a><\/p>\n","protected":false},"author":257,"featured_media":98410,"comment_status":"closed","ping_status":"closed","sticky":false,"template":"","format":"standard","meta":{"footnotes":""},"categories":[1],"tags":[628],"class_list":["post-60998","post","type-post","status-publish","format-standard","has-post-thumbnail","hentry","category-literatur","tag-a-j-weigoni"],"_links":{"self":[{"href":"http:\/\/www.editiondaslabor.de\/blog\/wp-json\/wp\/v2\/posts\/60998","targetHints":{"allow":["GET"]}}],"collection":[{"href":"http:\/\/www.editiondaslabor.de\/blog\/wp-json\/wp\/v2\/posts"}],"about":[{"href":"http:\/\/www.editiondaslabor.de\/blog\/wp-json\/wp\/v2\/types\/post"}],"author":[{"embeddable":true,"href":"http:\/\/www.editiondaslabor.de\/blog\/wp-json\/wp\/v2\/users\/257"}],"replies":[{"embeddable":true,"href":"http:\/\/www.editiondaslabor.de\/blog\/wp-json\/wp\/v2\/comments?post=60998"}],"version-history":[{"count":2,"href":"http:\/\/www.editiondaslabor.de\/blog\/wp-json\/wp\/v2\/posts\/60998\/revisions"}],"predecessor-version":[{"id":101518,"href":"http:\/\/www.editiondaslabor.de\/blog\/wp-json\/wp\/v2\/posts\/60998\/revisions\/101518"}],"wp:featuredmedia":[{"embeddable":true,"href":"http:\/\/www.editiondaslabor.de\/blog\/wp-json\/wp\/v2\/media\/98410"}],"wp:attachment":[{"href":"http:\/\/www.editiondaslabor.de\/blog\/wp-json\/wp\/v2\/media?parent=60998"}],"wp:term":[{"taxonomy":"category","embeddable":true,"href":"http:\/\/www.editiondaslabor.de\/blog\/wp-json\/wp\/v2\/categories?post=60998"},{"taxonomy":"post_tag","embeddable":true,"href":"http:\/\/www.editiondaslabor.de\/blog\/wp-json\/wp\/v2\/tags?post=60998"}],"curies":[{"name":"wp","href":"https:\/\/api.w.org\/{rel}","templated":true}]}}