{"id":60958,"date":"2008-12-22T00:01:00","date_gmt":"2008-12-21T23:01:00","guid":{"rendered":"http:\/\/www.editiondaslabor.de\/blog\/?p=60958"},"modified":"2022-07-01T12:53:30","modified_gmt":"2022-07-01T10:53:30","slug":"so-geht-es-in-der-welt","status":"publish","type":"post","link":"http:\/\/www.editiondaslabor.de\/blog\/2008\/12\/22\/so-geht-es-in-der-welt\/","title":{"rendered":"So geht es in der Welt"},"content":{"rendered":"\r\n<p style=\"text-align: justify;\">\u00a0<\/p>\r\n<p class=\"has-text-color has-text-align-right has-cyan-bluish-gray-color\" style=\"text-align: right;\"><em><span style=\"color: #999999;\">Sie ist ein Albtraum. Einfach f\u00fcrchterlich persuasiv. Sie macht mich ganz kribbelig. Die gleichen schrecklichen und pl\u00f6tzlichen Perspektivwechsel, die gleiche wilde unauslotbare Energie der Gestalten. Es gibt Passagen, mit denen ich nichts anfangen kann. Ich bedaure sehr, das so zu empfinden&#8230; ,Echos Knochen&#8216; hat mich wahrlich getroffen wie ein Schlag auf den Kopf.<\/span> <\/em><\/p>\r\n\r\n\r\n\r\n<p class=\"has-text-align-right\" style=\"text-align: right;\">schrieb der Lektor Charles Prentice an Beckett.<\/p>\r\n<p style=\"text-align: justify;\">\u00a0<\/p>\r\n<p>&nbsp;<\/p>\r\n<p>&nbsp;<\/p>\r\n\r\n\r\n\r\n<p class=\"has-text-align-center\" style=\"text-align: center;\">***<\/p>\r\n\r\n\r\n\r\n<p style=\"text-align: justify;\"><strong>Echos Knochen<\/strong>, von Samuel Beckett<\/p>\r\n\r\n\r\n\r\n<div class=\"wp-block-image\" style=\"text-align: justify;\">\r\n<figure class=\"alignleft size-large\"><img loading=\"lazy\" decoding=\"async\" width=\"238\" height=\"362\" class=\"wp-image-60959\" src=\"http:\/\/www.editiondaslabor.de\/blog\/wp-content\/uploads\/2020\/01\/Echo_Cover.jpeg\" alt=\"\" srcset=\"http:\/\/www.editiondaslabor.de\/blog\/wp-content\/uploads\/2020\/01\/Echo_Cover.jpeg 238w, http:\/\/www.editiondaslabor.de\/blog\/wp-content\/uploads\/2020\/01\/Echo_Cover-197x300.jpeg 197w, http:\/\/www.editiondaslabor.de\/blog\/wp-content\/uploads\/2020\/01\/Echo_Cover-160x243.jpeg 160w\" sizes=\"auto, (max-width: 238px) 100vw, 238px\" \/><\/figure>\r\n<\/div>\r\n\r\n\r\n\r\n<p style=\"text-align: justify;\"><br \/>Bissig, \u00e4tzend und mit blasphemischem Witz &#8211; in Echos Knochen treibt der junge Beckett sein anspielungsreiches, selbstreflexiv ironisches Erz\u00e4hlen auf die Spitze. Als Samuel Beckett 1933 den Erz\u00e4hlzyklus More Pricks than Kicks ( Mehr Pr\u00fcgel als Fl\u00fcgel ) einreichte, fand der Lektor das Manuskript etwas schmal, er bat um einen weiteren Beitrag, und Beckett schrieb Echo&#8217;s Bones. Daf\u00fcr holte er Belacqua, den Helden der bisherigen Geschichten, der bei einer Operation gestorben war, zur\u00fcck. Der Lektor las den Text, er war ihm zu wild, und Beckett &#8222;vergrub&#8220; ihn. Erst 2014 ist die Erz\u00e4hlung publiziert worden: Beckett versetzte Belacqua in eine Unterwelt der Mythen und Gespenster und konfrontierte ihn mit den Ausgeburten seiner ma\u00dflosen Belesenheit. Es war sein letzter und radikalster Versuch, die explodierende innere Welt zu b\u00e4ndigen, bevor er sich in eine Psychoanalyse begab und die Wende hin zur franz\u00f6sischen Sprache und zu Strenge und Kargheit vollzog.<\/p>\r\n<p>&nbsp;<\/p>\r\n<p><strong>Weiterf\u00fchrend\u00a0\u2192\u00a0<\/strong><\/p>\r\n<p style=\"text-align: justify;\">Die einzige <a href=\"http:\/\/www.editiondaslabor.de\/blog\/1989\/12\/22\/neither\/\">Oper<\/a> von Morton Feldman stammt aus dem Jahr 1977. Ihr Libretto ist ein 16-zeiliges Gedicht von Samuel Beckett. Komponist und Librettist hatten sich zwei Jahre zuvor in Berlin kennengelernt, um eine Zusammenarbeit f\u00fcr die Oper Rom zu planen.<\/p>\r\n","protected":false},"excerpt":{"rendered":"<p>\u00a0 Sie ist ein Albtraum. Einfach f\u00fcrchterlich persuasiv. Sie macht mich ganz kribbelig. Die gleichen schrecklichen und pl\u00f6tzlichen Perspektivwechsel, die gleiche wilde unauslotbare Energie der Gestalten. Es gibt Passagen, mit denen ich nichts anfangen kann. Ich bedaure sehr, das so&hellip;<\/p>\n<p class=\"more-link-p\"><a class=\"more-link\" href=\"http:\/\/www.editiondaslabor.de\/blog\/2008\/12\/22\/so-geht-es-in-der-welt\/\">Read more &rarr;<\/a><\/p>\n","protected":false},"author":2,"featured_media":103786,"comment_status":"closed","ping_status":"closed","sticky":false,"template":"","format":"standard","meta":{"footnotes":""},"categories":[1],"tags":[270],"class_list":["post-60958","post","type-post","status-publish","format-standard","has-post-thumbnail","hentry","category-literatur","tag-samuel-beckett"],"_links":{"self":[{"href":"http:\/\/www.editiondaslabor.de\/blog\/wp-json\/wp\/v2\/posts\/60958","targetHints":{"allow":["GET"]}}],"collection":[{"href":"http:\/\/www.editiondaslabor.de\/blog\/wp-json\/wp\/v2\/posts"}],"about":[{"href":"http:\/\/www.editiondaslabor.de\/blog\/wp-json\/wp\/v2\/types\/post"}],"author":[{"embeddable":true,"href":"http:\/\/www.editiondaslabor.de\/blog\/wp-json\/wp\/v2\/users\/2"}],"replies":[{"embeddable":true,"href":"http:\/\/www.editiondaslabor.de\/blog\/wp-json\/wp\/v2\/comments?post=60958"}],"version-history":[{"count":1,"href":"http:\/\/www.editiondaslabor.de\/blog\/wp-json\/wp\/v2\/posts\/60958\/revisions"}],"predecessor-version":[{"id":103790,"href":"http:\/\/www.editiondaslabor.de\/blog\/wp-json\/wp\/v2\/posts\/60958\/revisions\/103790"}],"wp:featuredmedia":[{"embeddable":true,"href":"http:\/\/www.editiondaslabor.de\/blog\/wp-json\/wp\/v2\/media\/103786"}],"wp:attachment":[{"href":"http:\/\/www.editiondaslabor.de\/blog\/wp-json\/wp\/v2\/media?parent=60958"}],"wp:term":[{"taxonomy":"category","embeddable":true,"href":"http:\/\/www.editiondaslabor.de\/blog\/wp-json\/wp\/v2\/categories?post=60958"},{"taxonomy":"post_tag","embeddable":true,"href":"http:\/\/www.editiondaslabor.de\/blog\/wp-json\/wp\/v2\/tags?post=60958"}],"curies":[{"name":"wp","href":"https:\/\/api.w.org\/{rel}","templated":true}]}}