{"id":60555,"date":"2016-01-04T00:01:41","date_gmt":"2016-01-03T23:01:41","guid":{"rendered":"http:\/\/www.editiondaslabor.de\/blog\/?p=60555"},"modified":"2021-10-12T17:30:26","modified_gmt":"2021-10-12T15:30:26","slug":"wasser","status":"publish","type":"post","link":"http:\/\/www.editiondaslabor.de\/blog\/2016\/01\/04\/wasser\/","title":{"rendered":"Wasser"},"content":{"rendered":"\r\n<p>&nbsp;<\/p>\r\n<p style=\"text-align: justify;\">Da liegen die Abrechnungen mit Wasser (besser sollte man sagen : vom Wasserwerk) auf dem Tisch und scheinen zu warten. Nein, sie klagen nicht an, ganz und gar nicht. Das Wasser war wichtig, die Badewanne musste gef\u00fcllt werden, klar. Auch der Garten wollte bezeiten gegossen sein. Und wie gerne er per Hand jeden Tag sp\u00fclt. Jedes Mal rauscht das Wasser nachher durch das Rohr in den Keller. Nimmt seine Informationen mit zum Kl\u00e4rwerk, zum Fluss und ins Meer. Diesem riesigen Informationsspeicher, der die Erinnerung an uns Menschen vielleicht noch einige hundert Jahre halten wird und sich dann des L\u00f6schens besinnt.<\/p>\r\n\r\n\r\n\r\n<p style=\"text-align: justify;\">Herr Nipp stellt sich einfach mal vor, wie es w\u00e4re, wenn all die Fl\u00fcssigkeit auf einmal im Garten in einem gro\u00dfen Loch untergebracht w\u00e4re, ein riesiges Schwimmbecken oder eines zum Tieftauchen, das w\u00fcrde gut tun. Er w\u00fcrde sehr tief tauchen, bis zum blauen oder schwarzen Grund und einige Minuten unten bleiben. Er w\u00fcrde das Licht ganz weit oben sehen und vielleicht anfangen zu tr\u00e4umen.<\/p>\r\n<p style=\"text-align: justify;\">\u00a0<\/p>\r\n\r\n\r\n\r\n<p>&nbsp;<\/p>\r\n<p style=\"text-align: center;\">***<\/p>\r\n<p style=\"text-align: justify;\"><strong>Das Mittelma\u00df der Welt<\/strong>, unerh\u00f6rte Geschichten von Herrn Nipp, KUNO 1994 &#8211; 2019<\/p>\r\n<p style=\"text-align: justify;\"><a href=\"http:\/\/www.editiondaslabor.de\/blog\/wp-content\/uploads\/2009\/01\/Herr-Nipp-Frontbild.jpg\"><img loading=\"lazy\" decoding=\"async\" class=\"alignleft size-full wp-image-71748\" src=\"http:\/\/www.editiondaslabor.de\/blog\/wp-content\/uploads\/2009\/01\/Herr-Nipp-Frontbild.jpg\" alt=\"\" width=\"217\" height=\"229\" srcset=\"http:\/\/www.editiondaslabor.de\/blog\/wp-content\/uploads\/2009\/01\/Herr-Nipp-Frontbild.jpg 217w, http:\/\/www.editiondaslabor.de\/blog\/wp-content\/uploads\/2009\/01\/Herr-Nipp-Frontbild-160x169.jpg 160w\" sizes=\"auto, (max-width: 217px) 100vw, 217px\" \/><\/a><\/p>\r\n<p style=\"text-align: justify;\"><strong>Weiterf\u00fchrend <\/strong><strong>\u2192\u00a0<\/strong>Zu einem begehrten Sammlerst\u00fcck hat sich die\u00a0Totholzausgabe von Herrn Nipps <a href=\"http:\/\/www.editiondaslabor.de\/blog\/?p=12766\"><em>Die Angst perfekter Schwiegers\u00f6hne<\/em><\/a> entwickelt.\u00a0Au\u00dferdem belegt sein Taschenbuch <a href=\"http:\/\/www.editiondaslabor.de\/blog\/?p=9294\"><em>Unerh\u00f6rte M\u00f6glichkeiten<\/em><\/a>, da\u00df man keinen Falken mehr verzehren muss, um novellistisch t\u00e4tig zu sein. Herr Nipp dampft die Gattung der Novelle konsequent zu <a href=\"http:\/\/www.editiondaslabor.de\/?p=899\"><em>Twitteratur<\/em><\/a> ein. Und au\u00dferdem pr\u00e4sentiert Haimo Hieronymus die bibliophile Kostbarkeit <a href=\"http:\/\/www.editiondaslabor.de\/blog\/?p=41385\"><em>\u00dcber Heblichkeiten, Floskeln und andere Ausrutscher<\/em><\/a> aus den Notizb\u00fcchern des Herrn Nipp. <span data-offset-key=\"bv319-0-0\">Begleitendes zur Ver\u00f6ffentlichung des Buches <a href=\"http:\/\/www.editiondaslabor.de\/blog\/2019\/12\/04\/fatale-wirkungen\/\"><em>Fatale Wirkungen<\/em><\/a>, von Herrn Nipp (Mit Fotos von Stephanie Neuhaus). \u00dcber die <a href=\"http:\/\/www.editiondaslabor.de\/blog\/?p=70620\">historische Aufgabe<\/a> von Herrn Nipp aus M\u00f6ppelheim.<\/span><\/p>\r\n<p style=\"text-align: justify;\">Zum Thema K\u00fcnstlerbucher lesen finden Sie hier einen <a href=\"http:\/\/www.editiondaslabor.de\/blog\/?p=12840\">Essay<\/a> sowie ein <a href=\"http:\/\/www.editiondaslabor.de\/blog\/?p=834\">Artikel<\/a> von J.C. Albers. Vertiefend auch das <a href=\"http:\/\/www.editiondaslabor.de\/blog\/?p=21407\">Kollegengespr\u00e4ch<\/a> mit Haimo Hieronymus.<\/p>\r\n<p style=\"text-align: justify;\">Diese bibliophile Kostbarkeiten sind erh\u00e4ltlich \u00fcber die Werkstattgalerie Der Bogen, Tel. 0173 7276421<\/p>\r\n<p style=\"text-align: justify;\">\u00a0<\/p>\r\n","protected":false},"excerpt":{"rendered":"<p>&nbsp; Da liegen die Abrechnungen mit Wasser (besser sollte man sagen : vom Wasserwerk) auf dem Tisch und scheinen zu warten. Nein, sie klagen nicht an, ganz und gar nicht. Das Wasser war wichtig, die Badewanne musste gef\u00fcllt werden, klar.&hellip;<\/p>\n<p class=\"more-link-p\"><a class=\"more-link\" href=\"http:\/\/www.editiondaslabor.de\/blog\/2016\/01\/04\/wasser\/\">Read more &rarr;<\/a><\/p>\n","protected":false},"author":161,"featured_media":71748,"comment_status":"closed","ping_status":"closed","sticky":false,"template":"","format":"standard","meta":{"footnotes":""},"categories":[1],"tags":[1334],"class_list":["post-60555","post","type-post","status-publish","format-standard","has-post-thumbnail","hentry","category-literatur","tag-herr-nipp"],"_links":{"self":[{"href":"http:\/\/www.editiondaslabor.de\/blog\/wp-json\/wp\/v2\/posts\/60555","targetHints":{"allow":["GET"]}}],"collection":[{"href":"http:\/\/www.editiondaslabor.de\/blog\/wp-json\/wp\/v2\/posts"}],"about":[{"href":"http:\/\/www.editiondaslabor.de\/blog\/wp-json\/wp\/v2\/types\/post"}],"author":[{"embeddable":true,"href":"http:\/\/www.editiondaslabor.de\/blog\/wp-json\/wp\/v2\/users\/161"}],"replies":[{"embeddable":true,"href":"http:\/\/www.editiondaslabor.de\/blog\/wp-json\/wp\/v2\/comments?post=60555"}],"version-history":[{"count":0,"href":"http:\/\/www.editiondaslabor.de\/blog\/wp-json\/wp\/v2\/posts\/60555\/revisions"}],"wp:featuredmedia":[{"embeddable":true,"href":"http:\/\/www.editiondaslabor.de\/blog\/wp-json\/"}],"wp:attachment":[{"href":"http:\/\/www.editiondaslabor.de\/blog\/wp-json\/wp\/v2\/media?parent=60555"}],"wp:term":[{"taxonomy":"category","embeddable":true,"href":"http:\/\/www.editiondaslabor.de\/blog\/wp-json\/wp\/v2\/categories?post=60555"},{"taxonomy":"post_tag","embeddable":true,"href":"http:\/\/www.editiondaslabor.de\/blog\/wp-json\/wp\/v2\/tags?post=60555"}],"curies":[{"name":"wp","href":"https:\/\/api.w.org\/{rel}","templated":true}]}}