{"id":60536,"date":"2005-04-04T00:01:11","date_gmt":"2005-04-03T22:01:11","guid":{"rendered":"http:\/\/www.editiondaslabor.de\/blog\/?p=60536"},"modified":"2021-01-24T12:31:59","modified_gmt":"2021-01-24T11:31:59","slug":"salz-wohl","status":"publish","type":"post","link":"http:\/\/www.editiondaslabor.de\/blog\/2005\/04\/04\/salz-wohl\/","title":{"rendered":"Salz wohl"},"content":{"rendered":"\r\n<p>&nbsp;<\/p>\r\n<p style=\"text-align: justify;\">Eigentlich nicht, nein, gar nicht, so kann ich das nicht machen, dachte sich Herr Nipp noch, als er die letzte Kurve zum Ziel nahm. So etwas musste er sich doch nicht antun. Er war mal wieder durch, vollkommen und musste doch ein nettes Gesicht machen, damit die Mitfahrerin auch nicht denken mochte, er sei schon am Ende. Das darf man einfach nicht zeigen, egal wie besch\u2026 schlecht es mir auch geht, diese Bl\u00f6\u00dfe gebe ich mir nicht, dachte er.<\/p>\r\n\r\n\r\n\r\n<p style=\"text-align: justify;\">Aber fangen wir am Anfang an, so es den \u00fcberhaupt gibt, denn sp\u00e4testens seit Watzlawick wissen wir ja, dass Kommunikation nicht in Kausalketten aufl\u00f6sbar ist. Also nicht bei Lucy angefangen, dem kleinen Hominidenm\u00e4dchen, vor Jahrzehnten in der Afrikanischen W\u00fcste gefunden, das letztlich doch ein Junge war. Wo genau? Er wusste es nicht. Auf jeden Fall hatten die Wissenschaftler damals vom Missing Link gesprochen, der nun endlich endlich gefunden sei, die Br\u00fccke zwischen den Menschen und den Affen. Nein, genau hier sollte Herr Nipps Geschichte eben nicht anfangen. Auch nicht bei Adam und Eva, die vor der Langeweile des Paradieses gefl\u00fcchtet waren in eine raue Welt, eine mit Herausforderungen und nicht so langweiligen abendlichen Gespr\u00e4chen\u2026 eine Welt mit S\u00fcnde, mit Leidenschaft und Verfehlungen, eben Menschenwelt.<\/p>\r\n\r\n\r\n\r\n<p style=\"text-align: justify;\">Herr Nipps Geschichte fing einen Tag vorher wahrscheinlich schon an, also nicht vor Lucy, auch nicht am vorletzten Tag des Paradieses, sondern am Tag vor seiner Fahrradtour. Mittags hatte er sich ein Kichererbsengem\u00fcse gemacht. Das lag ziemlich schwer im Magen und verursachte einige Komplikationen im Darmbereich, naja ganz nach dem Motto, jedes B\u00f6hnchen gibt ein T\u00f6nchen \u2013 jede Erbse einen Knall. Aber das konnte doch einfach nicht die Ursache f\u00fcr den fast erlebten Zusammenbruch des Kreislaufs gewesen sein, auch nicht die zweieinhalb Gl\u00e4schen leichten Wei\u00dfweins aus Frankreich, die ein Freund freundlicherweise zu diesem Zwecke zur Verf\u00fcgung gestellt hatte. Auch die schlecht durchschlafene Nacht, in welcher er die l\u00e4ngste Zeit mit offenen Augen dagelegen, die restliche Zeit mit wirren Fiebertr\u00e4umen verbracht hatte, konnte wohl kaum als Ursache herangezogen werden. Auch die halluzinatorischen Lichterscheinungen nicht, die seinen Blick morgens umflorten. Vielleicht das Wetter? \u2013 Ach was, niemandem werden Temperaturen um die 25 Grad irgendetwas ausmachen. Es konnte weder an den Zigaretten noch am Kaffee liegen, auch nicht daran, dass er sich anderweitig k\u00f6rperlich verausgabt hatte\u2026 Nein, das alles hatte damit nichts zu tun.<\/p>\r\n\r\n\r\n\r\n<p style=\"text-align: justify;\">Wahrscheinlich, entschied er, lag es einfach daran, dass er sein Fr\u00fchst\u00fccksei nicht mit Senf, sondern mit Salz gegessen hatte.<\/p>\r\n\r\n\r\n\r\n<p style=\"text-align: justify;\">\u00a0<\/p>\r\n<p style=\"text-align: center;\">***<\/p>\r\n<p style=\"text-align: justify;\"><strong>Das Mittelma\u00df der Welt<\/strong>, unerh\u00f6rte Geschichten von Herrn Nipp, KUNO 1994 &#8211; 2019<\/p>\r\n<p style=\"text-align: justify;\"><a href=\"http:\/\/www.editiondaslabor.de\/blog\/wp-content\/uploads\/2009\/01\/Herr-Nipp-Frontbild.jpg\"><img loading=\"lazy\" decoding=\"async\" class=\"alignleft size-full wp-image-71748\" src=\"http:\/\/www.editiondaslabor.de\/blog\/wp-content\/uploads\/2009\/01\/Herr-Nipp-Frontbild.jpg\" alt=\"\" width=\"217\" height=\"229\" srcset=\"http:\/\/www.editiondaslabor.de\/blog\/wp-content\/uploads\/2009\/01\/Herr-Nipp-Frontbild.jpg 217w, http:\/\/www.editiondaslabor.de\/blog\/wp-content\/uploads\/2009\/01\/Herr-Nipp-Frontbild-160x169.jpg 160w\" sizes=\"auto, (max-width: 217px) 100vw, 217px\" \/><\/a><\/p>\r\n<p style=\"text-align: justify;\"><strong>Weiterf\u00fchrend <\/strong><strong>\u2192\u00a0<\/strong>Zu einem begehrten Sammlerst\u00fcck hat sich die\u00a0Totholzausgabe von Herrn Nipps <a href=\"http:\/\/www.editiondaslabor.de\/blog\/?p=12766\"><em>Die Angst perfekter Schwiegers\u00f6hne<\/em><\/a> entwickelt.\u00a0Au\u00dferdem belegt sein Taschenbuch <a href=\"http:\/\/www.editiondaslabor.de\/blog\/?p=9294\"><em>Unerh\u00f6rte M\u00f6glichkeiten<\/em><\/a>, da\u00df man keinen Falken mehr verzehren muss, um novellistisch t\u00e4tig zu sein. Herr Nipp dampft die Gattung der Novelle konsequent zu <a href=\"http:\/\/www.editiondaslabor.de\/?p=899\"><em>Twitteratur<\/em><\/a> ein. Und au\u00dferdem pr\u00e4sentiert Haimo Hieronymus die bibliophile Kostbarkeit <a href=\"http:\/\/www.editiondaslabor.de\/blog\/?p=41385\"><em>\u00dcber Heblichkeiten, Floskeln und andere Ausrutscher<\/em><\/a> aus den Notizb\u00fcchern des Herrn Nipp. <span data-offset-key=\"bv319-0-0\">Begleitendes zur Ver\u00f6ffentlichung des Buches <a href=\"http:\/\/www.editiondaslabor.de\/blog\/2019\/12\/04\/fatale-wirkungen\/\"><em>Fatale Wirkungen<\/em><\/a>, von Herrn Nipp (Mit Fotos von Stephanie Neuhaus). \u00dcber die <a href=\"http:\/\/www.editiondaslabor.de\/blog\/?p=70620\">historische Aufgabe<\/a> von Herrn Nipp aus M\u00f6ppelheim.<\/span><\/p>\r\n<p style=\"text-align: justify;\">Zum Thema K\u00fcnstlerbucher lesen finden Sie hier einen <a href=\"http:\/\/www.editiondaslabor.de\/blog\/?p=12840\">Essay<\/a> sowie ein <a href=\"http:\/\/www.editiondaslabor.de\/blog\/?p=834\">Artikel<\/a> von J.C. Albers. Vertiefend auch das <a href=\"http:\/\/www.editiondaslabor.de\/blog\/?p=21407\">Kollegengespr\u00e4ch<\/a> mit Haimo Hieronymus.<\/p>\r\n<p style=\"text-align: justify;\">Diese bibliophile Kostbarkeiten sind erh\u00e4ltlich \u00fcber die Werkstattgalerie Der Bogen, Tel. 0173 7276421<\/p>\r\n<p style=\"text-align: justify;\">\u00a0<\/p>\r\n","protected":false},"excerpt":{"rendered":"<p>&nbsp; Eigentlich nicht, nein, gar nicht, so kann ich das nicht machen, dachte sich Herr Nipp noch, als er die letzte Kurve zum Ziel nahm. So etwas musste er sich doch nicht antun. Er war mal wieder durch, vollkommen und&hellip;<\/p>\n<p class=\"more-link-p\"><a class=\"more-link\" href=\"http:\/\/www.editiondaslabor.de\/blog\/2005\/04\/04\/salz-wohl\/\">Read more &rarr;<\/a><\/p>\n","protected":false},"author":161,"featured_media":71748,"comment_status":"closed","ping_status":"closed","sticky":false,"template":"","format":"standard","meta":{"footnotes":""},"categories":[1],"tags":[1334],"class_list":["post-60536","post","type-post","status-publish","format-standard","has-post-thumbnail","hentry","category-literatur","tag-herr-nipp"],"_links":{"self":[{"href":"http:\/\/www.editiondaslabor.de\/blog\/wp-json\/wp\/v2\/posts\/60536","targetHints":{"allow":["GET"]}}],"collection":[{"href":"http:\/\/www.editiondaslabor.de\/blog\/wp-json\/wp\/v2\/posts"}],"about":[{"href":"http:\/\/www.editiondaslabor.de\/blog\/wp-json\/wp\/v2\/types\/post"}],"author":[{"embeddable":true,"href":"http:\/\/www.editiondaslabor.de\/blog\/wp-json\/wp\/v2\/users\/161"}],"replies":[{"embeddable":true,"href":"http:\/\/www.editiondaslabor.de\/blog\/wp-json\/wp\/v2\/comments?post=60536"}],"version-history":[{"count":0,"href":"http:\/\/www.editiondaslabor.de\/blog\/wp-json\/wp\/v2\/posts\/60536\/revisions"}],"wp:featuredmedia":[{"embeddable":true,"href":"http:\/\/www.editiondaslabor.de\/blog\/wp-json\/"}],"wp:attachment":[{"href":"http:\/\/www.editiondaslabor.de\/blog\/wp-json\/wp\/v2\/media?parent=60536"}],"wp:term":[{"taxonomy":"category","embeddable":true,"href":"http:\/\/www.editiondaslabor.de\/blog\/wp-json\/wp\/v2\/categories?post=60536"},{"taxonomy":"post_tag","embeddable":true,"href":"http:\/\/www.editiondaslabor.de\/blog\/wp-json\/wp\/v2\/tags?post=60536"}],"curies":[{"name":"wp","href":"https:\/\/api.w.org\/{rel}","templated":true}]}}