{"id":59658,"date":"2019-12-09T00:01:20","date_gmt":"2019-12-08T23:01:20","guid":{"rendered":"http:\/\/www.editiondaslabor.de\/blog\/?p=59658"},"modified":"2022-02-17T18:54:14","modified_gmt":"2022-02-17T17:54:14","slug":"universitaetsbildung","status":"publish","type":"post","link":"http:\/\/www.editiondaslabor.de\/blog\/2019\/12\/09\/universitaetsbildung\/","title":{"rendered":"Universit\u00e4tsbildung"},"content":{"rendered":"\r\n<p style=\"text-align: justify;\">\u00a0<\/p>\r\n<p style=\"text-align: justify;\">Universit\u00e4tsbildung, neu sortiert und dann zur sparsamen Bewirtschaftung der kleinsten Lichter verpflichtet: all die selbstregierten, innerlich evakuierten Performanzbiester, deren Handlungen nicht mehr den Regeln eines progressiven Lebens, sondern denen der Darstellung folgten; ego-\u00fcber\u00admotivierte N\u00fctzlichkeitszombies, die ihre eigene Einverstandenheit nicht mehr reflektierten, flankiert von echtdenkenden Studentinnen, Untoten der Fehlervermeidungskultur, die an Meinungsanf\u00e4llen litten und deren Haarstr\u00e4hnen so glatt waren wie ihre Gedanken. Und das Internet \u00fcberv\u00f6lkert von post-puber\u00adtie\u00ad\u00adren\u00adden Literaturgl\u00fchw\u00fcrmchen, die einem ihr struppig verstocktes Biedermeier als \u201erebellische Anpassung\u201c verkaufen wollten (Nele Pollatschek, Ronja von R\u00f6nne). Die hundertj\u00e4hrigen Schlagw\u00f6rter hatten es ihnen angetan, das missionarische Ethos der Ausf\u00fchrlichkeit. Die moderne Universit\u00e4t, sie war ein Museum der Verzweiflung.<\/p>\r\n<p>&nbsp;<\/p>\r\n<p>&nbsp;<\/p>\r\n\r\n\r\n\r\n<p style=\"text-align: center;\">***<\/p>\r\n\r\n\r\n\r\n<p style=\"text-align: justify;\"><strong>Der innere Meridian<\/strong>, Aufzeichnungen von Ralph Pordzik, W\u00fcrzburg: \u00c9cole Noire, 2019.<\/p>\r\n\r\n\r\n\r\n<div class=\"wp-block-image\" style=\"text-align: justify;\">\r\n<figure class=\"alignleft is-resized\"><img loading=\"lazy\" decoding=\"async\" class=\"wp-image-59589\" src=\"http:\/\/www.editiondaslabor.de\/blog\/wp-content\/uploads\/2019\/12\/Meridian_cover-708x1024.jpg\" alt=\"\" width=\"177\" height=\"256\" \/><\/figure>\r\n<\/div>\r\n\r\n\r\n\r\n<p style=\"text-align: justify;\"><strong>Weiterf\u00fchrend \u2192<\/strong><\/p>\r\n\r\n\r\n\r\n<p style=\"text-align: justify;\">In den<em> Aufzeichnungen<\/em> von Ralph Pordzik findet sich eine Poesie, die man von den japanischen Haiku kennt, sie scheint auf besondere Weise verf\u00fcgbar und dienstbar zu sein. Diese Notate entsprechen der Denkgenauigkeit der Sp\u00e4tmoderne, es ist <em>Twitteratur<\/em> im besten Sinn. \u2013 Lesen Sie auch einen Essay \u00fcber die neue Literaturgattung <a href=\"http:\/\/www.editiondaslabor.de\/blog\/?p=22423\"><em>Twitteratur<\/em><\/a>.<\/p>\r\n\r\n\r\n\r\n<p style=\"text-align: justify;\">Bereits von seinem ersten Band<strong> Verabredung mit meinem Publikum<\/strong> war KUNO <a href=\"http:\/\/www.editiondaslabor.de\/blog\/?p=14498\">angetan<\/a>. Auf KUNO lesen Sie auch einen Rezensionsessay von Holger Benkel \u00fcber <a href=\"http:\/\/www.editiondaslabor.de\/blog\/2017\/11\/12\/mit-deutschen-untertiteln\/\">Ralph Pordzik<\/a>\u00a0 \u2013 Poesie ist das identit\u00e4tsstiftende Element der Kultur, KUNOs <a href=\"http:\/\/www.editiondaslabor.de\/blog\/?p=25630\">poetologische Positionsbestimmung<\/a>.<\/p>\r\n","protected":false},"excerpt":{"rendered":"<p>\u00a0 Universit\u00e4tsbildung, neu sortiert und dann zur sparsamen Bewirtschaftung der kleinsten Lichter verpflichtet: all die selbstregierten, innerlich evakuierten Performanzbiester, deren Handlungen nicht mehr den Regeln eines progressiven Lebens, sondern denen der Darstellung folgten; ego-\u00fcber\u00admotivierte N\u00fctzlichkeitszombies, die ihre eigene Einverstandenheit nicht&hellip;<\/p>\n<p class=\"more-link-p\"><a class=\"more-link\" href=\"http:\/\/www.editiondaslabor.de\/blog\/2019\/12\/09\/universitaetsbildung\/\">Read more &rarr;<\/a><\/p>\n","protected":false},"author":144,"featured_media":98037,"comment_status":"closed","ping_status":"closed","sticky":false,"template":"","format":"standard","meta":{"footnotes":""},"categories":[1],"tags":[1183],"class_list":["post-59658","post","type-post","status-publish","format-standard","has-post-thumbnail","hentry","category-literatur","tag-ralph-pordzik"],"_links":{"self":[{"href":"http:\/\/www.editiondaslabor.de\/blog\/wp-json\/wp\/v2\/posts\/59658","targetHints":{"allow":["GET"]}}],"collection":[{"href":"http:\/\/www.editiondaslabor.de\/blog\/wp-json\/wp\/v2\/posts"}],"about":[{"href":"http:\/\/www.editiondaslabor.de\/blog\/wp-json\/wp\/v2\/types\/post"}],"author":[{"embeddable":true,"href":"http:\/\/www.editiondaslabor.de\/blog\/wp-json\/wp\/v2\/users\/144"}],"replies":[{"embeddable":true,"href":"http:\/\/www.editiondaslabor.de\/blog\/wp-json\/wp\/v2\/comments?post=59658"}],"version-history":[{"count":1,"href":"http:\/\/www.editiondaslabor.de\/blog\/wp-json\/wp\/v2\/posts\/59658\/revisions"}],"predecessor-version":[{"id":98052,"href":"http:\/\/www.editiondaslabor.de\/blog\/wp-json\/wp\/v2\/posts\/59658\/revisions\/98052"}],"wp:featuredmedia":[{"embeddable":true,"href":"http:\/\/www.editiondaslabor.de\/blog\/wp-json\/wp\/v2\/media\/98037"}],"wp:attachment":[{"href":"http:\/\/www.editiondaslabor.de\/blog\/wp-json\/wp\/v2\/media?parent=59658"}],"wp:term":[{"taxonomy":"category","embeddable":true,"href":"http:\/\/www.editiondaslabor.de\/blog\/wp-json\/wp\/v2\/categories?post=59658"},{"taxonomy":"post_tag","embeddable":true,"href":"http:\/\/www.editiondaslabor.de\/blog\/wp-json\/wp\/v2\/tags?post=59658"}],"curies":[{"name":"wp","href":"https:\/\/api.w.org\/{rel}","templated":true}]}}