{"id":59629,"date":"2023-01-20T00:01:53","date_gmt":"2023-01-19T23:01:53","guid":{"rendered":"http:\/\/www.editiondaslabor.de\/blog\/?p=59629"},"modified":"2022-02-25T09:36:30","modified_gmt":"2022-02-25T08:36:30","slug":"menschen-wie-kreisel","status":"publish","type":"post","link":"http:\/\/www.editiondaslabor.de\/blog\/2023\/01\/20\/menschen-wie-kreisel\/","title":{"rendered":"Menschen wie Kreisel"},"content":{"rendered":"\r\n<p style=\"text-align: justify;\">\u00a0<\/p>\r\n<p style=\"text-align: justify;\">Menschen wie Kreisel, die einander beim Kippen zusahen. Freundschaften, in Zeitlupe jeden Tag aufs Neue pantomimisch als Autounfall nachgespielt, wie Fahrerfl\u00fcchtige im eigenen Leben. Und nichts von alldem trat richtig nah an ihn heran. Kugeln, Pfeile und Messer verfingen sich in Wiederg\u00e4ngerchiffren und apotrop\u00e4ischen Papierlagen, im oblatenhaften Esperanto seines Sprachlabors, und auch die Blitze der Liebe ritzten ihn blo\u00df.<\/p>\r\n<p>&nbsp;<\/p>\r\n\r\n\r\n\r\n<p class=\"has-large-font-size\" style=\"text-align: justify;\">\u00a0<\/p>\r\n\r\n\r\n\r\n<p class=\"has-text-align-center\" style=\"text-align: center;\">***<\/p>\r\n\r\n\r\n\r\n<p style=\"text-align: justify;\"><strong>Der innere Meridian<\/strong>, Aufzeichnungen von Ralph Pordzik, W\u00fcrzburg: \u00c9cole Noire, 2019<\/p>\r\n\r\n\r\n\r\n<div class=\"wp-block-image\" style=\"text-align: justify;\">\r\n<figure class=\"alignleft is-resized\"><img loading=\"lazy\" decoding=\"async\" class=\"alignleft size-full wp-image-98037\" src=\"http:\/\/www.editiondaslabor.de\/blog\/wp-content\/uploads\/2022\/01\/Meridian_cover-e1645778155301.jpg\" alt=\"\" width=\"207\" height=\"300\" \/><\/figure>\r\n<\/div>\r\n\r\n\r\n\r\n<p style=\"text-align: justify;\"><strong>Weiterf\u00fchrend \u2192<\/strong><\/p>\r\n\r\n\r\n\r\n<p style=\"text-align: justify;\">In den<em> Aufzeichnungen<\/em> von Ralph Pordzik findet sich eine Poesie, die man von den japanischen Haiku kennt, sie scheint auf besondere Weise verf\u00fcgbar und dienstbar zu sein. Diese Notate entsprechen der Denkgenauigkeit der Sp\u00e4tmoderne, es ist <em>Twitteratur<\/em> im besten Sinn. \u2013 Lesen Sie aucheinen Essay \u00fcber die neue Literaturgattung <a href=\"http:\/\/www.editiondaslabor.de\/blog\/?p=22423\"><em>Twitteratur<\/em><\/a>.<\/p>\r\n\r\n\r\n\r\n<p style=\"text-align: justify;\">Bereits von seinem ersten Band<strong> Verabredung mit meinem Publikum<\/strong> war KUNO <a href=\"http:\/\/www.editiondaslabor.de\/blog\/?p=14498\">angetan<\/a>. Auf KUNO lesen Sie auch einen Rezensionsessay von Holger Benkel \u00fcber <a href=\"http:\/\/www.editiondaslabor.de\/blog\/2017\/11\/12\/mit-deutschen-untertiteln\/\">Ralph Pordzik<\/a>\u00a0 \u2013 Poesie ist das identit\u00e4tsstiftende Element der Kultur, KUNOs <a href=\"http:\/\/www.editiondaslabor.de\/blog\/?p=25630\">poetologische Positionsbestimmung<\/a>.<\/p>\r\n","protected":false},"excerpt":{"rendered":"<p>\u00a0 Menschen wie Kreisel, die einander beim Kippen zusahen. Freundschaften, in Zeitlupe jeden Tag aufs Neue pantomimisch als Autounfall nachgespielt, wie Fahrerfl\u00fcchtige im eigenen Leben. Und nichts von alldem trat richtig nah an ihn heran. Kugeln, Pfeile und Messer verfingen&hellip;<\/p>\n<p class=\"more-link-p\"><a class=\"more-link\" href=\"http:\/\/www.editiondaslabor.de\/blog\/2023\/01\/20\/menschen-wie-kreisel\/\">Read more &rarr;<\/a><\/p>\n","protected":false},"author":144,"featured_media":98037,"comment_status":"closed","ping_status":"closed","sticky":false,"template":"","format":"standard","meta":{"footnotes":""},"categories":[1],"tags":[1183],"class_list":["post-59629","post","type-post","status-publish","format-standard","has-post-thumbnail","hentry","category-literatur","tag-ralph-pordzik"],"_links":{"self":[{"href":"http:\/\/www.editiondaslabor.de\/blog\/wp-json\/wp\/v2\/posts\/59629","targetHints":{"allow":["GET"]}}],"collection":[{"href":"http:\/\/www.editiondaslabor.de\/blog\/wp-json\/wp\/v2\/posts"}],"about":[{"href":"http:\/\/www.editiondaslabor.de\/blog\/wp-json\/wp\/v2\/types\/post"}],"author":[{"embeddable":true,"href":"http:\/\/www.editiondaslabor.de\/blog\/wp-json\/wp\/v2\/users\/144"}],"replies":[{"embeddable":true,"href":"http:\/\/www.editiondaslabor.de\/blog\/wp-json\/wp\/v2\/comments?post=59629"}],"version-history":[{"count":2,"href":"http:\/\/www.editiondaslabor.de\/blog\/wp-json\/wp\/v2\/posts\/59629\/revisions"}],"predecessor-version":[{"id":100416,"href":"http:\/\/www.editiondaslabor.de\/blog\/wp-json\/wp\/v2\/posts\/59629\/revisions\/100416"}],"wp:featuredmedia":[{"embeddable":true,"href":"http:\/\/www.editiondaslabor.de\/blog\/wp-json\/wp\/v2\/media\/98037"}],"wp:attachment":[{"href":"http:\/\/www.editiondaslabor.de\/blog\/wp-json\/wp\/v2\/media?parent=59629"}],"wp:term":[{"taxonomy":"category","embeddable":true,"href":"http:\/\/www.editiondaslabor.de\/blog\/wp-json\/wp\/v2\/categories?post=59629"},{"taxonomy":"post_tag","embeddable":true,"href":"http:\/\/www.editiondaslabor.de\/blog\/wp-json\/wp\/v2\/tags?post=59629"}],"curies":[{"name":"wp","href":"https:\/\/api.w.org\/{rel}","templated":true}]}}