{"id":59599,"date":"2020-03-09T00:01:06","date_gmt":"2020-03-08T23:01:06","guid":{"rendered":"http:\/\/www.editiondaslabor.de\/blog\/?p=59599"},"modified":"2022-02-17T18:52:00","modified_gmt":"2022-02-17T17:52:00","slug":"der-innere-meridian-2","status":"publish","type":"post","link":"http:\/\/www.editiondaslabor.de\/blog\/2020\/03\/09\/der-innere-meridian-2\/","title":{"rendered":"Der innere Meridian 3"},"content":{"rendered":"\r\n<p>&nbsp;<\/p>\r\n<p style=\"text-align: justify;\">Er hatte sich wieder einmal mit sich selbst verabredet und war dann doch nicht hingegangen. Er war eben nicht zu sprechen f\u00fcr sich, zu keiner Zeit, niemals.<\/p>\r\n\r\n\r\n\r\n<p style=\"text-align: justify;\">Immerzu f\u00fchlte er sich gekr\u00e4nkt. Er wurde beleidigt von Freunden, die ihn nicht beleidigen wollten. Es war, als w\u00fcrden den Freunden die beleidigenden Worte souffliert, die sie in guter Absicht als Schmeichelei nachsprachen, und nur er und der unsichtbare Souffleur verstanden die Kr\u00e4nkung.<\/p>\r\n<p>&nbsp;<\/p>\r\n\r\n\r\n\r\n<p>&nbsp;<\/p>\r\n\r\n\r\n\r\n<p class=\"has-text-align-center\" style=\"text-align: center;\">***<\/p>\r\n\r\n\r\n\r\n<p style=\"text-align: justify;\"><strong>Der innere Meridian<\/strong>, Aufzeichnungen von Ralph Pordzik, W\u00fcrzburg: \u00c9cole Noire, 2019<\/p>\r\n\r\n\r\n\r\n<div class=\"wp-block-image\" style=\"text-align: justify;\">\r\n<figure class=\"alignleft is-resized\"><img loading=\"lazy\" decoding=\"async\" class=\"wp-image-59589\" src=\"http:\/\/www.editiondaslabor.de\/blog\/wp-content\/uploads\/2019\/12\/Meridian_cover-708x1024.jpg\" alt=\"\" width=\"177\" height=\"256\" \/><\/figure>\r\n<\/div>\r\n\r\n\r\n\r\n<p style=\"text-align: justify;\"><strong>Weiterf\u00fchrend \u2192<\/strong><\/p>\r\n\r\n\r\n\r\n<p style=\"text-align: justify;\">In den<em> Aufzeichnungen<\/em> von Ralph Pordzik findet sich eine Poesie, die man von den japanischen Haiku kennt, sie scheint auf besondere Weise verf\u00fcgbar und dienstbar zu sein. Diese Notate entsprechen der Denkgenauigkeit der Sp\u00e4tmoderne, es ist <em>Twitteratur<\/em> im besten Sinn. &#8211; Lesen Sie auch einen Essay \u00fcber die neue Literaturgattung <a href=\"http:\/\/www.editiondaslabor.de\/blog\/?p=22423\"><em>Twitteratur<\/em><\/a>.<\/p>\r\n\r\n\r\n\r\n<p style=\"text-align: justify;\">Bereits von seinem ersten Band<strong> Verabredung mit meinem Publikum<\/strong> war KUNO <a href=\"http:\/\/www.editiondaslabor.de\/blog\/?p=14498\">angetan<\/a>. Auf KUNO lesen Sie auch einen Rezensionsessay von Holger Benkel \u00fcber <a href=\"http:\/\/www.editiondaslabor.de\/blog\/2017\/11\/12\/mit-deutschen-untertiteln\/\">Ralph Pordzik<\/a>\u00a0 \u2013 Poesie ist das identit\u00e4tsstiftende Element der Kultur, KUNOs <a href=\"http:\/\/www.editiondaslabor.de\/blog\/?p=25630\">poetologische Positionsbestimmung<\/a>.<\/p>\r\n","protected":false},"excerpt":{"rendered":"<p>&nbsp; Er hatte sich wieder einmal mit sich selbst verabredet und war dann doch nicht hingegangen. Er war eben nicht zu sprechen f\u00fcr sich, zu keiner Zeit, niemals. Immerzu f\u00fchlte er sich gekr\u00e4nkt. Er wurde beleidigt von Freunden, die ihn&hellip;<\/p>\n<p class=\"more-link-p\"><a class=\"more-link\" href=\"http:\/\/www.editiondaslabor.de\/blog\/2020\/03\/09\/der-innere-meridian-2\/\">Read more &rarr;<\/a><\/p>\n","protected":false},"author":144,"featured_media":98037,"comment_status":"closed","ping_status":"closed","sticky":false,"template":"","format":"standard","meta":{"footnotes":""},"categories":[1],"tags":[1183],"class_list":["post-59599","post","type-post","status-publish","format-standard","has-post-thumbnail","hentry","category-literatur","tag-ralph-pordzik"],"_links":{"self":[{"href":"http:\/\/www.editiondaslabor.de\/blog\/wp-json\/wp\/v2\/posts\/59599","targetHints":{"allow":["GET"]}}],"collection":[{"href":"http:\/\/www.editiondaslabor.de\/blog\/wp-json\/wp\/v2\/posts"}],"about":[{"href":"http:\/\/www.editiondaslabor.de\/blog\/wp-json\/wp\/v2\/types\/post"}],"author":[{"embeddable":true,"href":"http:\/\/www.editiondaslabor.de\/blog\/wp-json\/wp\/v2\/users\/144"}],"replies":[{"embeddable":true,"href":"http:\/\/www.editiondaslabor.de\/blog\/wp-json\/wp\/v2\/comments?post=59599"}],"version-history":[{"count":1,"href":"http:\/\/www.editiondaslabor.de\/blog\/wp-json\/wp\/v2\/posts\/59599\/revisions"}],"predecessor-version":[{"id":98049,"href":"http:\/\/www.editiondaslabor.de\/blog\/wp-json\/wp\/v2\/posts\/59599\/revisions\/98049"}],"wp:featuredmedia":[{"embeddable":true,"href":"http:\/\/www.editiondaslabor.de\/blog\/wp-json\/wp\/v2\/media\/98037"}],"wp:attachment":[{"href":"http:\/\/www.editiondaslabor.de\/blog\/wp-json\/wp\/v2\/media?parent=59599"}],"wp:term":[{"taxonomy":"category","embeddable":true,"href":"http:\/\/www.editiondaslabor.de\/blog\/wp-json\/wp\/v2\/categories?post=59599"},{"taxonomy":"post_tag","embeddable":true,"href":"http:\/\/www.editiondaslabor.de\/blog\/wp-json\/wp\/v2\/tags?post=59599"}],"curies":[{"name":"wp","href":"https:\/\/api.w.org\/{rel}","templated":true}]}}