{"id":59274,"date":"2020-06-04T00:01:00","date_gmt":"2020-06-03T22:01:00","guid":{"rendered":"http:\/\/www.editiondaslabor.de\/blog\/?p=59274"},"modified":"2020-06-03T10:08:54","modified_gmt":"2020-06-03T08:08:54","slug":"das-liebe-maedchen-und-der-baer","status":"publish","type":"post","link":"http:\/\/www.editiondaslabor.de\/blog\/2020\/06\/04\/das-liebe-maedchen-und-der-baer\/","title":{"rendered":"Das liebe M\u00e4dchen und der B\u00e4r"},"content":{"rendered":"\n<p>Es war einmal ein liebes M\u00e4dchen, das hatte alle Vorz\u00fcge einer jungen Frau. Eines Tages traf sie einen B\u00e4ren von Mann, der war bei der M\u00fcllabfuhr besch\u00e4ftigt. Sie heirateten und lebten gl\u00fccklich mit den Sachen, die er von der Arbeit nach Hause brachte. So ging das bis an ihr Lebensende und sie sind auch nur drei oder vier Mal fremd gegangen.<\/p>\n\n\n\n<p class=\"has-text-align-center\">***<\/p>\n\n\n\n<p>Ein R\u00fcckblick auf: <strong>Fatale Wirkungen<\/strong>, von Herrn Nipp. Mit Fotos von Stephanie Neuhaus. Edition Das Labor 2019<br \/><\/p>\n\n\n\n<div class=\"wp-block-image\"><figure class=\"alignleft is-resized\"><img loading=\"lazy\" decoding=\"async\" src=\"http:\/\/www.editiondaslabor.de\/blog\/wp-content\/uploads\/2019\/11\/NippsMa\u0308rchen-732x1024.jpg\" alt=\"\" class=\"wp-image-59263\" width=\"183\" height=\"256\"\/><\/figure><\/div>\n\n\n\n<p><strong>Weiterf\u00fchrend&nbsp;\u2192&nbsp;<\/strong><\/p>\n\n\n\n<p>Zur Premiere des Buches <a href=\"http:\/\/www.editiondaslabor.de\/blog\/2019\/12\/04\/fatale-wirkungen\/\">schrieb<\/a> KUNO. Zum Thema K\u00fcnstlerbucher lesen finden Sie hier einen <a href=\"http:\/\/www.editiondaslabor.de\/blog\/?p=12840\">Essay<\/a> sowie einen <a href=\"http:\/\/www.editiondaslabor.de\/blog\/?p=834\">Artikel<\/a> von J.C. Albers. Papier ist autonomes Kunstmaterial, daher ein vertiefendes <a href=\"http:\/\/www.editiondaslabor.de\/blog\/?p=21407\">Kollegengespr\u00e4ch<\/a> mit Haimo Hieronymus \u00fcber Material, Medium und Faszination des Werkstoffs Papier.<\/p>\n\n\n\n<p>Die&nbsp;bibliophilen Kostbarkeiten sind erh\u00e4ltlich \u00fcber die Werkstattgalerie Der Bogen, Tel. 0173 7276421 \u2013 Bestellungen per mail \u00fcber: edition-das-labor@web.de<\/p>\n","protected":false},"excerpt":{"rendered":"<p>Es war einmal ein liebes M\u00e4dchen, das hatte alle Vorz\u00fcge einer jungen Frau. Eines Tages traf sie einen B\u00e4ren von Mann, der war bei der M\u00fcllabfuhr besch\u00e4ftigt. Sie heirateten und lebten gl\u00fccklich mit den Sachen, die er von der Arbeit&hellip;<\/p>\n<p class=\"more-link-p\"><a class=\"more-link\" href=\"http:\/\/www.editiondaslabor.de\/blog\/2020\/06\/04\/das-liebe-maedchen-und-der-baer\/\">Read more &rarr;<\/a><\/p>\n","protected":false},"author":161,"featured_media":59263,"comment_status":"closed","ping_status":"closed","sticky":false,"template":"","format":"standard","meta":{"footnotes":""},"categories":[1],"tags":[44,1334],"class_list":["post-59274","post","type-post","status-publish","format-standard","has-post-thumbnail","hentry","category-literatur","tag-haimo-hieronymus","tag-herr-nipp"],"_links":{"self":[{"href":"http:\/\/www.editiondaslabor.de\/blog\/wp-json\/wp\/v2\/posts\/59274","targetHints":{"allow":["GET"]}}],"collection":[{"href":"http:\/\/www.editiondaslabor.de\/blog\/wp-json\/wp\/v2\/posts"}],"about":[{"href":"http:\/\/www.editiondaslabor.de\/blog\/wp-json\/wp\/v2\/types\/post"}],"author":[{"embeddable":true,"href":"http:\/\/www.editiondaslabor.de\/blog\/wp-json\/wp\/v2\/users\/161"}],"replies":[{"embeddable":true,"href":"http:\/\/www.editiondaslabor.de\/blog\/wp-json\/wp\/v2\/comments?post=59274"}],"version-history":[{"count":0,"href":"http:\/\/www.editiondaslabor.de\/blog\/wp-json\/wp\/v2\/posts\/59274\/revisions"}],"wp:featuredmedia":[{"embeddable":true,"href":"http:\/\/www.editiondaslabor.de\/blog\/wp-json\/"}],"wp:attachment":[{"href":"http:\/\/www.editiondaslabor.de\/blog\/wp-json\/wp\/v2\/media?parent=59274"}],"wp:term":[{"taxonomy":"category","embeddable":true,"href":"http:\/\/www.editiondaslabor.de\/blog\/wp-json\/wp\/v2\/categories?post=59274"},{"taxonomy":"post_tag","embeddable":true,"href":"http:\/\/www.editiondaslabor.de\/blog\/wp-json\/wp\/v2\/tags?post=59274"}],"curies":[{"name":"wp","href":"https:\/\/api.w.org\/{rel}","templated":true}]}}