{"id":59206,"date":"1989-10-09T00:01:16","date_gmt":"1989-10-08T23:01:16","guid":{"rendered":"http:\/\/www.editiondaslabor.de\/blog\/?p=59206"},"modified":"2021-07-07T12:12:09","modified_gmt":"2021-07-07T10:12:09","slug":"wir-sind-das-volk","status":"publish","type":"post","link":"http:\/\/www.editiondaslabor.de\/blog\/1989\/10\/09\/wir-sind-das-volk\/","title":{"rendered":"Wir sind das Volk"},"content":{"rendered":"\r\n<p style=\"text-align: justify;\">\u00a0<\/p>\r\n<p style=\"text-align: justify;\">Ein entscheidendes Ereignis der Friedlichen Revolution ist die gro\u00dfe Montagsdemonstration am 9. Oktober 1989 in Leipzig. 70.000 Demonstranten \u00fcberwinden ihre Angst und stellten sich mit dem Ruf &#8222;Wir sind das Volk&#8220; den bewaffneten Sicherheitskr\u00e4ften entgegen. <br \/><br \/>Leipzig steht, wie kaum ein anderer Ort, nicht nur im nationalen Ged\u00e4chtnis exemplarisch f\u00fcr die Friedliche Revolution. Der 9. Oktober 1989 wird zum Tag der Entscheidung f\u00fcr den weiteren Fortgang der Demokratiebewegung.<\/p>\r\n\r\n\r\n\r\n<p style=\"text-align: justify;\">Durch die mutige, gewaltlose Kraft der Montagsdemonstrationen wird der 9. Oktober 1989 zu einem der bedeutendsten Tage der j\u00fcngeren deutschen Geschichte.<\/p>\r\n<p style=\"text-align: justify;\">\u00a0<\/p>\r\n<p style=\"text-align: justify;\">\u00a0<\/p>\r\n<div id=\"attachment_50088\" style=\"width: 210px\" class=\"wp-caption alignleft\"><a href=\"http:\/\/www.editiondaslabor.de\/blog\/wp-content\/uploads\/2018\/07\/Sammelgebiet_Cover-1-e1523975024523.jpeg\"><img loading=\"lazy\" decoding=\"async\" aria-describedby=\"caption-attachment-50088\" class=\"wp-image-50088 size-full\" src=\"http:\/\/www.editiondaslabor.de\/blog\/wp-content\/uploads\/2018\/07\/Sammelgebiet_Cover-1-e1523975024523.jpeg\" alt=\"\" width=\"200\" height=\"309\" \/><\/a><p id=\"caption-attachment-50088\" class=\"wp-caption-text\">Postwertzeichen erschienen zum 20. Jahrestag der DDR. Entwertet am 9. November 1989<\/p><\/div>\r\n<p style=\"text-align: justify;\"><strong>Abgeschlossenes Sammelgebiet<\/strong>, Roman von A. J. Weigoni, Edition Das Labor, M\u00fclheim 2014 \u2013 Limitierte und handsignierte Ausgabe des Buches als Hardcover<\/p>\r\n<p style=\"text-align: justify;\"><strong>Weiterf\u00fchrend \u2192 <\/strong>Zur historischen Abfolge, eine <a href=\"http:\/\/www.editiondaslabor.de\/blog\/?p=25344\">Einf\u00fchrung<\/a>.\u00a0Eine Rezension von Jo Wei\u00df findet sich <a href=\"http:\/\/www.editiondaslabor.de\/blog\/?p=24394\">hier<\/a>. Einen Essay von Regine M\u00fcller lesen Sie <a href=\"http:\/\/www.editiondaslabor.de\/blog\/?p=24412\">hier<\/a>. Beim <em>vordenker<\/em> <a href=\"http:\/\/www.editiondaslabor.de\/blog\/2014\/10\/09\/lebensabschnittsgefaehrten\/\">entdeckt<\/a> Constanze Schmidt in diesem Roman einen Dreiklang. Auf <a href=\"http:\/\/www.editiondaslabor.de\/blog\/2014\/12\/26\/parallelfuehrung-der-liebesverhaeltnisse\/\">Fixpoetry<\/a> arbeitet Margretha Schnarhelt einen Vergleich zwischen A.J. Weigoni und Haruki Murakami heraus. Eine weitere Parallele zu <em>Jahrestage<\/em> von Uwe Johnson wird <a href=\"http:\/\/www.editiondaslabor.de\/blog\/?p=24922\">hier<\/a> gezogen. Die Dualit\u00e4t des Erscheinens mit Lutz Seilers \u201cKruso\u201d wird <a href=\"http:\/\/www.editiondaslabor.de\/blog\/?p=26315\">hier<\/a> thematisiert. In der Neuen Rheinischen Zeitung <a href=\"http:\/\/www.editiondaslabor.de\/blog\/2015\/08\/13\/liebe-sinnlich-ideologisch\/\">w\u00fcrdigt<\/a> Karl Feldkamp wie A.J. Weigoni in seinem ersten Roman den Leser zu Hochgenuss verf\u00fchrt.<\/p>\r\n\r\n\r\n\r\n<p style=\"text-align: justify;\">\u00a0<\/p>\r\n","protected":false},"excerpt":{"rendered":"<p>\u00a0 Ein entscheidendes Ereignis der Friedlichen Revolution ist die gro\u00dfe Montagsdemonstration am 9. Oktober 1989 in Leipzig. 70.000 Demonstranten \u00fcberwinden ihre Angst und stellten sich mit dem Ruf &#8222;Wir sind das Volk&#8220; den bewaffneten Sicherheitskr\u00e4ften entgegen. Leipzig steht, wie kaum&hellip;<\/p>\n<p class=\"more-link-p\"><a class=\"more-link\" href=\"http:\/\/www.editiondaslabor.de\/blog\/1989\/10\/09\/wir-sind-das-volk\/\">Read more &rarr;<\/a><\/p>\n","protected":false},"author":2,"featured_media":55418,"comment_status":"closed","ping_status":"closed","sticky":false,"template":"","format":"standard","meta":{"footnotes":""},"categories":[1],"tags":[3048],"class_list":["post-59206","post","type-post","status-publish","format-standard","has-post-thumbnail","hentry","category-literatur","tag-volkmund"],"_links":{"self":[{"href":"http:\/\/www.editiondaslabor.de\/blog\/wp-json\/wp\/v2\/posts\/59206","targetHints":{"allow":["GET"]}}],"collection":[{"href":"http:\/\/www.editiondaslabor.de\/blog\/wp-json\/wp\/v2\/posts"}],"about":[{"href":"http:\/\/www.editiondaslabor.de\/blog\/wp-json\/wp\/v2\/types\/post"}],"author":[{"embeddable":true,"href":"http:\/\/www.editiondaslabor.de\/blog\/wp-json\/wp\/v2\/users\/2"}],"replies":[{"embeddable":true,"href":"http:\/\/www.editiondaslabor.de\/blog\/wp-json\/wp\/v2\/comments?post=59206"}],"version-history":[{"count":0,"href":"http:\/\/www.editiondaslabor.de\/blog\/wp-json\/wp\/v2\/posts\/59206\/revisions"}],"wp:featuredmedia":[{"embeddable":true,"href":"http:\/\/www.editiondaslabor.de\/blog\/wp-json\/"}],"wp:attachment":[{"href":"http:\/\/www.editiondaslabor.de\/blog\/wp-json\/wp\/v2\/media?parent=59206"}],"wp:term":[{"taxonomy":"category","embeddable":true,"href":"http:\/\/www.editiondaslabor.de\/blog\/wp-json\/wp\/v2\/categories?post=59206"},{"taxonomy":"post_tag","embeddable":true,"href":"http:\/\/www.editiondaslabor.de\/blog\/wp-json\/wp\/v2\/tags?post=59206"}],"curies":[{"name":"wp","href":"https:\/\/api.w.org\/{rel}","templated":true}]}}