{"id":58994,"date":"2020-10-21T00:01:44","date_gmt":"2020-10-20T22:01:44","guid":{"rendered":"http:\/\/www.editiondaslabor.de\/blog\/?p=58994"},"modified":"2022-02-17T14:20:57","modified_gmt":"2022-02-17T13:20:57","slug":"wadi","status":"publish","type":"post","link":"http:\/\/www.editiondaslabor.de\/blog\/2020\/10\/21\/wadi\/","title":{"rendered":"WADI"},"content":{"rendered":"\r\n<p>&nbsp;<\/p>\r\n<p style=\"text-align: justify;\">Risse durchzogen ferne Trockenheit, brachen Erde mit feuchter Erinnerung, schufen Verbindungen, vertieften sich in durstigen Miniaturschluchten und flachen Mulden. Vom Zufall beschlossenes Klaffen erzeugte vereinzelt abgetrennte K\u00f6rperschaften. Ein feines Netz \u00fcberzog die verwundete Landschaft, die sich wie ein einsam sterbendes Tier in ihr Schicksal ergab, w\u00e4hrend sie sich vergebens nach dem Ger\u00e4usch der Tropfen sehnte. Ein feines Schaben balanciert todesmutig und fremd an sich ver\u00e4stelnden Abgr\u00fcnden: siehe da, eine Ameise.<\/p>\r\n<p>&nbsp;<\/p>\r\n<p>&nbsp;<\/p>\r\n\r\n\r\n\r\n<p class=\"has-text-align-center\" style=\"text-align: center;\">***<\/p>\r\n\r\n\r\n\r\n<p style=\"text-align: justify;\"><strong>Vom lustvollen Seufzer des Sudank\u00e4fer, <\/strong>Kurzgeschichten von Julia Kulewatz, ed(dition)-cetera.<\/p>\r\n\r\n\r\n\r\n<div class=\"wp-block-image\" style=\"text-align: justify;\">\r\n<figure class=\"alignleft is-resized\"><img loading=\"lazy\" decoding=\"async\" class=\"wp-image-58996\" src=\"http:\/\/www.editiondaslabor.de\/blog\/wp-content\/uploads\/2019\/10\/Sudanka\u0308fer_Cover-1.jpg\" alt=\"\" width=\"162\" height=\"250\" srcset=\"http:\/\/www.editiondaslabor.de\/blog\/wp-content\/uploads\/2019\/10\/Sudanka\u0308fer_Cover-1.jpg 324w, http:\/\/www.editiondaslabor.de\/blog\/wp-content\/uploads\/2019\/10\/Sudanka\u0308fer_Cover-1-195x300.jpg 195w, http:\/\/www.editiondaslabor.de\/blog\/wp-content\/uploads\/2019\/10\/Sudanka\u0308fer_Cover-1-260x400.jpg 260w, http:\/\/www.editiondaslabor.de\/blog\/wp-content\/uploads\/2019\/10\/Sudanka\u0308fer_Cover-1-160x246.jpg 160w\" sizes=\"auto, (max-width: 162px) 100vw, 162px\" \/><\/figure>\r\n<\/div>\r\n\r\n\r\n\r\n<p style=\"text-align: justify;\">&#8222;Das Deb\u00fct von Julia Kulewatz ist ein literarisches Arrangement, das in 12 Kurzgeschichten und 2 Miniaturen augenzwinkernd allerlei Einf\u00fchlsames, Tragisches, Erotisches, Groteskes, Traumhaftes und surreal Verspieltes bereith\u00e4lt.<br \/>Angesiedelt hinter fremden Zeiten und (un)wirklichen R\u00e4umen, irgendwo zwischen Duna und Wadi, verschmelzen in ihren Texten Sehnsucht, Liebe und Hoffnung, Verlust, Freude und Schmerz, Willk\u00fcr, Wahrheit und poetische Notwendigkeit. Sie erz\u00e4hlen von surrenden Frauenh\u00e4uptern, mit K\u00e4fertieren gef\u00fcllten Badewannen, Spieluhrenpanoramen, stimmlosen T\u00f6nen, ertraglosen Apfelb\u00e4umen im Restsommerhauch, Kellerglaspal\u00e4sten in der Unber\u00fchrbarkeit des Augenblicks und Leuchtk\u00e4fern am Rande der Einbildung. Der Leser schlie\u00dft Bekanntschaft mit koreanischen Wasserm\u00e4dchen, einer Femme fatale, die Aphrodisiaka aus Skarab\u00e4enm\u00e4nnchen herstellt, der Schuhe verkaufenden Magierin Grey, dem von Sturzregen und Kreidestaub eingerahmten M\u00e4dchen am Fenster, mit Aylin, die nahe bei Gott ist, und mit Irene, die zur Wand steht. Schlussendlich vernimmt der Leser, der Spur einer Ameise folgend, mit ein wenig Gl\u00fcck und Neugier einen Laut, den er im Gew\u00fchl des Alltags nur allzu leicht \u00fcberh\u00f6ren kann \u2013 den lustvollen Seufzer des Sudank\u00e4fers.&#8220; (Stephan Herbst)<\/p>\r\n","protected":false},"excerpt":{"rendered":"<p>&nbsp; Risse durchzogen ferne Trockenheit, brachen Erde mit feuchter Erinnerung, schufen Verbindungen, vertieften sich in durstigen Miniaturschluchten und flachen Mulden. Vom Zufall beschlossenes Klaffen erzeugte vereinzelt abgetrennte K\u00f6rperschaften. Ein feines Netz \u00fcberzog die verwundete Landschaft, die sich wie ein einsam&hellip;<\/p>\n<p class=\"more-link-p\"><a class=\"more-link\" href=\"http:\/\/www.editiondaslabor.de\/blog\/2020\/10\/21\/wadi\/\">Read more &rarr;<\/a><\/p>\n","protected":false},"author":190,"featured_media":97901,"comment_status":"closed","ping_status":"closed","sticky":false,"template":"","format":"standard","meta":{"footnotes":""},"categories":[1],"tags":[2399],"class_list":["post-58994","post","type-post","status-publish","format-standard","has-post-thumbnail","hentry","category-literatur","tag-julia-kulewatz"],"_links":{"self":[{"href":"http:\/\/www.editiondaslabor.de\/blog\/wp-json\/wp\/v2\/posts\/58994","targetHints":{"allow":["GET"]}}],"collection":[{"href":"http:\/\/www.editiondaslabor.de\/blog\/wp-json\/wp\/v2\/posts"}],"about":[{"href":"http:\/\/www.editiondaslabor.de\/blog\/wp-json\/wp\/v2\/types\/post"}],"author":[{"embeddable":true,"href":"http:\/\/www.editiondaslabor.de\/blog\/wp-json\/wp\/v2\/users\/190"}],"replies":[{"embeddable":true,"href":"http:\/\/www.editiondaslabor.de\/blog\/wp-json\/wp\/v2\/comments?post=58994"}],"version-history":[{"count":1,"href":"http:\/\/www.editiondaslabor.de\/blog\/wp-json\/wp\/v2\/posts\/58994\/revisions"}],"predecessor-version":[{"id":97905,"href":"http:\/\/www.editiondaslabor.de\/blog\/wp-json\/wp\/v2\/posts\/58994\/revisions\/97905"}],"wp:featuredmedia":[{"embeddable":true,"href":"http:\/\/www.editiondaslabor.de\/blog\/wp-json\/wp\/v2\/media\/97901"}],"wp:attachment":[{"href":"http:\/\/www.editiondaslabor.de\/blog\/wp-json\/wp\/v2\/media?parent=58994"}],"wp:term":[{"taxonomy":"category","embeddable":true,"href":"http:\/\/www.editiondaslabor.de\/blog\/wp-json\/wp\/v2\/categories?post=58994"},{"taxonomy":"post_tag","embeddable":true,"href":"http:\/\/www.editiondaslabor.de\/blog\/wp-json\/wp\/v2\/tags?post=58994"}],"curies":[{"name":"wp","href":"https:\/\/api.w.org\/{rel}","templated":true}]}}