{"id":57494,"date":"2006-09-16T00:01:58","date_gmt":"2006-09-15T22:01:58","guid":{"rendered":"http:\/\/www.editiondaslabor.de\/blog\/?p=57494"},"modified":"2021-10-17T16:21:15","modified_gmt":"2021-10-17T14:21:15","slug":"lapidar-das-elend-dieser-welt","status":"publish","type":"post","link":"http:\/\/www.editiondaslabor.de\/blog\/2006\/09\/16\/lapidar-das-elend-dieser-welt\/","title":{"rendered":"Lapidar (das Elend dieser Welt)"},"content":{"rendered":"\r\n<p>&nbsp;<\/p>\r\n<p style=\"text-align: justify;\">Die r\u00f6mische Lapidarschrift, Capitalis monumentalis, war urspr\u00fcnglich eine in Stein, lat. lapis, gemei\u00dfelte, ausschlie\u00dflich aus Versalien bestehende Serifenschrift, die insbesondere auf Inschriften Anwendung fand, die dem Volk <em>lapidar<\/em> von den glorreichen Taten der Herrschenden k\u00fcnden sollten.<\/p>\r\n<p>&nbsp;<\/p>\r\n<p>&nbsp;<\/p>\r\n\r\n\r\n\r\n<p style=\"text-align: center;\">***<\/p>\r\n\r\n\r\n\r\n<p style=\"text-align: justify;\"><a href=\"http:\/\/www.editiondaslabor.de\/blog\/wp-content\/uploads\/2019\/01\/StefanOehm.jpg\"><img loading=\"lazy\" decoding=\"async\" class=\"alignleft size-full wp-image-53665\" src=\"http:\/\/www.editiondaslabor.de\/blog\/wp-content\/uploads\/2019\/01\/StefanOehm.jpg\" alt=\"\" width=\"200\" height=\"150\" srcset=\"http:\/\/www.editiondaslabor.de\/blog\/wp-content\/uploads\/2019\/01\/StefanOehm.jpg 200w, http:\/\/www.editiondaslabor.de\/blog\/wp-content\/uploads\/2019\/01\/StefanOehm-160x120.jpg 160w\" sizes=\"auto, (max-width: 200px) 100vw, 200px\" \/><\/a>Die konzentrierten Prosast\u00fccke von Stefan Oehm sind fast alle sind hintersinnig und mindestens doppelb\u00f6dig. Einige bringen im Kopf des Lesers eine \u2013 kleinere oder gr\u00f6\u00dfere \u2013 Welt zum Erbl\u00fchen. Oder auch zum Verwelken.<\/p>\r\n<p style=\"text-align: justify;\"><strong>Weiterf\u00fchrend\u00a0\u2192 <\/strong>ein Essay \u00fcber die neue Literaturgattung <a href=\"http:\/\/www.editiondaslabor.de\/blog\/?p=22423\"><em>Twitteratur<\/em><\/a>, sowie ein <a href=\"http:\/\/www.editiondaslabor.de\/blog\/2019\/09\/06\/recap-hungertuchpreis\/\">Recap<\/a> des Hungertuchpreises.<\/p>\r\n","protected":false},"excerpt":{"rendered":"<p>&nbsp; Die r\u00f6mische Lapidarschrift, Capitalis monumentalis, war urspr\u00fcnglich eine in Stein, lat. lapis, gemei\u00dfelte, ausschlie\u00dflich aus Versalien bestehende Serifenschrift, die insbesondere auf Inschriften Anwendung fand, die dem Volk lapidar von den glorreichen Taten der Herrschenden k\u00fcnden sollten. &nbsp; &nbsp; ***&hellip;<\/p>\n<p class=\"more-link-p\"><a class=\"more-link\" href=\"http:\/\/www.editiondaslabor.de\/blog\/2006\/09\/16\/lapidar-das-elend-dieser-welt\/\">Read more &rarr;<\/a><\/p>\n","protected":false},"author":169,"featured_media":53665,"comment_status":"closed","ping_status":"closed","sticky":false,"template":"","format":"standard","meta":{"footnotes":""},"categories":[1],"tags":[2074],"class_list":["post-57494","post","type-post","status-publish","format-standard","has-post-thumbnail","hentry","category-literatur","tag-stefan-oehm"],"_links":{"self":[{"href":"http:\/\/www.editiondaslabor.de\/blog\/wp-json\/wp\/v2\/posts\/57494","targetHints":{"allow":["GET"]}}],"collection":[{"href":"http:\/\/www.editiondaslabor.de\/blog\/wp-json\/wp\/v2\/posts"}],"about":[{"href":"http:\/\/www.editiondaslabor.de\/blog\/wp-json\/wp\/v2\/types\/post"}],"author":[{"embeddable":true,"href":"http:\/\/www.editiondaslabor.de\/blog\/wp-json\/wp\/v2\/users\/169"}],"replies":[{"embeddable":true,"href":"http:\/\/www.editiondaslabor.de\/blog\/wp-json\/wp\/v2\/comments?post=57494"}],"version-history":[{"count":0,"href":"http:\/\/www.editiondaslabor.de\/blog\/wp-json\/wp\/v2\/posts\/57494\/revisions"}],"wp:featuredmedia":[{"embeddable":true,"href":"http:\/\/www.editiondaslabor.de\/blog\/wp-json\/"}],"wp:attachment":[{"href":"http:\/\/www.editiondaslabor.de\/blog\/wp-json\/wp\/v2\/media?parent=57494"}],"wp:term":[{"taxonomy":"category","embeddable":true,"href":"http:\/\/www.editiondaslabor.de\/blog\/wp-json\/wp\/v2\/categories?post=57494"},{"taxonomy":"post_tag","embeddable":true,"href":"http:\/\/www.editiondaslabor.de\/blog\/wp-json\/wp\/v2\/tags?post=57494"}],"curies":[{"name":"wp","href":"https:\/\/api.w.org\/{rel}","templated":true}]}}