{"id":57239,"date":"2007-10-07T00:01:43","date_gmt":"2007-10-06T22:01:43","guid":{"rendered":"http:\/\/www.editiondaslabor.de\/blog\/?p=57239"},"modified":"2021-08-14T09:34:04","modified_gmt":"2021-08-14T07:34:04","slug":"just-a-little-luck","status":"publish","type":"post","link":"http:\/\/www.editiondaslabor.de\/blog\/2007\/10\/07\/just-a-little-luck\/","title":{"rendered":"JUST A LITTLE LUCK"},"content":{"rendered":"\r\n<p>&nbsp;<\/p>\r\n<p>An manchen Tagen ist das Gl\u00fcck von<br \/>vornherein vorhanden<br \/>Es strahlt am Himmel und im<br \/>eigenen Gesicht<br \/>Es quetscht sich wie ein fulminantes<br \/>Kuchenst\u00fcck in die mit Hoffnung<br \/>voll gestopfte Weltvitrine<br \/>Es streckt sich an die Decke<br \/>mit selbstverst\u00e4ndlichem Geschick<\/p>\r\n\r\n\r\n\r\n<p>An solchen Tagen ist das Gl\u00fcck<br \/>im Ablauf unverschiebbar<br \/>Ein beliebter Gast mit Sitzplatzgarantie<br \/>ein kongenialer Partner dem sein<br \/>Einsatz punktgenau gelingt<\/p>\r\n\r\n\r\n\r\n<p>Es sind diese Tage an denen das<br \/>Gl\u00fcck sich unbemerkt einschleicht<br \/>als eleganter Begleiter mit dem selbst<br \/>das Unm\u00f6gliche selbstverst\u00e4ndlich klingt<br \/>Eine Teaml\u00f6sung mit Aussicht auf Erfolg<br \/>mit unbeschr\u00e4nkter Haftung und<br \/>nat\u00fcrlichem Lachen in der Hinterhand<\/p>\r\n\r\n\r\n\r\n<p>Ich nehme diese Tage an denen<br \/>das Leben lebenswert ist<br \/>ich f\u00fcge sie zusammen damit sie<br \/>sich ungez\u00fcgelt vermehren<br \/>frei nach Mendel oder sonstigen<br \/>g\u00f6ttlichen Gesetzen<br \/>und versuche die Essenz aufzusp\u00fcren<br \/>die ihnen Atem einhaucht<br \/>um sie zu reproduzieren<br \/>und sie systematisch in meinen Alltag<br \/>zu integrieren<\/p>\r\n\r\n\r\n\r\n<p>weil ich daran glaube<br \/>dass das t\u00e4gliche kleine Gl\u00fcck<br \/>wiederholbar ist<\/p>\r\n\r\n\r\n\r\n<p class=\"has-large-font-size\">\u00a0<\/p>\r\n<p>&nbsp;<\/p>\r\n\r\n\r\n\r\n<p class=\"has-text-align-center\" style=\"text-align: center;\">***<\/p>\r\n\r\n\r\n\r\n<p style=\"text-align: justify;\"><strong>Der Teufel hat den Blues verkauft<\/strong>, Gedichte von Martin Dragosits, Arovell Verlag, 2007<\/p>\r\n<p style=\"text-align: justify;\"><a href=\"http:\/\/www.editiondaslabor.de\/blog\/wp-content\/uploads\/2007\/10\/DerTeufel_Cover.jpg\"><img loading=\"lazy\" decoding=\"async\" class=\"alignleft wp-image-90604 size-medium\" src=\"http:\/\/www.editiondaslabor.de\/blog\/wp-content\/uploads\/2007\/10\/DerTeufel_Cover-206x300.jpg\" alt=\"\" width=\"206\" height=\"300\" srcset=\"http:\/\/www.editiondaslabor.de\/blog\/wp-content\/uploads\/2007\/10\/DerTeufel_Cover-206x300.jpg 206w, http:\/\/www.editiondaslabor.de\/blog\/wp-content\/uploads\/2007\/10\/DerTeufel_Cover-260x379.jpg 260w, http:\/\/www.editiondaslabor.de\/blog\/wp-content\/uploads\/2007\/10\/DerTeufel_Cover-160x233.jpg 160w, http:\/\/www.editiondaslabor.de\/blog\/wp-content\/uploads\/2007\/10\/DerTeufel_Cover.jpg 342w\" sizes=\"auto, (max-width: 206px) 100vw, 206px\" \/><\/a>Gedichte \u00fcber alles M\u00f6gliche. Die Bandbreite der Texte reicht von Elvis bis Hendrix, Ramses bis Kennedy, dem Papst, Organh\u00e4ndlern und Au\u00dferirdischen, bis zu Texten \u00fcber die heutige Berufswelt oder der Frage, was wir aus unserem Leben machen. <br \/>Auf 170 Seiten erfolgt ein kompakter Streifzug durch die Wirklichkeit. So wie sie ist oder sich m\u00f6glicherweise verh\u00e4lt. Eine subjektive Welt, die vielen nicht ganz unbekannt sein d\u00fcrfte. In einem eigenen beschreibenden Ton, zwischen Ironie und Kritik.<\/p>\r\n<p style=\"text-align: justify;\"><strong>Weiterf\u00fchrend \u2192\u00a0<\/strong> Poesie ist das identit\u00e4tsstiftende Element der Kultur, KUNOs <a href=\"http:\/\/www.editiondaslabor.de\/blog\/?p=25630\">poetologische Positionsbestimmung<\/a>.<\/p>\r\n\r\n\r\n\r\n\r\n","protected":false},"excerpt":{"rendered":"<p>&nbsp; An manchen Tagen ist das Gl\u00fcck vonvornherein vorhandenEs strahlt am Himmel und imeigenen GesichtEs quetscht sich wie ein fulminantesKuchenst\u00fcck in die mit Hoffnungvoll gestopfte WeltvitrineEs streckt sich an die Deckemit selbstverst\u00e4ndlichem Geschick An solchen Tagen ist das Gl\u00fcckim Ablauf&hellip;<\/p>\n<p class=\"more-link-p\"><a class=\"more-link\" href=\"http:\/\/www.editiondaslabor.de\/blog\/2007\/10\/07\/just-a-little-luck\/\">Read more &rarr;<\/a><\/p>\n","protected":false},"author":189,"featured_media":90604,"comment_status":"closed","ping_status":"closed","sticky":false,"template":"","format":"standard","meta":{"footnotes":""},"categories":[1],"tags":[2359],"class_list":["post-57239","post","type-post","status-publish","format-standard","has-post-thumbnail","hentry","category-literatur","tag-martin-dragosits"],"_links":{"self":[{"href":"http:\/\/www.editiondaslabor.de\/blog\/wp-json\/wp\/v2\/posts\/57239","targetHints":{"allow":["GET"]}}],"collection":[{"href":"http:\/\/www.editiondaslabor.de\/blog\/wp-json\/wp\/v2\/posts"}],"about":[{"href":"http:\/\/www.editiondaslabor.de\/blog\/wp-json\/wp\/v2\/types\/post"}],"author":[{"embeddable":true,"href":"http:\/\/www.editiondaslabor.de\/blog\/wp-json\/wp\/v2\/users\/189"}],"replies":[{"embeddable":true,"href":"http:\/\/www.editiondaslabor.de\/blog\/wp-json\/wp\/v2\/comments?post=57239"}],"version-history":[{"count":0,"href":"http:\/\/www.editiondaslabor.de\/blog\/wp-json\/wp\/v2\/posts\/57239\/revisions"}],"wp:featuredmedia":[{"embeddable":true,"href":"http:\/\/www.editiondaslabor.de\/blog\/wp-json\/"}],"wp:attachment":[{"href":"http:\/\/www.editiondaslabor.de\/blog\/wp-json\/wp\/v2\/media?parent=57239"}],"wp:term":[{"taxonomy":"category","embeddable":true,"href":"http:\/\/www.editiondaslabor.de\/blog\/wp-json\/wp\/v2\/categories?post=57239"},{"taxonomy":"post_tag","embeddable":true,"href":"http:\/\/www.editiondaslabor.de\/blog\/wp-json\/wp\/v2\/tags?post=57239"}],"curies":[{"name":"wp","href":"https:\/\/api.w.org\/{rel}","templated":true}]}}