{"id":56923,"date":"1992-08-05T06:30:16","date_gmt":"1992-08-05T04:30:16","guid":{"rendered":"http:\/\/www.editiondaslabor.de\/blog\/?p=56923"},"modified":"2019-08-05T06:37:56","modified_gmt":"2019-08-05T04:37:56","slug":"flanzendoerfer-2","status":"publish","type":"post","link":"http:\/\/www.editiondaslabor.de\/blog\/1992\/08\/05\/flanzendoerfer-2\/","title":{"rendered":"Flanzend\u00f6rfer"},"content":{"rendered":"\n<figure class=\"wp-block-image\"><a href=\"https:\/\/deref-gmx.net\/mail\/client\/VqrRXkXG250\/dereferrer\/?redirectUrl=https%3A%2F%2Fpublic-api.wordpress.com%2Fbar%2F%3Fstat%3Dgroovemails-events%26bin%3Dwpcom_email_click%26redirect_to%3Dhttps%253A%252F%252Flyrikzeitung.files.wordpress.com%252F2019%252F08%252Fscanbot-05.08.2019-04.04.jpg%26sr%3D1%26signature%3D81acb1e82701cc503112289a898cbb05%26user%3D28512685%26_e%3DeyJlcnJvciI6bnVsbCwiYmxvZ19pZCI6OTA0MzQyMiwiYmxvZ19sYW5nIjoiZGUtREUiLCJzaXRlX2lkX2xhYmVsIjoid3Bjb20iLCJlbWFpbF9uYW1lIjoiZW1haWxfc3Vic2NyaXB0aW9uIiwiX3VpIjoyODUxMjY4NSwiZW1haWxfaWQiOiIwZmVkYWJmMGQyMGE5NGYyNGQ1YzFiMDI0YjNiNzQzNyIsImRhdGVfc2VudCI6IjIwMTktMDgtMDUiLCJkb21haW4iOiJseXJpa3plaXR1bmcud29yZHByZXNzLmNvbSIsImZyZXF1ZW5jeSI6IjAiLCJkaWdlc3QiOiIwIiwiaGFzX2h0bWwiOiIxIiwibG9jYWxlIjoiZGUiLCJhbmNob3JfdGV4dCI6IiIsIl9kciI6bnVsbCwiX2RsIjoiXC93cC1jcm9uLnBocD9kb2luZ193cF9jcm9uPTE1NjQ5Nzc2NDAuNTMxMzY4OTcwODcwOTcxNjc5Njg3NSIsIl91dCI6IndwY29tOnVzZXJfaWQiLCJfdWwiOiJtYXR0aGlhc2FnZWRvcm5oIiwiX2VuIjoid3Bjb21fZW1haWxfY2xpY2siLCJfdHMiOjE1NjQ5Nzc2NDkyMzIsImJyb3dzZXJfdHlwZSI6InBocC1hZ2VudCIsIl9hdWEiOiJ3cGNvbS10cmFja3MtY2xpZW50LXYwLjMiLCJibG9nX3R6IjoiMiIsInVzZXJfbGFuZyI6ImRlIn0%26_z%3Dz\" target=\"_blank\" rel=\"noreferrer noopener\"><img decoding=\"async\" src=\"https:\/\/lyrikzeitung.files.wordpress.com\/2019\/08\/scanbot-05.08.2019-04.04.jpg?w=560\" alt=\"\" class=\"wp-image-44318\"\/><\/a><\/figure>\n\n\n\n<p>Quelle: f<strong>lanzend\u00f6rfer: unm\u00f6glich es leben<\/strong>. Berlin: Janus press, 1992, S. 101<\/p>\n\n\n\n<p>Aus der Biografie (Quelle: Frank Lanzend\u00f6rfer, Versensporn 16. Jena 2014):<\/p>\n\n\n\n<p>Im\n Juni 1985 wird flanzend\u00f6rfer von der Staatssicherheit \u201emit der \nZielstellung der Pr\u00fcfung der Voraussetzungen&nbsp;f\u00fcr eine inoffizielle \nZusammenarbeit\u201d kontaktiert; man gelangt zu dem Schluss, \u201edass er nicht \n\u00fcber die notwendigen subjektiven Voraussetzungen\u201c verf\u00fcgt; trotzdem \nweitere permanente \u00dcberwachung und \u201edirekte Bearbeitung\u201c (Bedrohung, \nHaussuchung etc.). Anfang August 1985 Poetenseminar der FDJ in Schwerin,\n das er vorzeitig wieder verl\u00e4sst. Am 10. November 1985 stellt \nflanzend\u00f6rfer einen Ausreiseantrag, der abgelehnt wird. Im Winter \n1985\/86 zun\u00e4chst intensive bildk\u00fcnstlerische Arbeit; ab Februar 1986 \nwieder Hinwendung zur Literatur, zum Teil unter dem Einfluss von Musik \nund Drogen; Beitr\u00e4ge in inoffiziellen Zeitschriften wie u.s.w, schaden, \nBizarre St\u00e4dte oder Text-Grafik-Editionen wie Flugschutt und Die Mappe; \nMalaktionen, Performances, Super-8-Filme. Ab Ende 1987 zieht \nflanzend\u00f6rfer sich immer \u00f6fter aus Berlin und in die totale Isolation \nzur\u00fcck, vernichtet seine Arbeiten. 1988 mehrmaliges langes und radikales\n Fasten bis hin zu Halluzinationen. Am 5. August 1988 steigt er mithilfe\n einer selbstgebauten Konstruktion in einen Feuerwachtturm bei \nMarienwerder ein und springt in den Tod.<\/p>\n\n\n\n<p>&#8222;Und\n nach seinem Tod lief Stasimann &#8218;Gr\u00f6ger&#8216; herum und erkundigte sich, z.B.\n bei Jansen, ob es in der Szene Ger\u00fcchte g\u00e4be, Flanzend\u00f6rfer habe sich \nwegen der Stasi umgebracht.&#8220; (Peter B\u00f6thig in <em>unm\u00f6glich es leben<\/em>, S. 183)<\/p>\n","protected":false},"excerpt":{"rendered":"<p>Quelle: flanzend\u00f6rfer: unm\u00f6glich es leben. Berlin: Janus press, 1992, S. 101 Aus der Biografie (Quelle: Frank Lanzend\u00f6rfer, Versensporn 16. Jena 2014): Im Juni 1985 wird flanzend\u00f6rfer von der Staatssicherheit \u201emit der Zielstellung der Pr\u00fcfung der Voraussetzungen&nbsp;f\u00fcr eine inoffizielle Zusammenarbeit\u201d kontaktiert;&hellip;<\/p>\n<p class=\"more-link-p\"><a class=\"more-link\" href=\"http:\/\/www.editiondaslabor.de\/blog\/1992\/08\/05\/flanzendoerfer-2\/\">Read more &rarr;<\/a><\/p>\n","protected":false},"author":126,"featured_media":0,"comment_status":"closed","ping_status":"closed","sticky":false,"template":"","format":"standard","meta":{"footnotes":""},"categories":[1],"tags":[1468,1467],"class_list":["post-56923","post","type-post","status-publish","format-standard","hentry","category-literatur","tag-frank-lanzendoerfer","tag-martin-holz"],"_links":{"self":[{"href":"http:\/\/www.editiondaslabor.de\/blog\/wp-json\/wp\/v2\/posts\/56923","targetHints":{"allow":["GET"]}}],"collection":[{"href":"http:\/\/www.editiondaslabor.de\/blog\/wp-json\/wp\/v2\/posts"}],"about":[{"href":"http:\/\/www.editiondaslabor.de\/blog\/wp-json\/wp\/v2\/types\/post"}],"author":[{"embeddable":true,"href":"http:\/\/www.editiondaslabor.de\/blog\/wp-json\/wp\/v2\/users\/126"}],"replies":[{"embeddable":true,"href":"http:\/\/www.editiondaslabor.de\/blog\/wp-json\/wp\/v2\/comments?post=56923"}],"version-history":[{"count":0,"href":"http:\/\/www.editiondaslabor.de\/blog\/wp-json\/wp\/v2\/posts\/56923\/revisions"}],"wp:attachment":[{"href":"http:\/\/www.editiondaslabor.de\/blog\/wp-json\/wp\/v2\/media?parent=56923"}],"wp:term":[{"taxonomy":"category","embeddable":true,"href":"http:\/\/www.editiondaslabor.de\/blog\/wp-json\/wp\/v2\/categories?post=56923"},{"taxonomy":"post_tag","embeddable":true,"href":"http:\/\/www.editiondaslabor.de\/blog\/wp-json\/wp\/v2\/tags?post=56923"}],"curies":[{"name":"wp","href":"https:\/\/api.w.org\/{rel}","templated":true}]}}