{"id":56751,"date":"2019-09-02T10:00:25","date_gmt":"2019-09-02T08:00:25","guid":{"rendered":"http:\/\/www.editiondaslabor.de\/blog\/?p=56751"},"modified":"2019-09-02T09:06:22","modified_gmt":"2019-09-02T07:06:22","slug":"eerbos","status":"publish","type":"post","link":"http:\/\/www.editiondaslabor.de\/blog\/2019\/09\/02\/eerbos\/","title":{"rendered":"Eerbos"},"content":{"rendered":"\n<p><\/p>\n\n\n\n<figure class=\"wp-block-image\"><img loading=\"lazy\" decoding=\"async\" width=\"1024\" height=\"682\" src=\"http:\/\/www.editiondaslabor.de\/blog\/wp-content\/uploads\/2019\/07\/Erebos_PiaLund-1024x682.jpg\" alt=\"\" class=\"wp-image-56752\" srcset=\"http:\/\/www.editiondaslabor.de\/blog\/wp-content\/uploads\/2019\/07\/Erebos_PiaLund-1024x682.jpg 1024w, http:\/\/www.editiondaslabor.de\/blog\/wp-content\/uploads\/2019\/07\/Erebos_PiaLund-300x200.jpg 300w, http:\/\/www.editiondaslabor.de\/blog\/wp-content\/uploads\/2019\/07\/Erebos_PiaLund-768x512.jpg 768w, http:\/\/www.editiondaslabor.de\/blog\/wp-content\/uploads\/2019\/07\/Erebos_PiaLund-560x373.jpg 560w, http:\/\/www.editiondaslabor.de\/blog\/wp-content\/uploads\/2019\/07\/Erebos_PiaLund-260x173.jpg 260w, http:\/\/www.editiondaslabor.de\/blog\/wp-content\/uploads\/2019\/07\/Erebos_PiaLund-160x107.jpg 160w, http:\/\/www.editiondaslabor.de\/blog\/wp-content\/uploads\/2019\/07\/Erebos_PiaLund.jpg 1360w\" sizes=\"auto, (max-width: 1024px) 100vw, 1024px\" \/><\/figure>\n\n\n\n<p><\/p>\n\n\n\n<p style=\"text-align:center\">***<\/p>\n\n\n\n<p>Die <a href=\"http:\/\/www.vordenker.de\/hungertuch\/lund2007.htm\">Hungertuchpreistr\u00e4gerin<\/a> Pia Bohr nimmt in ihrer <em>schwarzen Serie<\/em>\n die kubistischen Ideen von Hans Arp und Georges Braque auf, ohne sich \ndabei streng an die Regeln des Kubismus zu halten. Diese Artistin \nschafft eine abstrakte und nicht gegenst\u00e4ndliche Kunst, in ihren neuen \nSkulpturen wirken Landschaften und Figuren abstrakt. Bohr arbeitet als \nMusikerin und Bildhauerin, sie vertritt die \u00dcberzeugung, da\u00df so wie \nKlang und Motiv unzertrennlich sind, genauso Musik und Skulptur <a href=\"http:\/\/www.piacensored.com\/media.html\">zusammengeh\u00f6ren<\/a>.\n F\u00fcr diese Skulpturistin ist die Bildhauerei ein Medium zur Bew\u00e4ltigung \nder Realit\u00e4t, in Gegensatz dazu versucht sie auch das Reale in die Kunst\n zu integrieren. Bewu\u00dft erschafft Bohr neue Kompositionen durch die \nAufl\u00f6sung eines streng geometrischen Aufbaus und l\u00e4\u00dft sich von der \nMaserung des Materials leiten.<\/p>\n\n\n\n<p><strong>Weiterf\u00fchrend \u2192<\/strong><br \/><\/p>\n\n\n\n<p>Lesen Sie auch das KUNO-Portr\u00e4t von Pia Bohr&nbsp;<a href=\"http:\/\/www.editiondaslabor.de\/blog\/?p=11770\">Die Maserung erz\u00e4hlt eine Geschichte<\/a>.<br \/><\/p>\n","protected":false},"excerpt":{"rendered":"<p>*** Die Hungertuchpreistr\u00e4gerin Pia Bohr nimmt in ihrer schwarzen Serie die kubistischen Ideen von Hans Arp und Georges Braque auf, ohne sich dabei streng an die Regeln des Kubismus zu halten. Diese Artistin schafft eine abstrakte und nicht gegenst\u00e4ndliche Kunst,&hellip;<\/p>\n<p class=\"more-link-p\"><a class=\"more-link\" href=\"http:\/\/www.editiondaslabor.de\/blog\/2019\/09\/02\/eerbos\/\">Read more &rarr;<\/a><\/p>\n","protected":false},"author":12,"featured_media":56752,"comment_status":"closed","ping_status":"closed","sticky":false,"template":"","format":"standard","meta":{"footnotes":""},"categories":[1],"tags":[1052],"class_list":["post-56751","post","type-post","status-publish","format-standard","has-post-thumbnail","hentry","category-literatur","tag-pia-bohr"],"_links":{"self":[{"href":"http:\/\/www.editiondaslabor.de\/blog\/wp-json\/wp\/v2\/posts\/56751","targetHints":{"allow":["GET"]}}],"collection":[{"href":"http:\/\/www.editiondaslabor.de\/blog\/wp-json\/wp\/v2\/posts"}],"about":[{"href":"http:\/\/www.editiondaslabor.de\/blog\/wp-json\/wp\/v2\/types\/post"}],"author":[{"embeddable":true,"href":"http:\/\/www.editiondaslabor.de\/blog\/wp-json\/wp\/v2\/users\/12"}],"replies":[{"embeddable":true,"href":"http:\/\/www.editiondaslabor.de\/blog\/wp-json\/wp\/v2\/comments?post=56751"}],"version-history":[{"count":0,"href":"http:\/\/www.editiondaslabor.de\/blog\/wp-json\/wp\/v2\/posts\/56751\/revisions"}],"wp:featuredmedia":[{"embeddable":true,"href":"http:\/\/www.editiondaslabor.de\/blog\/wp-json\/"}],"wp:attachment":[{"href":"http:\/\/www.editiondaslabor.de\/blog\/wp-json\/wp\/v2\/media?parent=56751"}],"wp:term":[{"taxonomy":"category","embeddable":true,"href":"http:\/\/www.editiondaslabor.de\/blog\/wp-json\/wp\/v2\/categories?post=56751"},{"taxonomy":"post_tag","embeddable":true,"href":"http:\/\/www.editiondaslabor.de\/blog\/wp-json\/wp\/v2\/tags?post=56751"}],"curies":[{"name":"wp","href":"https:\/\/api.w.org\/{rel}","templated":true}]}}