{"id":56649,"date":"2012-03-30T00:01:28","date_gmt":"2012-03-29T22:01:28","guid":{"rendered":"http:\/\/www.editiondaslabor.de\/blog\/?p=56649"},"modified":"2022-02-23T09:20:56","modified_gmt":"2022-02-23T08:20:56","slug":"zeitzeichen-100-todestag-von-karl-may","status":"publish","type":"post","link":"http:\/\/www.editiondaslabor.de\/blog\/2012\/03\/30\/zeitzeichen-100-todestag-von-karl-may\/","title":{"rendered":"Zeitzeichen: 100. Todestag von Karl May"},"content":{"rendered":"\r\n<p class=\"has-text-color has-cyan-bluish-gray-color\" style=\"text-align: right;\"><span style=\"color: #999999;\">trost einen Sprung \u00fcber alle Argumentationen weg und riskiere die Form der wuchtigen These -: Richtig, &gt;wirklich&lt; wird sein, da\u00df die &gt;intensive Jugendlekt\u00fcre&lt;, May voran, bei Schmidt ums 12. bis 14. Jahr lag &#8211; und von da noch weit \u00fcbers 20. Jahr hinausreichte. . . Weiter denn -: eine dritte Angabe steht wieder im auch sonst nicht gerade invarianten &gt;Sitara&lt;<\/span><\/p>\r\n<p><span style=\"color: #999999;\">\r\n\r\n<\/span><\/p>\r\n<p class=\"has-text-color has-cyan-bluish-gray-color\" style=\"text-align: right;\"><span style=\"color: #999999;\">Hans Wollschl\u00e4ger<\/span><\/p>\r\n\r\n\r\n\r\n<p style=\"text-align: justify;\">\u00a0<\/p>\r\n\r\n\r\n\r\n<p style=\"text-align: justify;\">Sitara, \u201eDas Land der Sternenblumen\u201c, ist eine immerwiederkehrende Landschaft aus den Romanen von Karl May. Die Sultanin dieses Reiches ist\u00a0Marah Durimeh. Zu Sitara geh\u00f6rt auch das in\u00a0<em>Babel und Bibel<\/em>\u00a0erw\u00e4hnte Gebiet von M\u00e4rdistan, \u201ein dessen Schlucht, wie man sich heimlich erz\u00e4hlt, die Geisterschmiede liegt, in der die Seelen durch Schmerz und Qual zu Stahl und Geist geschmiedet werden\u201c (vgl.\u00a0<em>Ardistan und Dschinnistan, Bd. I<\/em>). Die Stadt Ikbal ist die Residenz von Marah Durimeh, in der sie ein Schloss aus wei\u00dfem Marmor bewohnt.<\/p>\r\n\r\n\r\n\r\n<p class=\"has-text-color has-cyan-bluish-gray-color\" style=\"text-align: right;\"><span style=\"color: #999999;\">Karl May, der letzte Grossmystiker der deutschen Literatur<\/span><\/p>\r\n\r\n\r\n\r\n<p style=\"text-align: justify;\">In der Abhandlung <em>Sitara und der Weg dorthin<\/em>\u00a0(Untertitel:\u00a0<em>Eine Studie \u00fcber Wesen, Werk &amp; Wirkung Karl Mays<\/em>) will Schmidt unbewusste Abbildungen von\u00a0Homosexualit\u00e4t\u00a0in den Reiseerz\u00e4hlungen Mays nachweisen. Schmidt griff diese von dem \u00d6sterreicher\u00a0Paul Elbogen\u00a0formulierte These auf. Schmidt verweist auf die stereotype Waffensymbolik, die Vorliebe f\u00fcr sadistische Szenen, auf die erotisch-liebevolle Darstellung der indianischen Edelmenschen, auf die Darstellungsweise der n\u00e4chtlichen oder gemeinsamen Ritte sowie auf\u00a0Transvestiten-Figuren wie\u00a0<em>Tante Droll<\/em>,\u00a0<em>Hobble Frank<\/em>\u00a0oder\u00a0<em>Langer Davy<\/em>.\u00a0Au\u00dferdem hebt Schmidt die erotischen und latent\u00a0phallischen\u00a0Motive auf den Titelvorlagen\u00a0Sascha Schneiders\u00a0hervor, die umso erstaunlicher sind, als Schneider seinen Freund May niemals \u00fcber seine (Schneiders) homosexuelle Orientierung im Unklaren lie\u00df.\u00a0W\u00e4hrend Schmidts Thesen von der damaligen \u201eb\u00fcrgerlichen\u201c Karl-May-Forschung in den 1960er\/1970er relativiert oder ignoriert wurden, hatte sie gro\u00dfen Einfluss auf die filmischen Interpretationen (Hans-J\u00fcrgen Syberberg,\u00a0Michael Herbig) und auf die Integration der May-Werke in den akademischen Literaturkanon.<\/p>\r\n\r\n\r\n\r\n<p style=\"text-align: justify;\"><em>Sitara und der Weg dorthin<\/em> \u00fcberzeugte in den 1960er\/1970er nicht viele Leser, gilt aber als ein wichtiger Baustein zu Schmidts Theorie der Organ-Abbildung in der Literatur. Nach dieser Theorie findet sich in der Literatur, besonders in der Trivialliteratur, als Subtext, beispielsweise in Landschaftsbeschreibungen, eine Beschreibung von Sexualorganen. Diese Theorie war f\u00fcr Schmidt eine Stufe zu seiner sp\u00e4teren\u00a0Etym-Theorie\u00a0in seinem Werk\u00a0<em>Zettel\u2019s Traum<\/em>.<\/p>\r\n<p>&nbsp;<\/p>\r\n<p>&nbsp;<\/p>\r\n\r\n\r\n\r\n<p style=\"text-align: center;\">***<\/p>\r\n\r\n\r\n\r\n<div class=\"wp-block-image\" style=\"text-align: justify;\">\r\n<figure class=\"alignleft is-resized\"><img loading=\"lazy\" decoding=\"async\" class=\"wp-image-56656\" src=\"http:\/\/www.editiondaslabor.de\/blog\/wp-content\/uploads\/2019\/07\/Cover_May.jpg\" alt=\"\" width=\"206\" height=\"324\" srcset=\"http:\/\/www.editiondaslabor.de\/blog\/wp-content\/uploads\/2019\/07\/Cover_May.jpg 412w, http:\/\/www.editiondaslabor.de\/blog\/wp-content\/uploads\/2019\/07\/Cover_May-191x300.jpg 191w, http:\/\/www.editiondaslabor.de\/blog\/wp-content\/uploads\/2019\/07\/Cover_May-260x409.jpg 260w, http:\/\/www.editiondaslabor.de\/blog\/wp-content\/uploads\/2019\/07\/Cover_May-160x252.jpg 160w\" sizes=\"auto, (max-width: 206px) 100vw, 206px\" \/><\/figure>\r\n<\/div>\r\n\r\n\r\n\r\n<p style=\"text-align: justify;\"><strong>Weiterf\u00fchrend \u2192<\/strong><\/p>\r\n\r\n\r\n\r\n<p style=\"text-align: justify;\">Die Redaktion hat eine Vorliebe f\u00fcr Trash. In der Reihe <em>Gossenhefte<\/em> zeigt sich, was passiert, wenn sich literarischer Bodensatz und die Reflexionsm\u00f6glichkeiten von popul\u00e4rkulturellen Tugenden nahe genug kommen. Der Essay <a href=\"http:\/\/www.editiondaslabor.de\/blog\/?p=35655\"><em>Perlen des Trash<\/em><\/a> stellt diese Reihe ausf\u00fchrlich vor. Au\u00dferdem sei Enno Stahls fulminantes Zeitdokument\u00a0<a href=\"http:\/\/www.editiondaslabor.de\/blog\/?p=26047\">Deutscher Trash<\/a> ebenso endr\u00fccklich empfohlen wie das <a href=\"http:\/\/www.editiondaslabor.de\/blog\/?p=42272\">Vorwort<\/a> zu Trash-Piloten von Heiner Link.<\/p>\r\n","protected":false},"excerpt":{"rendered":"<p>trost einen Sprung \u00fcber alle Argumentationen weg und riskiere die Form der wuchtigen These -: Richtig, &gt;wirklich&lt; wird sein, da\u00df die &gt;intensive Jugendlekt\u00fcre&lt;, May voran, bei Schmidt ums 12. bis 14. Jahr lag &#8211; und von da noch weit \u00fcbers&hellip;<\/p>\n<p class=\"more-link-p\"><a class=\"more-link\" href=\"http:\/\/www.editiondaslabor.de\/blog\/2012\/03\/30\/zeitzeichen-100-todestag-von-karl-may\/\">Read more &rarr;<\/a><\/p>\n","protected":false},"author":257,"featured_media":99749,"comment_status":"closed","ping_status":"closed","sticky":false,"template":"","format":"standard","meta":{"footnotes":""},"categories":[1],"tags":[334,2346,2347],"class_list":["post-56649","post","type-post","status-publish","format-standard","has-post-thumbnail","hentry","category-literatur","tag-arno-schmidt","tag-hans-wollschlaeger","tag-karl-may"],"_links":{"self":[{"href":"http:\/\/www.editiondaslabor.de\/blog\/wp-json\/wp\/v2\/posts\/56649","targetHints":{"allow":["GET"]}}],"collection":[{"href":"http:\/\/www.editiondaslabor.de\/blog\/wp-json\/wp\/v2\/posts"}],"about":[{"href":"http:\/\/www.editiondaslabor.de\/blog\/wp-json\/wp\/v2\/types\/post"}],"author":[{"embeddable":true,"href":"http:\/\/www.editiondaslabor.de\/blog\/wp-json\/wp\/v2\/users\/257"}],"replies":[{"embeddable":true,"href":"http:\/\/www.editiondaslabor.de\/blog\/wp-json\/wp\/v2\/comments?post=56649"}],"version-history":[{"count":1,"href":"http:\/\/www.editiondaslabor.de\/blog\/wp-json\/wp\/v2\/posts\/56649\/revisions"}],"predecessor-version":[{"id":99753,"href":"http:\/\/www.editiondaslabor.de\/blog\/wp-json\/wp\/v2\/posts\/56649\/revisions\/99753"}],"wp:featuredmedia":[{"embeddable":true,"href":"http:\/\/www.editiondaslabor.de\/blog\/wp-json\/wp\/v2\/media\/99749"}],"wp:attachment":[{"href":"http:\/\/www.editiondaslabor.de\/blog\/wp-json\/wp\/v2\/media?parent=56649"}],"wp:term":[{"taxonomy":"category","embeddable":true,"href":"http:\/\/www.editiondaslabor.de\/blog\/wp-json\/wp\/v2\/categories?post=56649"},{"taxonomy":"post_tag","embeddable":true,"href":"http:\/\/www.editiondaslabor.de\/blog\/wp-json\/wp\/v2\/tags?post=56649"}],"curies":[{"name":"wp","href":"https:\/\/api.w.org\/{rel}","templated":true}]}}