{"id":56071,"date":"2011-10-06T09:00:23","date_gmt":"2011-10-06T07:00:23","guid":{"rendered":"http:\/\/www.editiondaslabor.de\/blog\/?p=56071"},"modified":"2022-02-27T10:32:41","modified_gmt":"2022-02-27T09:32:41","slug":"in-den-erpeler-tuermen","status":"publish","type":"post","link":"http:\/\/www.editiondaslabor.de\/blog\/2011\/10\/06\/in-den-erpeler-tuermen\/","title":{"rendered":"In den Erpeler T\u00fcrmen"},"content":{"rendered":"\r\n<p>&nbsp;<\/p>\r\n\r\n\r\n\r\n<figure class=\"wp-block-image\"><img loading=\"lazy\" decoding=\"async\" width=\"800\" height=\"683\" class=\"wp-image-56075\" src=\"http:\/\/www.editiondaslabor.de\/blog\/wp-content\/uploads\/2019\/06\/Hickl.jpg\" alt=\"\" srcset=\"http:\/\/www.editiondaslabor.de\/blog\/wp-content\/uploads\/2019\/06\/Hickl.jpg 800w, http:\/\/www.editiondaslabor.de\/blog\/wp-content\/uploads\/2019\/06\/Hickl-300x256.jpg 300w, http:\/\/www.editiondaslabor.de\/blog\/wp-content\/uploads\/2019\/06\/Hickl-768x656.jpg 768w, http:\/\/www.editiondaslabor.de\/blog\/wp-content\/uploads\/2019\/06\/Hickl-560x478.jpg 560w, http:\/\/www.editiondaslabor.de\/blog\/wp-content\/uploads\/2019\/06\/Hickl-260x222.jpg 260w, http:\/\/www.editiondaslabor.de\/blog\/wp-content\/uploads\/2019\/06\/Hickl-160x137.jpg 160w\" sizes=\"auto, (max-width: 800px) 100vw, 800px\" \/><\/figure>\r\n\r\n\r\n\r\n<p>&nbsp;<\/p>\r\n\r\n\r\n\r\n<p style=\"text-align: center;\">***<\/p>\r\n\r\n\r\n\r\n<p><strong>Weiterf\u00fchrend \u2192<\/strong><\/p>\r\n\r\n\r\n\r\n<p>Ein Portr\u00e4t der Hungertuchpreistr\u00e4gerin Almuth Hickl findet sich <a href=\"http:\/\/www.editiondaslabor.de\/blog\/2005\/04\/10\/das-hungertuch-fuer-almuth-hickl\/\">hier<\/a>.<\/p>\r\n\r\n\r\n\r\n<p>Und au\u00dferdem im KUNO-Archiv, ein Hinweis auf die Ausstellung <a href=\"http:\/\/www.editiondaslabor.de\/blog\/2011\/05\/14\/spielerische-erkundung-des-vorhandenen-materials\/\">Freibank<\/a>. Photos der Reihe im <a href=\"http:\/\/www.editiondaslabor.de\/blog\/?page_id=2119\">Rheintor<\/a> und der <a href=\"http:\/\/www.editiondaslabor.de\/blog\/?page_id=1877\">Veranstaltung<\/a> in Kunstverein Linz. Einen Essay zu den Aktionen im Rheintor finden Sie <a href=\"http:\/\/www.editiondaslabor.de\/blog\/?p=12791\">hier<\/a>.<\/p>\r\n","protected":false},"excerpt":{"rendered":"<p>&nbsp; &nbsp; *** Weiterf\u00fchrend \u2192 Ein Portr\u00e4t der Hungertuchpreistr\u00e4gerin Almuth Hickl findet sich hier. Und au\u00dferdem im KUNO-Archiv, ein Hinweis auf die Ausstellung Freibank. Photos der Reihe im Rheintor und der Veranstaltung in Kunstverein Linz. Einen Essay zu den Aktionen&hellip;<\/p>\n<p class=\"more-link-p\"><a class=\"more-link\" href=\"http:\/\/www.editiondaslabor.de\/blog\/2011\/10\/06\/in-den-erpeler-tuermen\/\">Read more &rarr;<\/a><\/p>\n","protected":false},"author":184,"featured_media":98494,"comment_status":"closed","ping_status":"closed","sticky":false,"template":"","format":"standard","meta":{"footnotes":""},"categories":[1],"tags":[46],"class_list":["post-56071","post","type-post","status-publish","format-standard","has-post-thumbnail","hentry","category-literatur","tag-almuth-hickl"],"_links":{"self":[{"href":"http:\/\/www.editiondaslabor.de\/blog\/wp-json\/wp\/v2\/posts\/56071","targetHints":{"allow":["GET"]}}],"collection":[{"href":"http:\/\/www.editiondaslabor.de\/blog\/wp-json\/wp\/v2\/posts"}],"about":[{"href":"http:\/\/www.editiondaslabor.de\/blog\/wp-json\/wp\/v2\/types\/post"}],"author":[{"embeddable":true,"href":"http:\/\/www.editiondaslabor.de\/blog\/wp-json\/wp\/v2\/users\/184"}],"replies":[{"embeddable":true,"href":"http:\/\/www.editiondaslabor.de\/blog\/wp-json\/wp\/v2\/comments?post=56071"}],"version-history":[{"count":1,"href":"http:\/\/www.editiondaslabor.de\/blog\/wp-json\/wp\/v2\/posts\/56071\/revisions"}],"predecessor-version":[{"id":100941,"href":"http:\/\/www.editiondaslabor.de\/blog\/wp-json\/wp\/v2\/posts\/56071\/revisions\/100941"}],"wp:featuredmedia":[{"embeddable":true,"href":"http:\/\/www.editiondaslabor.de\/blog\/wp-json\/wp\/v2\/media\/98494"}],"wp:attachment":[{"href":"http:\/\/www.editiondaslabor.de\/blog\/wp-json\/wp\/v2\/media?parent=56071"}],"wp:term":[{"taxonomy":"category","embeddable":true,"href":"http:\/\/www.editiondaslabor.de\/blog\/wp-json\/wp\/v2\/categories?post=56071"},{"taxonomy":"post_tag","embeddable":true,"href":"http:\/\/www.editiondaslabor.de\/blog\/wp-json\/wp\/v2\/tags?post=56071"}],"curies":[{"name":"wp","href":"https:\/\/api.w.org\/{rel}","templated":true}]}}