{"id":55969,"date":"2011-09-11T00:01:09","date_gmt":"2011-09-10T22:01:09","guid":{"rendered":"http:\/\/www.editiondaslabor.de\/blog\/?p=55969"},"modified":"2022-02-25T19:38:24","modified_gmt":"2022-02-25T18:38:24","slug":"zeitzeichen-5","status":"publish","type":"post","link":"http:\/\/www.editiondaslabor.de\/blog\/2011\/09\/11\/zeitzeichen-5\/","title":{"rendered":"Zeitzeichen"},"content":{"rendered":"\r\n<p class=\"has-text-color has-cyan-bluish-gray-color\" style=\"text-align: right;\">Vorbemerkung der Redaktion:<\/p>\r\n\r\n\r\n\r\n<p style=\"text-align: right;\">Wer an nine\/eleven denkt, dem kommen die Bilder des penetrierten Pentagons oder der brennenden T\u00fcrme an der Wallstreet in den Sinn. Die K\u00fcnstlerin Almuth Hickl erinnert an den 11. September 1973.<\/p>\r\n\r\n\r\n\r\n<div class=\"wp-block-image\">\r\n<figure class=\"aligncenter\">\r\n<div id=\"attachment_55970\" style=\"width: 578px\" class=\"wp-caption aligncenter\"><img loading=\"lazy\" decoding=\"async\" aria-describedby=\"caption-attachment-55970\" class=\"wp-image-55970\" src=\"http:\/\/www.editiondaslabor.de\/blog\/wp-content\/uploads\/2019\/06\/P1110007.jpeg\" alt=\"\" width=\"568\" height=\"396\" srcset=\"http:\/\/www.editiondaslabor.de\/blog\/wp-content\/uploads\/2019\/06\/P1110007.jpeg 568w, http:\/\/www.editiondaslabor.de\/blog\/wp-content\/uploads\/2019\/06\/P1110007-300x209.jpeg 300w, http:\/\/www.editiondaslabor.de\/blog\/wp-content\/uploads\/2019\/06\/P1110007-560x390.jpeg 560w, http:\/\/www.editiondaslabor.de\/blog\/wp-content\/uploads\/2019\/06\/P1110007-260x181.jpeg 260w, http:\/\/www.editiondaslabor.de\/blog\/wp-content\/uploads\/2019\/06\/P1110007-160x112.jpeg 160w\" sizes=\"auto, (max-width: 568px) 100vw, 568px\" \/><p id=\"caption-attachment-55970\" class=\"wp-caption-text\">Collage von Almuth Hickl<\/p><\/div>\r\n<\/figure>\r\n<\/div>\r\n\r\n\r\n\r\n<p style=\"text-align: justify;\">Am 11. September 1973 putschte das Milit\u00e4r in Chile. Der drei Jahre zuvor demokratisch gew\u00e4hlte sozialistische Pr\u00e4sident Salvador Allende nahm sich das Leben, nachdem die Luftwaffe begonnen hatte, den Pr\u00e4sidentenpalast La Moneda zu bombardieren, und Putsch-Milit\u00e4r in den Palast eingedrungen war. Eine Junta unter der F\u00fchrung von Augusto Pinochet regierte Chile daraufhin bis zum 11. M\u00e4rz 1990 als Milit\u00e4rdiktatur. Der Putsch wurde von den USA politisch und finanziell unterst\u00fctzt, vor allem durch verdeckte Operationen der CIA. Er war ein zentrales Ereignis im Kalten Krieg mit \u00e4hnlich symbolhafter Bedeutung wie die Revolution in Kuba.<\/p>\r\n\r\n\r\n\r\n<p style=\"text-align: justify;\">Der faschistische Milit\u00e4rputsch in Chile gegen den sozialistischen Pr\u00e4sidenten Allende im Jahre 1973 war der Anfang einer \u201eGegenrevolution\u201c, die erst ab Ende der 1970er-Jahre \u2013 mit der Wahl von Margaret Thatcher in GB und von Ronald Reagan in den USA \u2013 sich voll entfaltete. \u201eThe first experiment with neoliberal state formation [\u2026] occurred in Chile after Pinochet\u2019s coup on the ,little September 11th\u2018 of 1973 [\u2026], promoted by domestic business elites [\u2026] (and) backed by US corporations, the CIA, and US Secretary of State Henry Kissinger\u201d. (David Harvey, A Brief History of Neoliberalism, Oxford 2005, p.7).<\/p>\r\n<p>&nbsp;<\/p>\r\n\r\n\r\n\r\n<p style=\"text-align: center;\">***<\/p>\r\n\r\n\r\n\r\n<p style=\"text-align: justify;\"><strong>Weiterf\u00fchrend \u2192<\/strong><\/p>\r\n\r\n\r\n\r\n<p style=\"text-align: justify;\">Ein Portr\u00e4t der Hungertuchpreistr\u00e4gerin Almuth Hickl findet sich <a href=\"http:\/\/www.editiondaslabor.de\/blog\/2005\/04\/10\/das-hungertuch-fuer-almuth-hickl\/\">hier<\/a>.<\/p>\r\n\r\n\r\n\r\n<p style=\"text-align: justify;\">Und au\u00dferdem im KUNO-Archiv, ein Hinweis auf die Ausstellung <a href=\"http:\/\/www.editiondaslabor.de\/blog\/2011\/05\/14\/spielerische-erkundung-des-vorhandenen-materials\/\">Freibank<\/a>. Photos der Reihe im <a href=\"http:\/\/www.editiondaslabor.de\/blog\/?page_id=2119\">Rheintor<\/a> und der <a href=\"http:\/\/www.editiondaslabor.de\/blog\/?page_id=1877\">Veranstaltung<\/a> in Kunstverein Linz. Einen Essay zu den Aktionen im Rheintor finden Sie <a href=\"http:\/\/www.editiondaslabor.de\/blog\/?p=12791\">hier<\/a>.<\/p>\r\n","protected":false},"excerpt":{"rendered":"<p>Vorbemerkung der Redaktion: Wer an nine\/eleven denkt, dem kommen die Bilder des penetrierten Pentagons oder der brennenden T\u00fcrme an der Wallstreet in den Sinn. Die K\u00fcnstlerin Almuth Hickl erinnert an den 11. September 1973. Am 11. September 1973 putschte das&hellip;<\/p>\n<p class=\"more-link-p\"><a class=\"more-link\" href=\"http:\/\/www.editiondaslabor.de\/blog\/2011\/09\/11\/zeitzeichen-5\/\">Read more &rarr;<\/a><\/p>\n","protected":false},"author":184,"featured_media":100716,"comment_status":"closed","ping_status":"closed","sticky":false,"template":"","format":"standard","meta":{"footnotes":""},"categories":[1],"tags":[46],"class_list":["post-55969","post","type-post","status-publish","format-standard","has-post-thumbnail","hentry","category-literatur","tag-almuth-hickl"],"_links":{"self":[{"href":"http:\/\/www.editiondaslabor.de\/blog\/wp-json\/wp\/v2\/posts\/55969","targetHints":{"allow":["GET"]}}],"collection":[{"href":"http:\/\/www.editiondaslabor.de\/blog\/wp-json\/wp\/v2\/posts"}],"about":[{"href":"http:\/\/www.editiondaslabor.de\/blog\/wp-json\/wp\/v2\/types\/post"}],"author":[{"embeddable":true,"href":"http:\/\/www.editiondaslabor.de\/blog\/wp-json\/wp\/v2\/users\/184"}],"replies":[{"embeddable":true,"href":"http:\/\/www.editiondaslabor.de\/blog\/wp-json\/wp\/v2\/comments?post=55969"}],"version-history":[{"count":2,"href":"http:\/\/www.editiondaslabor.de\/blog\/wp-json\/wp\/v2\/posts\/55969\/revisions"}],"predecessor-version":[{"id":100717,"href":"http:\/\/www.editiondaslabor.de\/blog\/wp-json\/wp\/v2\/posts\/55969\/revisions\/100717"}],"wp:featuredmedia":[{"embeddable":true,"href":"http:\/\/www.editiondaslabor.de\/blog\/wp-json\/wp\/v2\/media\/100716"}],"wp:attachment":[{"href":"http:\/\/www.editiondaslabor.de\/blog\/wp-json\/wp\/v2\/media?parent=55969"}],"wp:term":[{"taxonomy":"category","embeddable":true,"href":"http:\/\/www.editiondaslabor.de\/blog\/wp-json\/wp\/v2\/categories?post=55969"},{"taxonomy":"post_tag","embeddable":true,"href":"http:\/\/www.editiondaslabor.de\/blog\/wp-json\/wp\/v2\/tags?post=55969"}],"curies":[{"name":"wp","href":"https:\/\/api.w.org\/{rel}","templated":true}]}}