{"id":55950,"date":"2015-08-01T00:01:59","date_gmt":"2015-07-31T22:01:59","guid":{"rendered":"http:\/\/www.editiondaslabor.de\/blog\/?p=55950"},"modified":"2019-06-24T09:14:23","modified_gmt":"2019-06-24T07:14:23","slug":"flin","status":"publish","type":"post","link":"http:\/\/www.editiondaslabor.de\/blog\/2015\/08\/01\/flin\/","title":{"rendered":"Flin"},"content":{"rendered":"\n<div class=\"wp-block-image\"><figure class=\"aligncenter\"><img loading=\"lazy\" decoding=\"async\" width=\"460\" height=\"1024\" src=\"http:\/\/www.editiondaslabor.de\/blog\/wp-content\/uploads\/2019\/06\/Hickl-AlmuthFLIN-gesamt._-460x1024.jpg\" alt=\"\" class=\"wp-image-55951\" srcset=\"http:\/\/www.editiondaslabor.de\/blog\/wp-content\/uploads\/2019\/06\/Hickl-AlmuthFLIN-gesamt._-460x1024.jpg 460w, http:\/\/www.editiondaslabor.de\/blog\/wp-content\/uploads\/2019\/06\/Hickl-AlmuthFLIN-gesamt._-135x300.jpg 135w, http:\/\/www.editiondaslabor.de\/blog\/wp-content\/uploads\/2019\/06\/Hickl-AlmuthFLIN-gesamt._-768x1708.jpg 768w, http:\/\/www.editiondaslabor.de\/blog\/wp-content\/uploads\/2019\/06\/Hickl-AlmuthFLIN-gesamt._-449x999.jpg 449w, http:\/\/www.editiondaslabor.de\/blog\/wp-content\/uploads\/2019\/06\/Hickl-AlmuthFLIN-gesamt._-260x578.jpg 260w, http:\/\/www.editiondaslabor.de\/blog\/wp-content\/uploads\/2019\/06\/Hickl-AlmuthFLIN-gesamt._-160x356.jpg 160w, http:\/\/www.editiondaslabor.de\/blog\/wp-content\/uploads\/2019\/06\/Hickl-AlmuthFLIN-gesamt._.jpg 886w\" sizes=\"auto, (max-width: 460px) 100vw, 460px\" \/><figcaption> <br> Flin, Almuth Hickl <\/figcaption><\/figure><\/div>\n\n\n\n<p style=\"text-align:center\">***<\/p>\n\n\n\n<p>Die\ngrosse Kunstausstellung NRW 2015. Veranstalter der &#8222;Gro\u00dfen Kunstausstellung NRW D\u00fcsseldorf&#8220; ist der\n1898 in D\u00fcsseldorf gegr\u00fcndete Verein zur Veranstaltung von Kunstausstellungen.\nSeit 1906 findet &#8222;Die Gro\u00dfe&#8220; regelm\u00e4\u00dfig im Kunstpalast statt.<\/p>\n","protected":false},"excerpt":{"rendered":"<p>*** Die grosse Kunstausstellung NRW 2015. Veranstalter der &#8222;Gro\u00dfen Kunstausstellung NRW D\u00fcsseldorf&#8220; ist der 1898 in D\u00fcsseldorf gegr\u00fcndete Verein zur Veranstaltung von Kunstausstellungen. Seit 1906 findet &#8222;Die Gro\u00dfe&#8220; regelm\u00e4\u00dfig im Kunstpalast statt.<\/p>\n<p class=\"more-link-p\"><a class=\"more-link\" href=\"http:\/\/www.editiondaslabor.de\/blog\/2015\/08\/01\/flin\/\">Read more &rarr;<\/a><\/p>\n","protected":false},"author":184,"featured_media":55951,"comment_status":"closed","ping_status":"closed","sticky":false,"template":"","format":"standard","meta":{"footnotes":""},"categories":[1],"tags":[46],"class_list":["post-55950","post","type-post","status-publish","format-standard","has-post-thumbnail","hentry","category-literatur","tag-almuth-hickl"],"_links":{"self":[{"href":"http:\/\/www.editiondaslabor.de\/blog\/wp-json\/wp\/v2\/posts\/55950","targetHints":{"allow":["GET"]}}],"collection":[{"href":"http:\/\/www.editiondaslabor.de\/blog\/wp-json\/wp\/v2\/posts"}],"about":[{"href":"http:\/\/www.editiondaslabor.de\/blog\/wp-json\/wp\/v2\/types\/post"}],"author":[{"embeddable":true,"href":"http:\/\/www.editiondaslabor.de\/blog\/wp-json\/wp\/v2\/users\/184"}],"replies":[{"embeddable":true,"href":"http:\/\/www.editiondaslabor.de\/blog\/wp-json\/wp\/v2\/comments?post=55950"}],"version-history":[{"count":0,"href":"http:\/\/www.editiondaslabor.de\/blog\/wp-json\/wp\/v2\/posts\/55950\/revisions"}],"wp:featuredmedia":[{"embeddable":true,"href":"http:\/\/www.editiondaslabor.de\/blog\/wp-json\/"}],"wp:attachment":[{"href":"http:\/\/www.editiondaslabor.de\/blog\/wp-json\/wp\/v2\/media?parent=55950"}],"wp:term":[{"taxonomy":"category","embeddable":true,"href":"http:\/\/www.editiondaslabor.de\/blog\/wp-json\/wp\/v2\/categories?post=55950"},{"taxonomy":"post_tag","embeddable":true,"href":"http:\/\/www.editiondaslabor.de\/blog\/wp-json\/wp\/v2\/tags?post=55950"}],"curies":[{"name":"wp","href":"https:\/\/api.w.org\/{rel}","templated":true}]}}