{"id":55461,"date":"2019-04-28T00:01:02","date_gmt":"2019-04-27T22:01:02","guid":{"rendered":"http:\/\/www.editiondaslabor.de\/blog\/?p=55461"},"modified":"2020-07-06T19:14:05","modified_gmt":"2020-07-06T17:14:05","slug":"alien-attack","status":"publish","type":"post","link":"http:\/\/www.editiondaslabor.de\/blog\/2019\/04\/28\/alien-attack\/","title":{"rendered":"Alien Attack"},"content":{"rendered":"\n<p><strong>1. Szene<\/strong><\/p>\n\n\n\n<p><strong>Moderatorin <\/strong><em>nimmt\neinen Schluck aus einem Wasserglas, dann<\/em><strong>: <\/strong>Herzlich\nWillkommen auf der siebenten Welle. Wie sie h\u00f6ren ist hier schon einiges am\n\u00dcberlaufen, so zum Beispiel unser Enthusiasmus f\u00fcr die neue Oscar-\nPreisverleihung. Die Sternchen sind vom Himmel gefallen und nun kann man sie\nlife oder auch im Fernsehen sowie via Internet bei der \u00dcbernahme ihrer Preise\nbeobachten. Wird Halle Barry wieder einen weiten Ausschnitt tragen? Sind\nAngelina Jolies Lippen schmollend und voll wie eh? Wer kann Brad Pitts\nSchneckenchecker- Blick widerstehen? Who doesn\u00b4t want to marry Johnny Depp? Sie\nsehen, nein, Verzeihung, sie h\u00f6ren, die Begeisterung schwappt \u00fcber mich. Es- <\/p>\n\n\n\n<p><em>Raschelger\u00e4usche, die die\nRegisseurin durch reiben an ihrem Pullover erzeugt. Ein Sirren. <\/em><strong><\/strong><\/p>\n\n\n\n<p>O. <\/p>\n\n\n\n<p>Offenbar.<\/p>\n\n\n\n<p>Haha.<\/p>\n\n\n\n<p>Also offenbar, meine Damen\nund Herren, sind es nicht nur die Radiowellen, die Zuschlagen.<\/p>\n\n\n\n<p>Ah.<\/p>\n\n\n\n<p>Hm.<\/p>\n\n\n\n<p>Ja, also sie verzeihen doch\ndiese platte Metapher. <\/p>\n\n\n\n<p>Nein. <\/p>\n\n\n\n<p>Aber hier lief eben eine\nNachricht ein. Moment:<\/p>\n\n\n\n<p>Rom &#8211; Tausende Fl\u00fcchtlinge sind innerhalb von nur 48 Stunden von\nder italienischen Marine und von Handelsschiffen im Mittelmeer an Bord genommen\nworden. Italiens Innenminister Angelino Alfano gab die Zahl der Migranten, die\naus den teils seeunt\u00fcchtigen Booten gerettet worden sind, am Mittwoch in Rom\nmit 40000 an.<\/p>\n\n\n\n<p>Auf einem der Boote, die in Afrika in See stachen, soll nach\nseinen Angaben mindestens ein Migrant tot aufgefunden worden sein. &#8222;Die\nAnkunft von Booten rei\u00dft nicht ab, und der Notstand wird immer gr\u00f6\u00dfer&#8220;,\nsagte der Minister.<\/p>\n\n\n\n<p>Zwei Handelsschiffe waren am Mittwochvormittag noch dabei, allein\naus zwei Booten insgesamt mehr als 650 Menschen aufzunehmen. Italiens Marine\nberichtete von weiteren Rettungsaktionen in der vergangenen Nacht. Der Geheimdienst\nwarnte schon vor Wochen.<a href=\"#_ftn1\">[1]<\/a> <\/p>\n\n\n\n<p>O.<\/p>\n\n\n\n<p>Also. <\/p>\n\n\n\n<p>Au. <\/p>\n\n\n\n<p>Ich f\u00fchle so etwas wie Emotion.<\/p>\n\n\n\n<p>Empathie, wissen sie! <\/p>\n\n\n\n<p>Ehrlich! <\/p>\n\n\n\n<p>Das bringt das Fass zum\n\u00dcberlaufen!<\/p>\n\n\n\n<p>Au! <\/p>\n\n\n\n<p>Ein Fl\u00fcchtlingsboot in\nSeenot. <\/p>\n\n\n\n<p>Tausende Afrikanische\nMenschen, die auf eine bessere Zukunft hoffen.<\/p>\n\n\n\n<p>Offenbar.<\/p>\n\n\n\n<p>O.<\/p>\n\n\n\n<p>Ja.<\/p>\n\n\n\n<p>Was soll ich sagen: die Not\nscheint gro\u00df zu sein.<\/p>\n\n\n\n<p>Nein, ich will nat\u00fcrlich\nkeine Panik herauf beschw\u00f6ren.<\/p>\n\n\n\n<p>Ich habe das Gef\u00fchl, dass\nich in Moment jedoch eher ausrinne als \u00fcbersch\u00e4ume. <\/p>\n\n\n\n<p>Wasser ist ganz sch\u00f6n\ngef\u00e4hrlich.<\/p>\n\n\n\n<p>Nicht.<\/p>\n\n\n\n<p>Haha.<\/p>\n\n\n\n<p>Aber jetzt zum Wetter.<\/p>\n\n\n\n<p>Also.<\/p>\n\n\n\n<p>Morgen Regen.<\/p>\n\n\n\n<p>Oje.<\/p>\n\n\n\n<p>Regen. <\/p>\n\n\n\n<p>Wasser.<\/p>\n\n\n\n<p>Sintflut.<\/p>\n\n\n\n<p><em>Die Regisseurin nimmt\nWasserger\u00e4usche auf, live. Sie spielt dabei mit dem Glas, aus dem die\nModeratorin trinkt. <\/em><\/p>\n\n\n\n<p>Ertrinken.<\/p>\n\n\n\n<p>Das ist ein Ger\u00e4usch, stell\nich mir so vor. <\/p>\n\n\n\n<p>Eine Art Rauschen, das einem\ndurch die Nase schie\u00dft.<\/p>\n\n\n\n<p>An den Ohren t\u00f6nt.<\/p>\n\n\n\n<p>Ich werde mit Wasser\nangef\u00fcllt.<\/p>\n\n\n\n<p>Oben und unten.<\/p>\n\n\n\n<p>Werde prall wie ein\nLuftballon.<\/p>\n\n\n\n<p>Gleich platze ich.<\/p>\n\n\n\n<p>Ich falle. <\/p>\n\n\n\n<p>Oder steige ich.<\/p>\n\n\n\n<p>Die Richtungen, die\nVerh\u00e4ltnisse heben sich auf. <\/p>\n\n\n\n<p>Ich m\u00f6chte in die H\u00f6he. <\/p>\n\n\n\n<p>Nein, aufh\u00f6ren zu k\u00e4mpfen. <\/p>\n\n\n\n<p>Wird doch alles noch\nSchlimmer, wenn man gar nicht wei\u00df, ob man die Richtung kennt.<\/p>\n\n\n\n<p>Wo oben ist und wo unten. <\/p>\n\n\n\n<p><strong>Politiker 1 <\/strong><em>Ton\n1, offiziell:<\/em>Meine Herren.<\/p>\n\n\n\n<p>Also Angesichts der Lage.<\/p>\n\n\n\n<p>W\u00fcrde ich vorschlagen:\nAbwarten.<\/p>\n\n\n\n<p><strong>Politiker 2 <\/strong><em>Ton\n1, offiziell<\/em><strong>: <\/strong>Durchaus, Herr Kollege. <\/p>\n\n\n\n<p><strong>Moderatorin: <\/strong>Einstweilen also ein paar Fakten zur Lage, meine Damen und Herren. Weil ja Zahlen und Daten helfen sollen, nicht? Auch gegen Wahnsinn und Wasser, hab ich mir zumindest sagen lassen. Also: Berlin &#8211; In Italien explodieren die Fl\u00fcchtlingszahlen: Nach Angaben des Fl\u00fcchtlingshilfswerk der Vereinten Nationen sind seit Jahresbeginn etwa 18.000 Bootsfl\u00fcchtlinge dort angekommen. Das wird nicht ohne Folgen f\u00fcr andere europ\u00e4ische L\u00e4nder bleiben. Deutschland rechnet damit, dass die Zahl der Asylbewerber weiterwachsen wird. Bereits im vergangenen Jahr hatten hierzulande so viele Menschen Asyl gesucht wie seit 15 Jahren nicht mehr. Halten sie sich fest! Ist das nicht irre? Und nun zum Wetter.<a href=\"#_ftn2\">[2]<\/a> <\/p>\n\n\n\n<p class=\"has-text-align-center\">***<\/p>\n\n\n\n<p>Leseprobe aus dem Band <strong>Heldenreise<\/strong>, Podium, Wien 2019<br \/><\/p>\n\n\n\n<figure class=\"wp-block-image\"><img loading=\"lazy\" decoding=\"async\" width=\"1024\" height=\"663\" src=\"http:\/\/www.editiondaslabor.de\/blog\/wp-content\/uploads\/2019\/04\/Helden_cover-1024x663.jpg\" alt=\"\" class=\"wp-image-55492\"\/><\/figure>\n\n\n\n<hr class=\"wp-block-separator\"\/>\n\n\n\n<p><a href=\"#_ftnref1\">[1]<\/a>&nbsp;&nbsp; Vgl.: http:\/\/www.spiegel.de\/politik\/ausland\/italien-marine-greift-40000-fluechtlinge-im-mittelmeer-auf-a-963383.html<\/p>\n\n\n\n<p><a href=\"#_ftnref2\">[2]<\/a>&nbsp;&nbsp; Vgl.: http:\/\/www.spiegel.de\/politik\/deutschland\/fluechtlinge-in-italien-deutschland-rechnet-mit-mehr-asylbewerbern-a-964160.html<\/p>\n\n\n\n<p><strong>Weiterf\u00fchrend&nbsp;<\/strong><strong>\u2192&nbsp;<\/strong><\/p>\n\n\n\n<p>Ein Portr\u00e4t von Sophie Reyer findet sich&nbsp;<a href=\"http:\/\/www.editiondaslabor.de\/blog\/?p=18115\">hier<\/a>. In ihrem preisgekr\u00f6nten Essay&nbsp;<a href=\"http:\/\/www.editiondaslabor.de\/blog\/?p=17985\"><em>Referenzuniversum<\/em><\/a>&nbsp;geht sie der Frage nach, wie das Schreiben durch das schreibende Analysieren gebrochen wird. Vertiefend zur Lekt\u00fcre empfohlen, das Kollegengespr\u00e4ch&nbsp;<a href=\"http:\/\/www.editiondaslabor.de\/blog\/?p=19055\">:2= Verweisungszeichen zur Twitteratur<\/a>&nbsp;von Sophie Reyer und A.J. Weigoni zum Projekt&nbsp;<em>Wortspielhalle<\/em>. H\u00f6ren kann man einen Auszug aus der&nbsp;<em>Wortspielhalle<\/em>in der Reihe&nbsp;<a href=\"http:\/\/vordenker.de\/weigoni\/wortspielhalle.htm\">MetaPhon<\/a>.<\/p>\n","protected":false},"excerpt":{"rendered":"<p>1. Szene Moderatorin nimmt einen Schluck aus einem Wasserglas, dann: Herzlich Willkommen auf der siebenten Welle. Wie sie h\u00f6ren ist hier schon einiges am \u00dcberlaufen, so zum Beispiel unser Enthusiasmus f\u00fcr die neue Oscar- Preisverleihung. Die Sternchen sind vom Himmel&hellip;<\/p>\n<p class=\"more-link-p\"><a class=\"more-link\" href=\"http:\/\/www.editiondaslabor.de\/blog\/2019\/04\/28\/alien-attack\/\">Read more &rarr;<\/a><\/p>\n","protected":false},"author":100,"featured_media":18239,"comment_status":"closed","ping_status":"closed","sticky":false,"template":"","format":"standard","meta":{"footnotes":""},"categories":[1],"tags":[394],"class_list":["post-55461","post","type-post","status-publish","format-standard","has-post-thumbnail","hentry","category-literatur","tag-sophie-reyer"],"_links":{"self":[{"href":"http:\/\/www.editiondaslabor.de\/blog\/wp-json\/wp\/v2\/posts\/55461","targetHints":{"allow":["GET"]}}],"collection":[{"href":"http:\/\/www.editiondaslabor.de\/blog\/wp-json\/wp\/v2\/posts"}],"about":[{"href":"http:\/\/www.editiondaslabor.de\/blog\/wp-json\/wp\/v2\/types\/post"}],"author":[{"embeddable":true,"href":"http:\/\/www.editiondaslabor.de\/blog\/wp-json\/wp\/v2\/users\/100"}],"replies":[{"embeddable":true,"href":"http:\/\/www.editiondaslabor.de\/blog\/wp-json\/wp\/v2\/comments?post=55461"}],"version-history":[{"count":0,"href":"http:\/\/www.editiondaslabor.de\/blog\/wp-json\/wp\/v2\/posts\/55461\/revisions"}],"wp:featuredmedia":[{"embeddable":true,"href":"http:\/\/www.editiondaslabor.de\/blog\/wp-json\/"}],"wp:attachment":[{"href":"http:\/\/www.editiondaslabor.de\/blog\/wp-json\/wp\/v2\/media?parent=55461"}],"wp:term":[{"taxonomy":"category","embeddable":true,"href":"http:\/\/www.editiondaslabor.de\/blog\/wp-json\/wp\/v2\/categories?post=55461"},{"taxonomy":"post_tag","embeddable":true,"href":"http:\/\/www.editiondaslabor.de\/blog\/wp-json\/wp\/v2\/tags?post=55461"}],"curies":[{"name":"wp","href":"https:\/\/api.w.org\/{rel}","templated":true}]}}