{"id":55402,"date":"2021-10-26T00:01:47","date_gmt":"2021-10-25T22:01:47","guid":{"rendered":"http:\/\/www.editiondaslabor.de\/blog\/?p=55402"},"modified":"2021-10-26T04:49:33","modified_gmt":"2021-10-26T02:49:33","slug":"eine-postkarte-diesmal-aus-leipzig","status":"publish","type":"post","link":"http:\/\/www.editiondaslabor.de\/blog\/2021\/10\/26\/eine-postkarte-diesmal-aus-leipzig\/","title":{"rendered":"Eine Postkarte, diesmal aus Leipzig"},"content":{"rendered":"\r\n<p style=\"text-align: justify;\">\u00a0<\/p>\r\n<p class=\"has-text-align-right\" style=\"text-align: right;\">Den 26. Oktober<\/p>\r\n\r\n\r\n\r\n<p style=\"text-align: justify;\">Dear Peter,<\/p>\r\n\r\n\r\n\r\n<p style=\"text-align: justify;\">Richard, mit dem ich soeben im Caf\u00e9 Central eine Limonade trank, l\u00e4sst Sie herzlich gr\u00fc\u00dfen! \u201eSagen Sie Sir Peter, er soll sich nicht zu sehr mit Bach herumqu\u00e4len. Die Inventionen, so h\u00fcbsch ihre Ideen auch sein m\u00f6gen \u2013 sie sind nur Finger\u00fcbungen zuletzt.\u201c \u2013 \u201eIch glaube, er sucht eine Leitmotivik f\u00fcr sein Leben\u201c, erwiderte ich. \u2013 \u201eSignore Rico, die suchen wir alle, nur leider ist das Leben keine Oper.\u201c \u2013 \u201eAber vielleicht so etwas wie ein Ring &#8230;?\u201c \u2013 \u201eWissen Sie, wenn man in der G\u00f6tterd\u00e4mmerung angekommen ist, werden alle Motive \u00fcberfl\u00fcssig.\u201c \u2013 \u201eGut, Maestro, ich werde es ihm sagen.\u201c<\/p>\r\n<p style=\"text-align: justify;\">\u00a0<\/p>\r\n<p>&nbsp;<\/p>\r\n\r\n\r\n\r\n<p class=\"has-text-align-center\" style=\"text-align: center;\">***<\/p>\r\n\r\n\r\n\r\n<p style=\"text-align: justify;\"><strong>Kleine Gipfeltreffen, <\/strong>von Ulrich Bergmann. KUNO 2021<\/p>\r\n\r\n\r\n\r\n<figure class=\"wp-block-image is-resized\" style=\"text-align: justify;\"><img loading=\"lazy\" decoding=\"async\" class=\"wp-image-55418 size-full alignleft\" src=\"http:\/\/www.editiondaslabor.de\/blog\/wp-content\/uploads\/2019\/04\/Leibzsch.jpg\" alt=\"\" width=\"345\" height=\"252\" srcset=\"http:\/\/www.editiondaslabor.de\/blog\/wp-content\/uploads\/2019\/04\/Leibzsch.jpg 345w, http:\/\/www.editiondaslabor.de\/blog\/wp-content\/uploads\/2019\/04\/Leibzsch-300x219.jpg 300w, http:\/\/www.editiondaslabor.de\/blog\/wp-content\/uploads\/2019\/04\/Leibzsch-260x190.jpg 260w, http:\/\/www.editiondaslabor.de\/blog\/wp-content\/uploads\/2019\/04\/Leibzsch-160x117.jpg 160w\" sizes=\"auto, (max-width: 345px) 100vw, 345px\" \/>\r\n<p><strong>Weiterf\u00fchrend \u2192<\/strong><\/p>\r\n<p>In diesem Jahr pr\u00e4sentiert KUNO von Ulrich Bergmann deutsche Seelenlandschaften im Postkartenformat. Mit seinen \u201eCorrespondenzkarten\u201c verschafft er den Lesern das Vergn\u00fcgen von spezieller <a href=\"http:\/\/www.editiondaslabor.de\/blog\/2014\/12\/09\/twitteratur-eine-neue-literaturgattung\/\">Twitteratur<\/a>. Es ist eine bildungsb\u00fcrgerliche Kurzprosa mit gleichsam eingebauter Kommentarspaltenfunktion, bei der Kurztexte aus dem Zyklus <em>Kritische K\u00f6rper,<\/em> und auch aus der losen Reihe mit dem Titel\u00a0<a href=\"http:\/\/www.editiondaslabor.de\/blog\/?p=40312\"><em>Splitter, nicht einmal Fragmente <\/em><\/a>aufploppen. \u2013 Eine Einf\u00fchrung in\u00a0<em>Schlangegeschichten<\/em>\u00a0von Ulrich Bergmann finden Sie\u00a0<a href=\"http:\/\/www.editiondaslabor.de\/blog\/?p=32773\">hier<\/a>. Lesen Sie auf KUNO zu den\u00a0<em>Arthurgeschichten<\/em> auch den\u00a0<a href=\"http:\/\/www.editiondaslabor.de\/blog\/?p=6837\">Essay<\/a>\u00a0von Holger Benkel, sowie seinen <a href=\"http:\/\/www.editiondaslabor.de\/blog\/?p=15183\">Essay<\/a> zum Zyklus <em>Kritische K\u00f6rper.<\/em><\/p>\r\n<p>\r\n\r\n\r\n\r\n<\/p>\r\n<p>&nbsp;<\/p>\r\n<\/figure>\r\n\r\n\r\n","protected":false},"excerpt":{"rendered":"<p>\u00a0 Den 26. Oktober Dear Peter, Richard, mit dem ich soeben im Caf\u00e9 Central eine Limonade trank, l\u00e4sst Sie herzlich gr\u00fc\u00dfen! \u201eSagen Sie Sir Peter, er soll sich nicht zu sehr mit Bach herumqu\u00e4len. Die Inventionen, so h\u00fcbsch ihre Ideen&hellip;<\/p>\n<p class=\"more-link-p\"><a class=\"more-link\" href=\"http:\/\/www.editiondaslabor.de\/blog\/2021\/10\/26\/eine-postkarte-diesmal-aus-leipzig\/\">Read more &rarr;<\/a><\/p>\n","protected":false},"author":41,"featured_media":55373,"comment_status":"closed","ping_status":"closed","sticky":false,"template":"","format":"standard","meta":{"footnotes":""},"categories":[1],"tags":[866],"class_list":["post-55402","post","type-post","status-publish","format-standard","has-post-thumbnail","hentry","category-literatur","tag-ulrich-bergmann"],"_links":{"self":[{"href":"http:\/\/www.editiondaslabor.de\/blog\/wp-json\/wp\/v2\/posts\/55402","targetHints":{"allow":["GET"]}}],"collection":[{"href":"http:\/\/www.editiondaslabor.de\/blog\/wp-json\/wp\/v2\/posts"}],"about":[{"href":"http:\/\/www.editiondaslabor.de\/blog\/wp-json\/wp\/v2\/types\/post"}],"author":[{"embeddable":true,"href":"http:\/\/www.editiondaslabor.de\/blog\/wp-json\/wp\/v2\/users\/41"}],"replies":[{"embeddable":true,"href":"http:\/\/www.editiondaslabor.de\/blog\/wp-json\/wp\/v2\/comments?post=55402"}],"version-history":[{"count":0,"href":"http:\/\/www.editiondaslabor.de\/blog\/wp-json\/wp\/v2\/posts\/55402\/revisions"}],"wp:featuredmedia":[{"embeddable":true,"href":"http:\/\/www.editiondaslabor.de\/blog\/wp-json\/"}],"wp:attachment":[{"href":"http:\/\/www.editiondaslabor.de\/blog\/wp-json\/wp\/v2\/media?parent=55402"}],"wp:term":[{"taxonomy":"category","embeddable":true,"href":"http:\/\/www.editiondaslabor.de\/blog\/wp-json\/wp\/v2\/categories?post=55402"},{"taxonomy":"post_tag","embeddable":true,"href":"http:\/\/www.editiondaslabor.de\/blog\/wp-json\/wp\/v2\/tags?post=55402"}],"curies":[{"name":"wp","href":"https:\/\/api.w.org\/{rel}","templated":true}]}}