{"id":55236,"date":"2024-01-29T00:01:08","date_gmt":"2024-01-28T23:01:08","guid":{"rendered":"http:\/\/www.editiondaslabor.de\/blog\/?p=55236"},"modified":"2024-01-25T11:11:22","modified_gmt":"2024-01-25T10:11:22","slug":"55236","status":"publish","type":"post","link":"http:\/\/www.editiondaslabor.de\/blog\/2024\/01\/29\/55236\/","title":{"rendered":":"},"content":{"rendered":"\r\n<p>&nbsp;<\/p>\r\n<p>schwimmen wie regnen als Schnee<\/p>\r\n\r\n\r\n\r\n<p>schweigen man sagt Wasserteich<\/p>\r\n\r\n\r\n\r\n<p>dein Gesicht ein Fenster<\/p>\r\n\r\n\r\n\r\n<p>meine Wellen \u00e4ndern sich:<\/p>\r\n\r\n\r\n\r\n<p>R\u00e4nder aus Regen<\/p>\r\n\r\n\r\n\r\n<p>schwimmen als See<\/p>\r\n<p>&nbsp;<\/p>\r\n<p>&nbsp;<\/p>\r\n<p>&nbsp;<\/p>\r\n\r\n\r\n\r\n<p style=\"text-align: center;\">***<\/p>\r\n\r\n\r\n\r\n<p><strong>Baumzyklen, <\/strong>Gedichte von Sophie Reyer, KUNO 2024<\/p>\r\n\r\n\r\n\r\n<div class=\"wp-block-image thickbox\">\r\n<figure class=\"alignleft is-resized\">\r\n<div style=\"width: 168px\" class=\"wp-caption alignnone\"><a class=\"thickbox\" href=\"http:\/\/www.editiondaslabor.de\/blog\/wp-admin\/media-upload.php?post_id=53430&amp;type=image&amp;TB_iframe=1\"><img loading=\"lazy\" decoding=\"async\" src=\"http:\/\/www.editiondaslabor.de\/blog\/wp-content\/uploads\/2018\/06\/Zyklop.jpeg\" alt=\"\" width=\"158\" height=\"217\" \/><\/a><p class=\"wp-caption-text\">Aus: Zyklop I von Haimo Hieronymus, Edition Das Labor, 2018<\/p><\/div>\r\n<\/figure>\r\n<\/div>\r\n\r\n\r\n\r\n<p style=\"text-align: justify;\"><strong>Weiterf\u00fchrend\u00a0<\/strong><strong>\u2192\u00a0<\/strong><\/p>\r\n\r\n\r\n\r\n<p style=\"text-align: justify;\">Ein Portr\u00e4t von Sophie Reyer findet sich\u00a0<a href=\"http:\/\/www.editiondaslabor.de\/blog\/?p=18115\">hier<\/a>. In ihrem preisgekr\u00f6nten Essay\u00a0<a href=\"http:\/\/www.editiondaslabor.de\/blog\/?p=17985\"><em>Referenzuniversum<\/em><\/a>\u00a0geht sie der Frage nach, wie das Schreiben durch das schreibende Analysieren gebrochen wird. Vertiefend zur Lekt\u00fcre empfohlen, das Kollegengespr\u00e4ch\u00a0<a href=\"http:\/\/www.editiondaslabor.de\/blog\/?p=19055\">:2= Verweisungszeichen zur Twitteratur<\/a>\u00a0von Sophie Reyer und A.J. Weigoni zum Projekt\u00a0<em>Wortspielhalle<\/em>. H\u00f6ren kann man einen Auszug aus der\u00a0<em>Wortspielhalle<\/em>in der Reihe\u00a0<a href=\"http:\/\/vordenker.de\/weigoni\/wortspielhalle.htm\">MetaPhon<\/a>.<\/p>\r\n","protected":false},"excerpt":{"rendered":"<p>&nbsp; schwimmen wie regnen als Schnee schweigen man sagt Wasserteich dein Gesicht ein Fenster meine Wellen \u00e4ndern sich: R\u00e4nder aus Regen schwimmen als See &nbsp; &nbsp; &nbsp; *** Baumzyklen, Gedichte von Sophie Reyer, KUNO 2024 Weiterf\u00fchrend\u00a0\u2192\u00a0 Ein Portr\u00e4t von Sophie&hellip;<\/p>\n<p class=\"more-link-p\"><a class=\"more-link\" href=\"http:\/\/www.editiondaslabor.de\/blog\/2024\/01\/29\/55236\/\">Read more &rarr;<\/a><\/p>\n","protected":false},"author":100,"featured_media":98111,"comment_status":"closed","ping_status":"closed","sticky":false,"template":"","format":"standard","meta":{"footnotes":""},"categories":[1],"tags":[394],"class_list":["post-55236","post","type-post","status-publish","format-standard","has-post-thumbnail","hentry","category-literatur","tag-sophie-reyer"],"_links":{"self":[{"href":"http:\/\/www.editiondaslabor.de\/blog\/wp-json\/wp\/v2\/posts\/55236","targetHints":{"allow":["GET"]}}],"collection":[{"href":"http:\/\/www.editiondaslabor.de\/blog\/wp-json\/wp\/v2\/posts"}],"about":[{"href":"http:\/\/www.editiondaslabor.de\/blog\/wp-json\/wp\/v2\/types\/post"}],"author":[{"embeddable":true,"href":"http:\/\/www.editiondaslabor.de\/blog\/wp-json\/wp\/v2\/users\/100"}],"replies":[{"embeddable":true,"href":"http:\/\/www.editiondaslabor.de\/blog\/wp-json\/wp\/v2\/comments?post=55236"}],"version-history":[{"count":1,"href":"http:\/\/www.editiondaslabor.de\/blog\/wp-json\/wp\/v2\/posts\/55236\/revisions"}],"predecessor-version":[{"id":100033,"href":"http:\/\/www.editiondaslabor.de\/blog\/wp-json\/wp\/v2\/posts\/55236\/revisions\/100033"}],"wp:featuredmedia":[{"embeddable":true,"href":"http:\/\/www.editiondaslabor.de\/blog\/wp-json\/wp\/v2\/media\/98111"}],"wp:attachment":[{"href":"http:\/\/www.editiondaslabor.de\/blog\/wp-json\/wp\/v2\/media?parent=55236"}],"wp:term":[{"taxonomy":"category","embeddable":true,"href":"http:\/\/www.editiondaslabor.de\/blog\/wp-json\/wp\/v2\/categories?post=55236"},{"taxonomy":"post_tag","embeddable":true,"href":"http:\/\/www.editiondaslabor.de\/blog\/wp-json\/wp\/v2\/tags?post=55236"}],"curies":[{"name":"wp","href":"https:\/\/api.w.org\/{rel}","templated":true}]}}