{"id":55123,"date":"2021-06-23T00:01:33","date_gmt":"2021-06-22T22:01:33","guid":{"rendered":"http:\/\/www.editiondaslabor.de\/blog\/?p=55123"},"modified":"2021-06-22T19:39:29","modified_gmt":"2021-06-22T17:39:29","slug":"55123","status":"publish","type":"post","link":"http:\/\/www.editiondaslabor.de\/blog\/2021\/06\/23\/55123\/","title":{"rendered":":"},"content":{"rendered":"\r\n<p>&nbsp;<\/p>\r\n<p>der Fluss der Fluss<\/p>\r\n\r\n\r\n\r\n<p>f\u00e4llt<\/p>\r\n\r\n\r\n\r\n<p>so so<\/p>\r\n\r\n\r\n\r\n<p>zerschw\u00e4rzt<\/p>\r\n\r\n\r\n\r\n<p>von der H\u00e4rte<\/p>\r\n\r\n\r\n\r\n<p>der Felsen<\/p>\r\n\r\n\r\n\r\n<p>\u00fcber mich<\/p>\r\n\r\n\r\n\r\n<p>hingesch\u00fcttet<\/p>\r\n\r\n\r\n\r\n<p>Durchsichtigkeit:<\/p>\r\n\r\n\r\n\r\n<p>Wasser,<\/p>\r\n\r\n\r\n\r\n<p>benag mich, komm<\/p>\r\n\r\n\r\n\r\n<p>benag mich<\/p>\r\n\r\n\r\n\r\n<p>nochmal<\/p>\r\n<p>&nbsp;<\/p>\r\n<p>&nbsp;<\/p>\r\n\r\n\r\n\r\n<p style=\"text-align: center;\">***<\/p>\r\n\r\n\r\n\r\n<p><strong>Baumzyklen, <\/strong>Gedichte von Sophie Reyer, KUNO 2021<\/p>\r\n\r\n\r\n\r\n<div class=\"wp-block-image thickbox\">\r\n<figure class=\"alignleft is-resized\">\r\n<div style=\"width: 294px\" class=\"wp-caption alignnone\"><a class=\"thickbox\" href=\"http:\/\/www.editiondaslabor.de\/blog\/wp-admin\/media-upload.php?post_id=53426&amp;type=image&amp;TB_iframe=1\"><img loading=\"lazy\" decoding=\"async\" src=\"http:\/\/www.editiondaslabor.de\/blog\/wp-content\/uploads\/2018\/07\/Zyklop.jpg\" alt=\"\" width=\"284\" height=\"510\" \/><\/a><p class=\"wp-caption-text\">Aus: Zyklop I von Haimo Hieronymus, Edition Das Labor, 2018<\/p><\/div>\r\n\r\n<strong>Weiterf\u00fchrend\u00a0<\/strong><strong>\u2192\u00a0<\/strong><\/figure>\r\n<\/div>\r\n\r\n\r\n\r\n<p style=\"text-align: justify;\">Ein Portr\u00e4t von Sophie Reyer findet sich\u00a0<a href=\"http:\/\/www.editiondaslabor.de\/blog\/?p=18115\">hier<\/a>. In ihrem preisgekr\u00f6nten Essay\u00a0<a href=\"http:\/\/www.editiondaslabor.de\/blog\/?p=17985\"><em>Referenzuniversum<\/em><\/a>\u00a0geht sie der Frage nach, wie das Schreiben durch das schreibende Analysieren gebrochen wird. Vertiefend zur Lekt\u00fcre empfohlen, das Kollegengespr\u00e4ch\u00a0<a href=\"http:\/\/www.editiondaslabor.de\/blog\/?p=19055\">:2= Verweisungszeichen zur Twitteratur<\/a>\u00a0von Sophie Reyer und A.J. Weigoni zum Projekt\u00a0<em>Wortspielhalle<\/em>. H\u00f6ren kann man einen Auszug aus der\u00a0<em>Wortspielhalle<\/em>in der Reihe\u00a0<a href=\"http:\/\/vordenker.de\/weigoni\/wortspielhalle.htm\">MetaPhon<\/a>.<\/p>\r\n","protected":false},"excerpt":{"rendered":"<p>&nbsp; der Fluss der Fluss f\u00e4llt so so zerschw\u00e4rzt von der H\u00e4rte der Felsen \u00fcber mich hingesch\u00fcttet Durchsichtigkeit: Wasser, benag mich, komm benag mich nochmal &nbsp; &nbsp; *** Baumzyklen, Gedichte von Sophie Reyer, KUNO 2021 Ein Portr\u00e4t von Sophie Reyer&hellip;<\/p>\n<p class=\"more-link-p\"><a class=\"more-link\" href=\"http:\/\/www.editiondaslabor.de\/blog\/2021\/06\/23\/55123\/\">Read more &rarr;<\/a><\/p>\n","protected":false},"author":100,"featured_media":51111,"comment_status":"closed","ping_status":"closed","sticky":false,"template":"","format":"standard","meta":{"footnotes":""},"categories":[1],"tags":[394],"class_list":["post-55123","post","type-post","status-publish","format-standard","has-post-thumbnail","hentry","category-literatur","tag-sophie-reyer"],"_links":{"self":[{"href":"http:\/\/www.editiondaslabor.de\/blog\/wp-json\/wp\/v2\/posts\/55123","targetHints":{"allow":["GET"]}}],"collection":[{"href":"http:\/\/www.editiondaslabor.de\/blog\/wp-json\/wp\/v2\/posts"}],"about":[{"href":"http:\/\/www.editiondaslabor.de\/blog\/wp-json\/wp\/v2\/types\/post"}],"author":[{"embeddable":true,"href":"http:\/\/www.editiondaslabor.de\/blog\/wp-json\/wp\/v2\/users\/100"}],"replies":[{"embeddable":true,"href":"http:\/\/www.editiondaslabor.de\/blog\/wp-json\/wp\/v2\/comments?post=55123"}],"version-history":[{"count":0,"href":"http:\/\/www.editiondaslabor.de\/blog\/wp-json\/wp\/v2\/posts\/55123\/revisions"}],"wp:featuredmedia":[{"embeddable":true,"href":"http:\/\/www.editiondaslabor.de\/blog\/wp-json\/"}],"wp:attachment":[{"href":"http:\/\/www.editiondaslabor.de\/blog\/wp-json\/wp\/v2\/media?parent=55123"}],"wp:term":[{"taxonomy":"category","embeddable":true,"href":"http:\/\/www.editiondaslabor.de\/blog\/wp-json\/wp\/v2\/categories?post=55123"},{"taxonomy":"post_tag","embeddable":true,"href":"http:\/\/www.editiondaslabor.de\/blog\/wp-json\/wp\/v2\/tags?post=55123"}],"curies":[{"name":"wp","href":"https:\/\/api.w.org\/{rel}","templated":true}]}}