{"id":55058,"date":"2022-03-10T00:01:04","date_gmt":"2022-03-09T23:01:04","guid":{"rendered":"http:\/\/www.editiondaslabor.de\/blog\/?p=55058"},"modified":"2022-02-20T13:09:23","modified_gmt":"2022-02-20T12:09:23","slug":"strandgut","status":"publish","type":"post","link":"http:\/\/www.editiondaslabor.de\/blog\/2022\/03\/10\/strandgut\/","title":{"rendered":"Strandgut"},"content":{"rendered":"\r\n<p style=\"text-align: justify;\">\u00a0<\/p>\r\n<p style=\"text-align: justify;\">Strandgut aus der Sprachdiffusion auflesen \/ goldene Schimmer daraus machen \/ die Erde damit beflecken \/ wie Jean Krier \/ poetische Alchemie<\/p>\r\n\r\n\r\n\r\n<p style=\"text-align: justify;\">\u00a0<\/p>\r\n<p>&nbsp;<\/p>\r\n\r\n\r\n\r\n<p class=\"has-text-align-center\" style=\"text-align: center;\">***<\/p>\r\n\r\n\r\n\r\n<div class=\"wp-block-image\" style=\"text-align: justify;\">\r\n<figure class=\"alignleft\"><a href=\"http:\/\/www.editiondaslabor.de\/blog\/wp-admin\/media-upload.php?post_id=47224&amp;type=image&amp;TB_iframe=1\"><img decoding=\"async\" src=\"http:\/\/www.editiondaslabor.de\/blog\/wp-content\/uploads\/2017\/09\/denis-ullrich-e1505157997454.jpg\" alt=\"\" \/><\/a><\/figure>\r\n<\/div>\r\n\r\n\r\n\r\n<p style=\"text-align: justify;\">Mit seiner\u00a0<em>micropoetry<\/em> gelingt es Denis Ullrich eine \u00fcbernutzte Sprache zu entkernen. Seine vielgestaltigen Texte auf KUNO bewegen sich zwischen Transzendenz und K\u00f6rperlichkeit. Zuweilen hat man den Eindruck, als wollte dieser Autor das ber\u00fchmte Diktum Wittgensteins widerlegen: Wovon man nicht sprechen kann, dar\u00fcber muss man &#8211; nicht schweigen &#8211; sondern dichten! Dieser Autor hinterlies eine <a href=\"http:\/\/www.editiondaslabor.de\/blog\/?p=22423\"><em>Twitteratur<\/em><\/a> bei der weder \u00e4sthetische \u00dcberh\u00f6hung noch schn\u00f6der Realismus infrage kommen.<\/p>\r\n\r\n\r\n\r\n<p style=\"text-align: justify;\"><strong>Weiterf\u00fchrend\u00a0<\/strong><strong>\u2192\u00a0<\/strong><\/p>\r\n\r\n\r\n\r\n<p style=\"text-align: justify;\">Denis Ullrichs Essay <a href=\"http:\/\/www.editiondaslabor.de\/blog\/?p=18423\">Sind wir nicht alle ein bisschen COPY &amp; Paste?<\/a> wurde beim KUNO-Essaypreis 2013 mit einer lobenden Erw\u00e4hnung bedacht. Die Begr\u00fcndung findet sich <a href=\"http:\/\/www.editiondaslabor.de\/blog\/?p=12856\">hier<\/a>.\u00a0Die Redaktion verlieh ihm f\u00fcr einen weiteren fulminanten <a href=\"http:\/\/www.editiondaslabor.de\/blog\/?p=26608\">Text<\/a> den KUNO\u2013Essay\u2013Preis 2015.<\/p>\r\n\r\n\r\n\r\n<p style=\"text-align: justify;\">Lesen Sie bitte auch: <a href=\"http:\/\/www.editiondaslabor.de\/blog\/?p=33429\">Fragmentarischer Versuch einer Prosaverortung<\/a>, den Prosa\u00fcberflug\u00a0<a href=\"http:\/\/www.editiondaslabor.de\/blog\/?p=34426\">Lost in Laberland <\/a>und seinen letzten <a href=\"http:\/\/www.editiondaslabor.de\/blog\/?p=43793\">Rezensionsessay<\/a>.<\/p>\r\n","protected":false},"excerpt":{"rendered":"<p>\u00a0 Strandgut aus der Sprachdiffusion auflesen \/ goldene Schimmer daraus machen \/ die Erde damit beflecken \/ wie Jean Krier \/ poetische Alchemie \u00a0 &nbsp; *** Mit seiner\u00a0micropoetry gelingt es Denis Ullrich eine \u00fcbernutzte Sprache zu entkernen. Seine vielgestaltigen Texte&hellip;<\/p>\n<p class=\"more-link-p\"><a class=\"more-link\" href=\"http:\/\/www.editiondaslabor.de\/blog\/2022\/03\/10\/strandgut\/\">Read more &rarr;<\/a><\/p>\n","protected":false},"author":116,"featured_media":98720,"comment_status":"closed","ping_status":"closed","sticky":false,"template":"","format":"standard","meta":{"footnotes":""},"categories":[1],"tags":[1331],"class_list":["post-55058","post","type-post","status-publish","format-standard","has-post-thumbnail","hentry","category-literatur","tag-denis-ullrich"],"_links":{"self":[{"href":"http:\/\/www.editiondaslabor.de\/blog\/wp-json\/wp\/v2\/posts\/55058","targetHints":{"allow":["GET"]}}],"collection":[{"href":"http:\/\/www.editiondaslabor.de\/blog\/wp-json\/wp\/v2\/posts"}],"about":[{"href":"http:\/\/www.editiondaslabor.de\/blog\/wp-json\/wp\/v2\/types\/post"}],"author":[{"embeddable":true,"href":"http:\/\/www.editiondaslabor.de\/blog\/wp-json\/wp\/v2\/users\/116"}],"replies":[{"embeddable":true,"href":"http:\/\/www.editiondaslabor.de\/blog\/wp-json\/wp\/v2\/comments?post=55058"}],"version-history":[{"count":1,"href":"http:\/\/www.editiondaslabor.de\/blog\/wp-json\/wp\/v2\/posts\/55058\/revisions"}],"predecessor-version":[{"id":98721,"href":"http:\/\/www.editiondaslabor.de\/blog\/wp-json\/wp\/v2\/posts\/55058\/revisions\/98721"}],"wp:featuredmedia":[{"embeddable":true,"href":"http:\/\/www.editiondaslabor.de\/blog\/wp-json\/wp\/v2\/media\/98720"}],"wp:attachment":[{"href":"http:\/\/www.editiondaslabor.de\/blog\/wp-json\/wp\/v2\/media?parent=55058"}],"wp:term":[{"taxonomy":"category","embeddable":true,"href":"http:\/\/www.editiondaslabor.de\/blog\/wp-json\/wp\/v2\/categories?post=55058"},{"taxonomy":"post_tag","embeddable":true,"href":"http:\/\/www.editiondaslabor.de\/blog\/wp-json\/wp\/v2\/tags?post=55058"}],"curies":[{"name":"wp","href":"https:\/\/api.w.org\/{rel}","templated":true}]}}