{"id":5440,"date":"2012-06-21T00:01:30","date_gmt":"2012-06-20T22:01:30","guid":{"rendered":"http:\/\/www.editiondaslabor.de\/blog\/?p=5440"},"modified":"2021-12-26T14:35:19","modified_gmt":"2021-12-26T13:35:19","slug":"uberschwemmt-die-lust-am-taumel-%e2%80%a2-im-atmenden-alphabet-fur-friederike-mayrocker-%e2%80%a2-1-teil","status":"publish","type":"post","link":"http:\/\/www.editiondaslabor.de\/blog\/2012\/06\/21\/uberschwemmt-die-lust-am-taumel-%e2%80%a2-im-atmenden-alphabet-fur-friederike-mayrocker-%e2%80%a2-1-teil\/","title":{"rendered":"\u00dcberschwemmt, die Lust am Taumel \u2022 Im atmenden Alphabet f\u00fcr Friederike Mayr\u00f6cker (1)"},"content":{"rendered":"<address style=\"text-align: right;\"><span style=\"color: #808080;\">Die Bl\u00e4tter auf meinem Arbeitstisch flogen in die Luft<\/span><\/address>\n<address style=\"text-align: right;\"><span style=\"color: #808080;\"><em>Friederike Mayr\u00f6cker<\/em><\/span><\/address>\n<p style=\"text-align: justify;\"><strong>1<span style=\"color: #808080;\">1<\/span> \u00b7 ich bin manisch<\/strong><\/p>\n<div id=\"attachment_5443\" style=\"width: 234px\" class=\"wp-caption alignleft\"><a href=\"http:\/\/www.editiondaslabor.de\/blog\/wp-content\/uploads\/2012\/06\/Umschlag_matrix_2_2012_28-21.gif\"><img loading=\"lazy\" decoding=\"async\" aria-describedby=\"caption-attachment-5443\" class=\"size-medium wp-image-5443\" title=\"Umschlag_matrix_2_2012_28 (2)\" src=\"http:\/\/www.editiondaslabor.de\/blog\/wp-content\/uploads\/2012\/06\/Umschlag_matrix_2_2012_28-21-224x300.gif\" alt=\"\" width=\"224\" height=\"300\" srcset=\"http:\/\/www.editiondaslabor.de\/blog\/wp-content\/uploads\/2012\/06\/Umschlag_matrix_2_2012_28-21-224x300.gif 224w, http:\/\/www.editiondaslabor.de\/blog\/wp-content\/uploads\/2012\/06\/Umschlag_matrix_2_2012_28-21-766x1024.gif 766w, http:\/\/www.editiondaslabor.de\/blog\/wp-content\/uploads\/2012\/06\/Umschlag_matrix_2_2012_28-21.gif 1813w\" sizes=\"auto, (max-width: 224px) 100vw, 224px\" \/><\/a><p id=\"caption-attachment-5443\" class=\"wp-caption-text\">Druckfrisch: Matrix 28 \u00b7 Atmendes Alphabet f\u00fcr Friederike Mayr\u00f6cker \u00b7 294 Seiten \u00b7 f\u00fcr 10,00 \u20ac hier bestellen: pop-verlag@gmx.de<\/p><\/div>\n<p style=\"text-align: justify;\"><span style=\"color: #000000;\">Total \u00b7 <strong>total<\/strong> \u00b7 total wie fast immer \u2013 \u00bbWas vom t\u00e4glichen Leben und Lesen \/ in die Falten des Gro\u00dfhirns \/ sickert\u00ab, setzt Maximilian Zan\u00adders Gedicht ein \u00b7 bin ich manisch? \u00b7 <em>ich bin manisch<\/em> \u2013 <strong>\u00fcber\u00adschwemmt<\/strong>, <em>flieh oder flieg (ich)<\/em>, vom Ich-bin-in-meinem-\u203aElement\u2039, <em>der Nadel\u00adarbeit der Augen<\/em> \u00b7 <em>tats\u00e4ch\u00adlich bin durchs\u00e4gt von Universum<\/em> \u00b7 <em>hatte nicht Auge noch Ohren f\u00fcr Ding und Wort und Bild und Strauch und Buch und Blume<\/em> \u00b7 \u00fcberschwemmt von <em>Abschieden<\/em>, <em>Ab\u00adschweifungen<\/em>, <em>Ahnungen<\/em>, An\u00adf\u00e4ngen, Anschau\u00adlichkeiten, Ansichten, Anzei\u00adchen, Auf|\u00ads\u00e4tzen, Au\u00adgen|blicken, Allu\u00adsionen \u00b7 \u00fcber\u00adschwemmt von Beobachtun\u00adgen, Besch|reibun\u00adgen, Bildern (\u00bbIch und die Bilder\u00ab \u00b7 Nikolai Vogel \/ \u00bbblau steht der Baum\u00ab \u00b7 Ingrid Fichtner), Blicken, Blu\u00admen (<em>dunkles Blut einer Pelargo\u00adnie<\/em>), Bon\u00admots, \u00bbbrombeeren, brom\u00adbeeren\u00ab (Inger Christensen), Buchstaben, <em>B\u00fcchern<\/em> (<em>wenn ich in einem Buch zu lesen ange\u00adfangen habe, will ich nicht, da\u00df jemand ande\u00adrer es zur Hand nimmt und ebenfalls darin zu lesen beginnt, das st\u00f6rt den direkten Kontakt zwischen mir und dem Dichter und verhin\u00addert, da\u00df etwas in mir zur Wahrheit wird \u2026<\/em>), <strong>B<\/strong>|r|<strong>u<\/strong>|<strong>c<\/strong>|<strong>h<\/strong>|st\u00fccken \u00b7 \u00fcber\u00adschwemmt von \u00bbcathedral tunes\u00ab (Emily Dickin\u00adson), <em>Chaos<\/em>, Chi\u00adas\u00admen, Chim\u00e4\u00adren, <em>Cre\u00adscendos<\/em> \u00b7 \u00fcber\u00adschwemmt von <em>Denkbildern<\/em>, Denk\u00adzetteln, De\u00adtails, Dingen, <em>Diminuendos<\/em>, <em>Dop\u00adpel\u00adg\u00e4ngern<\/em> (\u00bbEs wim\u00admelt in der Literatur nur so von ver\u00adsteckten Doppelg\u00e4ngern\u00ab \u00b7 Kuno) \u00b7 \u00fcber\u00adschwemmt von <em>Echos<\/em>, Einsprengseln, En\u00adden, <em>Er\u00adfindungen<\/em>, <em>Erin\u00adne\u00adrungen <\/em>(<em>ich vergesse ja alles, ich bin, um die Wahr\u00adheit zu sa\u00adgen, ein Mensch ohne Er\u00adinnerungen geworden, ich habe buchst\u00e4b\u00adlich alles verges\u00adsen<\/em>), Erin\u00adnyen, Ewigzeiten \u00b7 \u00fcber\u00adschwemmt von \u00bbFang\u00adnetzen\u00ab (Mikael Vogel), Far\u00adben, Fassaden, Fet\u00adzen, <em>Fl\u00fcchtig\u00adkeiten<\/em>, <strong>Frag<\/strong>\u00adm<strong>en<\/strong>ten, f\u00fcrchterlichem Frohsinn \u00b7 \u00fcber\u00adschwemmt vom Ge\u00adhen \u00b7 \u00fcber\u00adschwemmt von Ge\u00ad<strong>dank<\/strong>en: \u00bbHap\u00adpiness is air olive trees flowe\u00adring sugarcane (the sight of it)\u00ab \u00b7 Jos\u00e9 Kozer, Ge\u00adr\u00fcch<strong>[t]<\/strong>en, <strong>Grund<\/strong>s\u00e4tzen, \u00bbGesang\u00ab und \u00bbguten Geistern\u00ab (H\u00f6l\u00adderlin) \u00b7 \u00fcber\u00adschwemmt von Hallu\u00adzinati\u00adonen, Hirnen, \u00bbHype\u00adrion\u00ab \u00b7 \u00fcber\u00adschwemmt von Ideen und Idio\u00adsynkra\u00adsien \u00b7 \u00fcber\u00adschwemmt von Jin und Jang \u00b7 \u00fcber\u00adschwemmt vom Kom\u00admen \u00b7 \u00fcberschwemmt von Kl\u00e4n\u00adgen, <em>Kleck\u00adsen<\/em>, Kon\u00adsonanten, Kata\u00adchresen \u00b7 \u00fcber\u00adschwemmt von Laut\u00admale\u00adreien \u00b7 \u00fcber\u00adschwemmt vom <em>Leben<\/em> (<em>200 Jahre mindes\u00adtens. Meiner An\u00adsicht nach d\u00fcrfte das Ende \u00fcber\u00adhaupt nicht kom\u00admen. Man m\u00fcsste so lange weiterle\u00adben, wie man gerne <a href=\"http:\/\/www.editiondaslabor.de\/blog\/wp-content\/uploads\/2012\/06\/Waber-23.jpg\"><span style=\"color: #000000;\"><img loading=\"lazy\" decoding=\"async\" class=\"alignleft size-medium wp-image-5462\" title=\"Waber 2\" src=\"http:\/\/www.editiondaslabor.de\/blog\/wp-content\/uploads\/2012\/06\/Waber-23-216x300.jpg\" alt=\"\" width=\"216\" height=\"300\" srcset=\"http:\/\/www.editiondaslabor.de\/blog\/wp-content\/uploads\/2012\/06\/Waber-23-216x300.jpg 216w, http:\/\/www.editiondaslabor.de\/blog\/wp-content\/uploads\/2012\/06\/Waber-23-737x1024.jpg 737w, http:\/\/www.editiondaslabor.de\/blog\/wp-content\/uploads\/2012\/06\/Waber-23.jpg 1190w\" sizes=\"auto, (max-width: 216px) 100vw, 216px\" \/><\/span><\/a>lebt, und viel\u00adleicht kommt dann eines Tages die Stunde, wo man sagt: \u00bbJetzt habe ich genug. Jetzt m\u00f6chte ich abtreten.\u00ab Aber an und f\u00fcr sich sollte der Mensch so lange leben k\u00f6nnen, wie er es w\u00fcnscht<\/em>), Lie\u00adben, <em>Lieblin\u00adgen<\/em>, Liedern, <em>Luft\u00adgeistern, L\u00fcgen<\/em> \u00b7 \u00fcber\u00adschwemmt von <em>Material<\/em> (\u00bbSeit kur\u00adzem liegen morsche Balken und zer\u00adbro\u00adchene Dachz<strong>i<\/strong>e<strong>gel<\/strong> auf einem Haufen, zer\u00adbr\u00f6seln unter Brom\u00adbeerge\u00adstr\u00fcpp\u00ab \u00b7 Jacques Josse), <em>Me\u00admoiren<\/em>, <em>Men\u00adschen<\/em>, <em>Metamor\u00adpho\u00adsen<\/em>, Mnemosyne, Mo\u00adnolo\u00adgen (<em>und h\u00e4tte ich dieses mein Schrei\u00adben nicht<\/em>), Morphemen, <em>Musik<\/em> (<em>also aus allem beziehe ich meine Spra\u00adche, Material aus verschiedenen Quel\u00adlen, Bild, Ge\u00adspr\u00e4che, Musik, \u00fcber\u00adhaupt die Musik, \u00fcberhaupt habe ich der Mu\u00adsik immer unrecht ge\u00adtan, sie immer ins Un\u00adrecht gesetzt oder wie soll ich sagen, vermut\u00adlich habe ich die Musik immer nur f\u00fcr meine literarischen Vor\u00adhaben ausgebeu\u00adtet, mein Ver\u00adh\u00e4lt\u00adnis zur Musik st immer para\u00adsit\u00e4r gewesen, \u00fcber\u00adhaupt mein Verh\u00e4ltnis zur Welt, zu den Menschen, also die wankendsten Funda\u00admente einer Gedankenwelt .. mit vielen Federn und Feder\u00adkielen und wie es mich in halluzi\u00adnatori\u00adsche Stimmungen versetzt hat ..<\/em>)\u00b7 \u00fcber\u00adschwemmt von Namen, No\u00adten und Notizen \u00b7 \u00fcber\u00adschwemmt von Okeanos, Orakeln, Origina\u00adlen, Orten \u00b7 \u00fcber\u00adschwemmt von <em>Phanta\u00adsie-Passa\u00adgen<\/em>, Pflanzen (<em>die im leichten Wind schwanken\u00adden Dol\u00adden des Schier\u00adlings<\/em>), <em>Po\u00adsitionen<\/em> \u00b7 \u00fcber\u00adschwemmt von <em>Quas\u00adtenl\u00e4rm<\/em>, <em>Quellen<\/em>, Quint\u00ad<strong>es\u00adsen<\/strong>zen (\u00bbQuer durch den Schlaf \/ die Buch\u00adstaben\u00adspur \/ einer Sprache die \/ du nicht verstehst\u00ab \u00b7 W. G. Sebald) \u00b7 \u00fcber\u00adschwemmt von <em>R\u00e4umen<\/em>, Re\u00adden, <em>Reisen<\/em>, (<em>was werde ich mir dort\u00adhin alles mitnehmen wenn es ans Ende geht<\/em>), Reflexen, Re\u00adflexionen \u00b7 \u00fcber\u00adschwemmt von S\u00e4t\u00adzen, Sil\u00adben, Sounds, \u00bbSpiralen\u00ab (Der\u00adrida), \u00bbspitzennoten ausm \u00e4ther\u00ab (Su\u00adsanne Eules), Split\u00adtern, <em>Stachel\u00adhalm\u00adw\u00e4ldern<\/em>, Steinen (<em>be\u00adtrachtete die w\u00e4h\u00adrend des Spazierenge\u00adhens auf\u00adgelese\u00adnen Steine in meiner Hand<\/em>), <em>Stim\u00admun\u00adgen<\/em> \u00b7 \u00fcber\u00adschwemmt von <em>T\u00e4to\u00adwie\u00adrungen<\/em>, T\u00e4uschungen, <em>Tau\u00adtropfen<\/em>, Toden (Am 2. Februar 2012 <strong>schneit<\/strong> die Nachricht vom Tod Wis\u0142awa Szymborskas \u2013 \u00bbMir ist die L\u00e4cherlich\u00adkeit, Gedichte zu schreiben, lieber \/ als die L\u00e4\u00adcherlich\u00adkeit, keine zu schrei\u00adben\u00ab \u2013 ins Haus, drau\u00ad\u00dfen Temperaturen um minus 13\u00b0C, hier unten verei\u00adsen die Schei\u00adben. <em>Wenn ich \u00fcber den Tod schreibe, ist das eine positive Be\u00adsch\u00e4ftigung. Ich kann mich dann mit der Sprache gegen ihn <a href=\"http:\/\/www.editiondaslabor.de\/blog\/wp-content\/uploads\/2012\/06\/Waber-33.jpg\"><span style=\"color: #000000;\"><img loading=\"lazy\" decoding=\"async\" class=\"alignleft size-medium wp-image-5463\" title=\"Waber 3\" src=\"http:\/\/www.editiondaslabor.de\/blog\/wp-content\/uploads\/2012\/06\/Waber-33-300x296.jpg\" alt=\"\" width=\"300\" height=\"296\" srcset=\"http:\/\/www.editiondaslabor.de\/blog\/wp-content\/uploads\/2012\/06\/Waber-33-300x296.jpg 300w, http:\/\/www.editiondaslabor.de\/blog\/wp-content\/uploads\/2012\/06\/Waber-33-1024x1011.jpg 1024w\" sizes=\"auto, (max-width: 300px) 100vw, 300px\" \/><\/span><\/a>str\u00e4uben. Es ist eine Me\u00adtamor\u00adphose der Angst vor dem Tod. Aber nur f\u00fcr die Zeit, in der ich schreibe. Die Angst kommt immer wie\u00adder<\/em>), To\u00adhuwa\u00adbohu, <em>Topogra\u00adphien<\/em>, <em>Tr\u00e4nen<\/em>, <em>Tr\u00e4umen<\/em> \u00b7 \u00fcber\u00adschwemmt von Umlau\u00adten und Urlau\u00adten (\u00bbWir baun die Welt aus den Unendlich\u00adkei\u00adten\u00ab \u00b7 Jakob van Hoddis) \u00b7 \u00fcber\u00adschwemmt von <em>Ver\u00adgisz\u00admeinnicht<\/em> (<em>sehr viele W\u00f6rter kommen mir abhanden<\/em>), Vermutun\u00adgen, <em>Verzwei\u00adgun\u00adgen<\/em>, <em>V\u00f6gel\u00adchen<\/em> (<em>ihr Ge\u00adsang tr\u00f6stet mich \/ diese ra\u00adsende Poesie, etwas zwitschert beim Tippen<\/em>), Verben (\u00bbZukunft, \/ merk dir\u2019s, \/ gibt es manchmal \/ nur in den Verben\u00ab \u00b7 Matthias G\u00f6\u00adritz), Verwunderungen, <em>Verzweiflungen<\/em>, Vo\u00adka\u00adbeln, Voka\u00adlen, <em>Vor\u00adspiege\u00adlungen<\/em>, \u00bbirrsinnigen Vor\u00adstellun\u00adgen\u00ab (Marcel Beyer) \u00b7 \u00fcber\u00adschwemmt von Wahr\u00adneh\u00admun\u00adgen, warmen W\u00f6rtern (\u00bbnach wel\u00adchem wort geht die welt zu ende\u00ab, fragt Wolfgang Hilbig), \u00bbWasser\u00adschrift \/ Welle um Welle\u00ab (Marie T. Mar\u00adtin), <em>Wieder\u00adholungen be\u00adstimm\u00adter W\u00f6rter<\/em>, Wir\u00adbeln, <em>Wol\u00adken <\/em>(\u00bbdie Wol\u00adken hetzen\u00ab \u00b7 Ingrid Fichtner), Wortsch\u00e4tzen (\u00bbwortlos ins stru\u00addelnde Wasser\u00ab \u00b7 Martin Jankowski), W\u00fcnschen (<em>du brauchst einen Baum du brauchst ein Haus \/ keines f\u00fcr dich allein nur einen Winkel ein Dach \/ zu sitzen zu denken zu schla\u00adfen zu tr\u00e4umen \/ zu schreiben zu schwei\u00adgen zu se\u00adhen den Freund \/ die Gestirne das Gras die Blume den Him\u00admel<\/em>), Wun\u00addern, <em>Weh- und Wut\u00adgeheul<\/em> \u00b7 \u00fcber\u00adschwemmt von Zah\u00adlen, <em>Zerrei\u00ad\u00dfungen (ich bin 1 Fauvist der Spra\u00adche)<\/em>, Zetteln, Zi\u00adtaten (<em>Zitat ist Teil mei\u00adner Schreib\u00admethode<\/em> \/ \u00bbEs gibt f\u00fcr mich keine Zitate, son\u00addern die wenigen Stel\u00adlen in der Literatur, die mich immer aufge\u00adregt haben, die sind f\u00fcr mich das Le\u00adben\u00ab \u00b7 Ingeborg Bach\u00admann), Zu\u00adf\u00e4llen, <em>Zu\u00adst\u00e4nden<\/em>, Zus\u00e4t\u00adzen; <em>es ist immer alles gleich\u00adzeitig da, die Ge\u00adgenwart und die Vergan\u00adgenheit, und vielleicht ein Blick in die Zu\u00adkunft.<\/em> John Burn\u00adsides \u00bbA Lie About My Father\u00ab h\u00e4ngt schwer noch in den Klamot\u00adten: \u00bbThe last thing I would want to do is make a lie of it\u00ab (und \u00bbGlister\u00ab wartet \u2026 <em>dr\u00e4uend<\/em>, fordernd: \u00bbNothing else. No other sound, and nothing to see but the vast, pure light into which I step of my own free will, over and over again, at the end of a story that I am already begin\u00adning to for\u00adget\u00ab), Cormac Mc\u00adCarthys \u00bbThe Road\u00ab erst halb gele\u00adsen: \u00bbShe would do it with a flake of obsi\u00addian\u00ab, <strong>gefan\u00adgen<\/strong> vom \u00bbhisto\u00adri\u00adschen Rau\u00adschen\u00ab in den Ge\u00addichten von Thomas Kling, <em>usw<\/em>., lese ich, im k\u00fch\u00adlen Son\u00adnen\u00adschein am Mor\u00adgen, \u00bbAuf meine Art\u00ab, Hans Ben\u00adders neue Ge\u00addichte, Franz Kaf\u00adkas \u00bbFahrgast\u00ab schie\u00dft pein\u00advoll in den Kopf: \u00bbbin voll\u00adkom\u00admen unsi\u00adcher in R\u00fccksicht meiner Stellung in dieser Welt\u00ab, nun sitze ich hier \u2013 und kei\u00adnes\u00adwegs grausam \u2013 mit <span style=\"color: #000080;\"><a href=\"http:\/\/www.editiondaslabor.de\/blog\/?tag=friederike-mayrocker\"><span style=\"color: #000080;\">Frie\u00adderike <\/span><\/a><\/span><a href=\"http:\/\/www.editiondaslabor.de\/blog\/wp-content\/uploads\/2012\/06\/Waber-1.jpg\"><span style=\"color: #000000;\"><img loading=\"lazy\" decoding=\"async\" class=\"alignleft size-medium wp-image-5464\" title=\"Waber 1\" src=\"http:\/\/www.editiondaslabor.de\/blog\/wp-content\/uploads\/2012\/06\/Waber-1-219x300.jpg\" alt=\"\" width=\"219\" height=\"300\" srcset=\"http:\/\/www.editiondaslabor.de\/blog\/wp-content\/uploads\/2012\/06\/Waber-1-219x300.jpg 219w, http:\/\/www.editiondaslabor.de\/blog\/wp-content\/uploads\/2012\/06\/Waber-1-749x1024.jpg 749w, http:\/\/www.editiondaslabor.de\/blog\/wp-content\/uploads\/2012\/06\/Waber-1.jpg 1200w\" sizes=\"auto, (max-width: 219px) 100vw, 219px\" \/><\/span><\/a><span style=\"color: #000080;\">Mayr\u00f6\u00adckers<\/span> <em>ich sitze nur GRAU\u00adSAM da<\/em> und lese und lese <em>ich sitze nur GRAU\u00adSAM da<\/em> und denke, f\u00fchle, h\u00f6re, gleichlau\u00adfend, <em>bet\u00e4ubt von dem Duft der Narzissen<\/em>, gleichzeitig, paral\u00adlel, <em>polyphones Ge\u00adflecht<\/em>, si\u00admultan, syn\u00adchron, auf einmal, pars pro toto, den ersten Satz der 15. Sinfo\u00adnie von Schosta\u00adko\u00adwitsch \u2013 <em>oder ich bin nur Fik\u00adtion gewesen \/ ich habe alles erfunden<\/em>:<\/span><\/p>\n<p style=\"text-align: justify; padding-left: 30px;\"><span style=\"color: #000000;\"><em>1 Fortreiszen, 1 sich von jedermann fortreiszen lassen, sage ich zu Ely, kein R\u00fcckgrat zu zeigen, Wurm sein, sage ich, da\u00adhinschlei\u00adchen, -schleimen \u2013 als Agave geboren zu sein und dann marschieren : in die unbekannte Welt hin\u00adeinmarschieren, n\u00e4mlich was diese geschwungenen geschwellten bebenden jungen B\u00e4ume angeht, in den Alleen der Stol\u00adberggasse so seien sie \u00fcbers Jahr aufge\u00adschossen, sie haben sich so auszeror\u00addent\u00adlich streng belaubt und be\u00adreichert dasz es schien, sie seien eingeh\u00fcllt in einen dichtesten Ge\u00adsang<\/em><\/span><\/p>\n<p style=\"text-align: center;\"><span style=\"color: #000000;\">* * *<\/span><\/p>\n<p style=\"text-align: justify;\"><span style=\"color: #000000;\"><strong>\u2192 <span style=\"color: #000080;\"><a href=\"http:\/\/www.editiondaslabor.de\/blog\/?p=5477\"><span style=\"color: #000080;\">Teil 2\/3<\/span><\/a><\/span><\/strong><\/span><\/p>\n<p style=\"text-align: justify;\"><span style=\"color: #000000;\"><strong>\u2192 <span style=\"color: #000080;\"><a href=\"http:\/\/www.editiondaslabor.de\/blog\/?p=5510\"><span style=\"color: #000080;\">Teil 4\/5<\/span><\/a><\/span><\/strong><br \/>\n<\/span><\/p>\n<p><a href=\"http:\/\/www.editiondaslabor.de\/blog\/?p=5558\"><strong><span style=\"color: #000080;\">\u2192 Teil 6\/7<\/span><br \/>\n<\/strong><\/a><\/p>\n<p><span style=\"color: #808080;\">Der abschlie\u00dfende 8. Teil des Essays <em>\u00dcberschwemmt, die Lust am Taumel<\/em> (<\/span><span style=\"color: #000080;\"><strong><a href=\"http:\/\/www.editiondaslabor.de\/blog\/?p=4151\"><span style=\"color: #000080;\">Matrix 28<\/span><\/a><\/strong><\/span><span style=\"color: #808080;\">, S. 17 \u2013 34) folgt morgen.<\/span><\/p>\n<p style=\"text-align: justify;\"><span style=\"color: #000000;\"><span style=\"color: #808080;\">Die in den Text eingef\u00fcgten Bilder stammen von der in Wien lebenden K\u00fcnstlerin Linde Waber und sind ebenfalls in<\/span> <span style=\"color: #000080;\"><a href=\"http:\/\/www.pop-verlag.com\/edition-matrix\/index.htm\"><span style=\"color: #000080;\"><strong>Matrix 28<\/strong><\/span><\/a><\/span> <span style=\"color: #808080;\">zu finden:<\/span> <\/span><\/p>\n<p style=\"text-align: justify;\"><span style=\"color: #808080;\"><em>Postkarte Nr. 2 \u2219 Collage mit FM-Zettel <\/em><\/span><\/p>\n<p style=\"text-align: justify;\"><span style=\"color: #808080;\"><em>1 Sackerl Poesie von F. f\u00fcr Linde<br \/>\n<\/em><\/span><\/p>\n<p style=\"text-align: justify;\"><span style=\"color: #000000;\"><em><span style=\"color: #808080;\">Postkarte Nr. 1 \u2219 Collage mit FM<\/span><br \/>\n<\/em><\/span><\/p>\n<p style=\"text-align: justify;\">\n<p style=\"text-align: justify;\"><strong>Weiterf\u00fchrend<\/strong> <strong>\u2192<\/strong> Ein Essay \u00fcber den <a href=\"http:\/\/www.editiondaslabor.de\/blog\/2013\/12\/26\/lauschender-leser-und-redender-schreiber-2\/\">Lyrikvermittler<\/a> Theo Breuer.<\/p>\n<div id=\"attachment_44595\" style=\"width: 310px\" class=\"wp-caption alignleft\"><img loading=\"lazy\" decoding=\"async\" aria-describedby=\"caption-attachment-44595\" class=\"wp-image-44595 size-medium\" src=\"http:\/\/www.editiondaslabor.de\/blog\/wp-content\/uploads\/2017\/09\/der-lyrik-eine-bresche-fuer-ein-gedicht-je-ausgabe-einer-zeitung_1505748323-1-300x200.jpg\" alt=\"\" width=\"300\" height=\"200\" srcset=\"http:\/\/www.editiondaslabor.de\/blog\/wp-content\/uploads\/2017\/09\/der-lyrik-eine-bresche-fuer-ein-gedicht-je-ausgabe-einer-zeitung_1505748323-1-300x200.jpg 300w, http:\/\/www.editiondaslabor.de\/blog\/wp-content\/uploads\/2017\/09\/der-lyrik-eine-bresche-fuer-ein-gedicht-je-ausgabe-einer-zeitung_1505748323-1.jpg 450w\" sizes=\"auto, (max-width: 300px) 100vw, 300px\" \/><p id=\"caption-attachment-44595\" class=\"wp-caption-text\">Poesie z\u00e4hlt f\u00fcr KUNO zu den identit\u00e4ts- und identifikationstiftenden Elementen der Kultur<\/p><\/div>\n<p style=\"text-align: justify;\"><strong>\u2192<\/strong> Poesie z\u00e4hlt f\u00fcr KUNO zu den identit\u00e4ts- und identifikationstiftenden Elementen einer Kultur, dies bezeugt der Versuch einer <a href=\"http:\/\/www.editiondaslabor.de\/blog\/?p=25630\">poetologischen Positionsbestimmung<\/a>. Um den Widerstand gegen die gepolsterte Gegenwartslyrik ein wenig anzufachen schickte <span data-offset-key=\"d96ve-1-0\">Wolfgang Schlott<\/span><span data-offset-key=\"d96ve-2-0\"> dieses\u00a0 post-dadaistische <a href=\"http:\/\/www.editiondaslabor.de\/blog\/2016\/02\/03\/handwerkliche-anleitungen-zur-ueberwindung-von-schreibblockaden\/\">Manifest<\/a>. Warum<\/span> Lyrik wieder in die Zeitungen geh\u00f6rt <a href=\"http:\/\/www.editiondaslabor.de\/blog\/2017\/10\/07\/der-dichtung-eine-bresche-schlagen\/\">begr\u00fcndete<\/a> Walther Stonet, diese Forderung hat nichts an Aktualit\u00e4t verloren. Lesen Sie auch Maximilian Zanders <a href=\"http:\/\/www.editiondaslabor.de\/blog\/?p=5418\">Essay <\/a>\u00fcber Lyrik und ein R\u00fcckblick auf den <a href=\"http:\/\/www.editiondaslabor.de\/blog\/2014\/01\/08\/lyrik-katalog-bundesrepublik\/\"><em>Lyrik-Katalog Bundesrepublik<\/em><\/a>. KUNO sch\u00e4tzt den minuti\u00f6sen Selbstinszenierungsprozess des lyrischen Dichter-Ichs von Ulrich Bergmann in der Reihe <a href=\"http:\/\/www.editiondaslabor.de\/blog\/?p=27947\">Keine Bojen auf hoher See, nur Sterne \u2026 und Schwerkraft. Gedanken \u00fcber das lyrische Schreiben<\/a>. Lesen Sie ein <a href=\"http:\/\/www.editiondaslabor.de\/blog\/?p=22835\">Portr\u00e4t <\/a>\u00fcber die interdisziplin\u00e4re T\u00e4tigkeit von Angelika Janz, sowie einen <a href=\"http:\/\/www.editiondaslabor.de\/blog\/?p=29450\">Essay<\/a> der <em>Fragmenttexterin.<\/em> Ein Portr\u00e4t von Sophie Reyer findet sich\u00a0<a href=\"http:\/\/www.editiondaslabor.de\/blog\/2013\/10\/08\/von-sappho-zu-sophie\/\">hier<\/a>, ein Essay fasst das transmediale Projekt<em> &#8222;<a href=\"http:\/\/www.editiondaslabor.de\/blog\/2021\/04\/14\/bi-textualitaet\/\">Wortspielhalle<\/a>&#8220; <\/em>zusammen<em>. <\/em>Auf KUNO lesen Sie u.a. Rezensionsessays von <a href=\"http:\/\/www.editiondaslabor.de\/blog\/2015\/06\/17\/beschwoerungszauber\/\">Holger Benkel<\/a> \u00fcber <a href=\"http:\/\/www.editiondaslabor.de\/blog\/?p=15175\">Andr\u00e9 Schinkel<\/a>, <a href=\"http:\/\/www.editiondaslabor.de\/blog\/2017\/11\/12\/mit-deutschen-untertiteln\/\">Ralph Pordzik<\/a>,\u00a0<a href=\"http:\/\/www.editiondaslabor.de\/blog\/2018\/12\/20\/wohnraeume-der-poesie\/\">Friederike Mayr\u00f6cker<\/a>, <a href=\"http:\/\/www.editiondaslabor.de\/blog\/2017\/03\/19\/welten-gegenwelten\/\">Werner Weimar-Mazur<\/a>, <a href=\"http:\/\/www.editiondaslabor.de\/blog\/2019\/06\/26\/wohnraeume-der-poesie-2\/\">Peter Engstler<\/a>, <a href=\"http:\/\/www.editiondaslabor.de\/blog\/?p=15177\">Birgitt Lieberwirth<\/a>, <a href=\"http:\/\/www.editiondaslabor.de\/blog\/2019\/08\/17\/der-grill-auf-der-hauswiese-der-welt\/\">Linda Vilhj\u00e1lmsd\u00f3ttir<\/a>, und <a href=\"http:\/\/www.editiondaslabor.de\/blog\/2017\/09\/17\/rettungsversuche-der-literatur-im-digitalen-raum\/\">A.J. Weigoni<\/a>. Lesenswert auch die <a href=\"http:\/\/www.editiondaslabor.de\/blog\/2020\/05\/16\/verseschmied-und-lyrikfischer\/\">Gratulation<\/a> von Axel Kutsch durch Markus Peters zum 75. Geburtstag. Nicht zu vergessen eine Empfehlung der kristallklaren Lyrik von <a href=\"http:\/\/www.editiondaslabor.de\/blog\/2020\/01\/19\/die-lyrikerin-ines-hagemeyer\/\">Ines Hagemeyer<\/a>. Diese Betrachtungen versammeln sich in der Tradition von <a href=\"http:\/\/www.editiondaslabor.de\/blog\/2000\/04\/04\/vauo\/\">V.O. Stomps<\/a>, dem Klassiker des Andersseins, dem <a href=\"http:\/\/www.editiondaslabor.de\/blog\/2005\/09\/24\/erinnerungen\/\">Bottroper Literaturrocker<\/a> &#8222;Biby&#8220; Wintjes und Hadayatullah H\u00fcbsch, dem Urvater des <a href=\"http:\/\/www.editiondaslabor.de\/blog\/1995\/06\/30\/wie-was-social-beat-ist-und-warum-und-warum-nicht\/\"><em>Social-Beat<\/em><\/a>, im KUNO-Online-Archiv. Wir empfehlen f\u00fcr Neulinge als Einstieg in das weite Feld der nonkonformistischen Literatur <a href=\"http:\/\/www.editiondaslabor.de\/blog\/2001\/04\/01\/nonkonformistische-literatur\/\">diesem Hinweis<\/a> zu folgen.<\/p>\n","protected":false},"excerpt":{"rendered":"<p>Die Bl\u00e4tter auf meinem Arbeitstisch flogen in die Luft Friederike Mayr\u00f6cker 11 \u00b7 ich bin manisch Total \u00b7 total \u00b7 total wie fast immer \u2013 \u00bbWas vom t\u00e4glichen Leben und Lesen \/ in die Falten des Gro\u00dfhirns \/ sickert\u00ab, setzt&hellip;<\/p>\n<p class=\"more-link-p\"><a class=\"more-link\" href=\"http:\/\/www.editiondaslabor.de\/blog\/2012\/06\/21\/uberschwemmt-die-lust-am-taumel-%e2%80%a2-im-atmenden-alphabet-fur-friederike-mayrocker-%e2%80%a2-1-teil\/\">Read more &rarr;<\/a><\/p>\n","protected":false},"author":9,"featured_media":85882,"comment_status":"open","ping_status":"open","sticky":false,"template":"","format":"standard","meta":{"footnotes":""},"categories":[1],"tags":[494,143,258,262,504,173,304,237,336,84,231],"class_list":["post-5440","post","type-post","status-publish","format-standard","has-post-thumbnail","hentry","category-literatur","tag-franz-kafka","tag-friederike-mayrocker","tag-hans-bender","tag-ingrid-fichtner","tag-linde-waber","tag-maximilian-zander","tag-mikael-vogel","tag-nikolai-vogel","tag-susanne-eules","tag-theo-breuer","tag-w-g-sebald"],"_links":{"self":[{"href":"http:\/\/www.editiondaslabor.de\/blog\/wp-json\/wp\/v2\/posts\/5440","targetHints":{"allow":["GET"]}}],"collection":[{"href":"http:\/\/www.editiondaslabor.de\/blog\/wp-json\/wp\/v2\/posts"}],"about":[{"href":"http:\/\/www.editiondaslabor.de\/blog\/wp-json\/wp\/v2\/types\/post"}],"author":[{"embeddable":true,"href":"http:\/\/www.editiondaslabor.de\/blog\/wp-json\/wp\/v2\/users\/9"}],"replies":[{"embeddable":true,"href":"http:\/\/www.editiondaslabor.de\/blog\/wp-json\/wp\/v2\/comments?post=5440"}],"version-history":[{"count":0,"href":"http:\/\/www.editiondaslabor.de\/blog\/wp-json\/wp\/v2\/posts\/5440\/revisions"}],"wp:featuredmedia":[{"embeddable":true,"href":"http:\/\/www.editiondaslabor.de\/blog\/wp-json\/"}],"wp:attachment":[{"href":"http:\/\/www.editiondaslabor.de\/blog\/wp-json\/wp\/v2\/media?parent=5440"}],"wp:term":[{"taxonomy":"category","embeddable":true,"href":"http:\/\/www.editiondaslabor.de\/blog\/wp-json\/wp\/v2\/categories?post=5440"},{"taxonomy":"post_tag","embeddable":true,"href":"http:\/\/www.editiondaslabor.de\/blog\/wp-json\/wp\/v2\/tags?post=5440"}],"curies":[{"name":"wp","href":"https:\/\/api.w.org\/{rel}","templated":true}]}}